{"id":18060,"date":"2026-03-03T18:24:04","date_gmt":"2026-03-03T18:24:04","guid":{"rendered":"https:\/\/verdadincomodadiario.ar\/?p=18060"},"modified":"2026-03-03T18:24:04","modified_gmt":"2026-03-03T18:24:04","slug":"emiratos-arabes-unidos-considera-unirse-a-eeuu-e-israel-y-atacar-bases-de-misiles-iranies","status":"publish","type":"post","link":"https:\/\/verdadincomodadiario.ar\/?p=18060","title":{"rendered":"Emiratos \u00c1rabes Unidos considera unirse a EEUU e Israel y atacar bases de misiles iran\u00edes"},"content":{"rendered":"<p>Se tratar\u00eda de acciones para frenar los ataques con misiles y drones lanzados desde territorio iran\u00ed contra su pa\u00eds<\/p>\n","protected":false},"excerpt":{"rendered":"<p>Se tratar\u00eda de acciones para frenar los ataques con misiles y drones lanzados desde territorio iran\u00ed contra su pa\u00eds<\/p>\n","protected":false},"author":2,"featured_media":18061,"comment_status":"open","ping_status":"open","sticky":false,"template":"","format":"standard","meta":{"_et_pb_use_builder":"","_et_pb_old_content":"","_et_gb_content_width":"","footnotes":""},"categories":[1165,79,843],"tags":[],"class_list":["post-18060","post","type-post","status-publish","format-standard","has-post-thumbnail","hentry","category-emiratos","category-internacionales","category-rabes"],"_links":{"self":[{"href":"https:\/\/verdadincomodadiario.ar\/index.php?rest_route=\/wp\/v2\/posts\/18060","targetHints":{"allow":["GET"]}}],"collection":[{"href":"https:\/\/verdadincomodadiario.ar\/index.php?rest_route=\/wp\/v2\/posts"}],"about":[{"href":"https:\/\/verdadincomodadiario.ar\/index.php?rest_route=\/wp\/v2\/types\/post"}],"author":[{"embeddable":true,"href":"https:\/\/verdadincomodadiario.ar\/index.php?rest_route=\/wp\/v2\/users\/2"}],"replies":[{"embeddable":true,"href":"https:\/\/verdadincomodadiario.ar\/index.php?rest_route=%2Fwp%2Fv2%2Fcomments&post=18060"}],"version-history":[{"count":0,"href":"https:\/\/verdadincomodadiario.ar\/index.php?rest_route=\/wp\/v2\/posts\/18060\/revisions"}],"wp:featuredmedia":[{"embeddable":true,"href":"https:\/\/verdadincomodadiario.ar\/index.php?rest_route=\/wp\/v2\/media\/18061"}],"wp:attachment":[{"href":"https:\/\/verdadincomodadiario.ar\/index.php?rest_route=%2Fwp%2Fv2%2Fmedia&parent=18060"}],"wp:term":[{"taxonomy":"category","embeddable":true,"href":"https:\/\/verdadincomodadiario.ar\/index.php?rest_route=%2Fwp%2Fv2%2Fcategories&post=18060"},{"taxonomy":"post_tag","embeddable":true,"href":"https:\/\/verdadincomodadiario.ar\/index.php?rest_route=%2Fwp%2Fv2%2Ftags&post=18060"}],"curies":[{"name":"wp","href":"https:\/\/api.w.org\/{rel}","templated":true}]}}