{"id":1773,"date":"2025-04-10T20:13:22","date_gmt":"2025-04-10T20:13:22","guid":{"rendered":"https:\/\/verdadincomodadiario.ar\/?p=1773"},"modified":"2025-04-10T20:13:22","modified_gmt":"2025-04-10T20:13:22","slug":"scott-bessent-visitara-argentina-para-respaldar-las-reformas-economicas-de-milei","status":"publish","type":"post","link":"https:\/\/verdadincomodadiario.ar\/?p=1773","title":{"rendered":"Scott Bessent visitar\u00e1 Argentina para respaldar las reformas econ\u00f3micas de Milei"},"content":{"rendered":"<p>El secretario del Tesoro de los Estados Unidos, <strong><a href=\"https:\/\/derechadiario.com.ar\/politica\/trump-nombro-como-ministro-economia-scott-bessent-que-busca-reducir-deficit\" title=\"Trump nombr\u00f3 como ministro de Econom\u00eda a Scott Bessent, que busca reducir el d\u00e9ficit\">Scott K.H. Bessent<\/a>, arribar\u00e1 a Buenos Aires el pr\u00f3ximo 14 de abril, en una visita de alto perfil cuyo prop\u00f3sito es reafirmar el apoyo del gobierno de <a href=\"https:\/\/derechadiario.com.ar\/internacionales\/trump-le-aplico-aranceles-125-china-y-suspendio-su-aplicacion-al-resto-del-mundo\" title=\"Trump le aplic\u00f3 aranceles de 125% a China y suspendi\u00f3 su aplicaci\u00f3n al resto del mundo\">Donald Trump<\/a> a las reformas econ\u00f3micas impulsadas por el presidente Javier Milei.<\/strong> La llegada del funcionario se da en un momento clave, cuando se negocia un \u00a0<strong>nuevo paquete de asistencia del FMI por USD 20.000 millones.<\/strong><\/p>\n<p>Durante su estad\u00eda en el pa\u00eds, <strong>Bessent mantendr\u00e1 reuniones con Milei, con el ministro de Econom\u00eda, Luis Caputo, y con miembros del equipo econ\u00f3mico.<\/strong> Tambi\u00e9n tiene previsto encontrarse con empresarios locales, en una agenda que buscar\u00e1 <strong>reforzar los lazos econ\u00f3micos bilaterales y abrir canales de cooperaci\u00f3n financiera.<\/strong><\/p>\n<p><strong>\u201cGracias al liderazgo decidido del presidente Javier Milei, la relaci\u00f3n entre los Estados Unidos y la Argentina es m\u00e1s fuerte que nunca\u201d<\/strong>, expres\u00f3 Bessent en un comunicado oficial difundido por el Departamento del Tesoro.<\/p>\n<h2><strong>Respaldo a la agenda de reformas<\/strong><\/h2>\n<div class=\"inter_image image_horizontal\">\n<picture><source class=\"img-responsive\" type=\"image\/webp\" data-srcset=\"\/filesedc\/uploads\/image\/post\/screenshot-2025-04-10-101102_300_200.webp 300w, \n\/filesedc\/uploads\/image\/post\/screenshot-2025-04-10-101102_630_420.webp 630w,\n                                \/filesedc\/uploads\/image\/post\/screenshot-2025-04-10-101102_760_507.webp 760w,\n                                \/filesedc\/uploads\/image\/post\/screenshot-2025-04-10-101102_1200_800.webp 1200w,\n                                \/filesedc\/uploads\/image\/post\/screenshot-2025-04-10-101102_1600_1067.webp 1600w\"><img decoding=\"async\" src=\"https:\/\/derechadiario.com.ar\/filesedc\/uploads\/image\/post\/screenshot-2025-04-10-101102_1200_800.webp\" class=\"img-responsive lazyload\" alt=\"Un hombre con gafas frente a banderas de fondo.\" title=\"Un hombre con gafas frente a banderas de fondo.\"><\/picture>\n<div>\n<span class=\"img_footer\">Scott Bessent visitar\u00e1 Argentina para respaldar las reformas econ\u00f3micas de Milei <\/span>| <span class=\"img_author\">La Derecha Diario<\/span>\n<\/div>\n<\/div>\n<p>Desde Washington, <strong>se se\u00f1al\u00f3 que la visita apunta a brindar un respaldo expl\u00edcito al programa econ\u00f3mico de la administraci\u00f3n Milei<\/strong>, destacando la voluntad del gobierno argentino de pasar \u201ca la acci\u00f3n antes que a las palabras\u201d para encarar la crisis macroecon\u00f3mica.<\/p>\n<aside class=\"are-you-interested-container-photo\"><\/aside>\n<p>Caputo, por su parte, agradeci\u00f3 p\u00fablicamente la visita del secretario a trav\u00e9s de su cuenta de X, resaltando su importancia en el contexto actual. Seg\u00fan fuentes oficiales, <strong>entre los temas a tratar figuran la estabilidad fiscal, la inversi\u00f3n extranjera y la cooperaci\u00f3n financiera entre ambos pa\u00edses.<\/strong><\/p>\n<h2><strong>Un contexto de apoyo y transformaci\u00f3n<\/strong><\/h2>\n<p><strong>La visita se enmarca en una gira regional de funcionarios norteamericanos con el objetivo de afianzar v\u00ednculos estrat\u00e9gicos en Am\u00e9rica Latina.<\/strong>\u00a0 En ese sentido, la elecci\u00f3n de la Argentina refleja el inter\u00e9s de Washington por apoyar las transformaciones estructurales que Milei viene implementando desde diciembre.<\/p>\n<p>Las medidas del gobierno argentino, centradas en el ajuste fiscal, la desregulaci\u00f3n econ\u00f3mica y la reducci\u00f3n del d\u00e9ficit, han generado opiniones encontradas en el plano interno, pero han sido bien recibidas por sectores internacionales, incluidos \u00a0<strong>el Tesoro estadounidense y organismos multilaterales.<\/strong><\/p>\n<figure><img decoding=\"async\" src=\"https:\/\/derechadiario.com.ar\/filesedc\/uploads\/image\/post\/screenshot-2025-04-10-101053_1200_800.webp\" class=\"img-responsive lazyload\" alt=\"Dos personas d\u00e1ndose la mano en una reuni\u00f3n formal con banderas de Argentina y Estados Unidos de fondo.\" title=\"Dos personas d\u00e1ndose la mano en una reuni\u00f3n formal con banderas de Argentina y Estados Unidos de fondo.\"><\/figure>\n<h2><strong>Reuniones con el sector privado y posible cooperaci\u00f3n t\u00e9cnica<\/strong><\/h2>\n<p>Aunque el cronograma detallado no fue difundido, <strong>se espera que Bessent participe de encuentros con referentes de sectores como energ\u00eda, finanzas y tecnolog\u00eda<\/strong>, as\u00ed como en foros empresariales organizados por c\u00e1maras locales. Tambi\u00e9n se abordar\u00e1n posibles nuevas l\u00edneas de cr\u00e9dito, asistencia t\u00e9cnica y mecanismos que faciliten el comercio bilateral.<\/p>\n<aside class=\"whatsappChannelText\"><a href=\"https:\/\/whatsapp.com\/channel\/0029VagEjILGE56eKjedWF2U\" rel=\"nofollow\" title=\"WhatsApp Link\"><img alt=\"Logo de WhatsApp\" class=\"lazyload\" data-src=\"https:\/\/derechadiario.com.ar\/filesedc\/uploads\/other\/whatsapp_icon_mid_article.png\" width=\"32\" height=\"32\"><\/a> <a href=\"https:\/\/whatsapp.com\/channel\/0029VagEjILGE56eKjedWF2U\" rel=\"nofollow\" title=\"WhatsApp Link\"><strong>NO SE PIERDAN NINGUNA NOTICIA<\/strong>: Click aqu\u00ed para sumarte <strong>GRATIS<\/strong> al canal de noticias de <strong>La Derecha Diario en WhatsApp.<\/strong><\/a><\/aside>\n<p><strong>El anuncio de la visita fue realizado el 10 de abril por el Departamento del Tesoro<\/strong>, que dej\u00f3 en claro que el objetivo de la misi\u00f3n es consolidar una relaci\u00f3n estrecha con el actual gobierno argentino, en un contexto de transformaciones pol\u00edticas y econ\u00f3micas profundas.<\/p>\n","protected":false},"excerpt":{"rendered":"<p>El secretario del Tesoro de los Estados Unidos, Scott K.H. Bessent, arribar\u00e1 a Buenos Aires el pr\u00f3ximo 14 de abril, en una visita de alto perfil cuyo prop\u00f3sito es reafirmar el apoyo del gobierno de Donald Trump a las reformas econ\u00f3micas impulsadas por el presidente Javier Milei. La llegada del funcionario se da en un [&hellip;]<\/p>\n","protected":false},"author":2,"featured_media":1774,"comment_status":"open","ping_status":"open","sticky":false,"template":"","format":"standard","meta":{"_et_pb_use_builder":"","_et_pb_old_content":"","_et_gb_content_width":"","footnotes":""},"categories":[80],"tags":[],"class_list":["post-1773","post","type-post","status-publish","format-standard","has-post-thumbnail","hentry","category-economia-2"],"_links":{"self":[{"href":"https:\/\/verdadincomodadiario.ar\/index.php?rest_route=\/wp\/v2\/posts\/1773","targetHints":{"allow":["GET"]}}],"collection":[{"href":"https:\/\/verdadincomodadiario.ar\/index.php?rest_route=\/wp\/v2\/posts"}],"about":[{"href":"https:\/\/verdadincomodadiario.ar\/index.php?rest_route=\/wp\/v2\/types\/post"}],"author":[{"embeddable":true,"href":"https:\/\/verdadincomodadiario.ar\/index.php?rest_route=\/wp\/v2\/users\/2"}],"replies":[{"embeddable":true,"href":"https:\/\/verdadincomodadiario.ar\/index.php?rest_route=%2Fwp%2Fv2%2Fcomments&post=1773"}],"version-history":[{"count":0,"href":"https:\/\/verdadincomodadiario.ar\/index.php?rest_route=\/wp\/v2\/posts\/1773\/revisions"}],"wp:featuredmedia":[{"embeddable":true,"href":"https:\/\/verdadincomodadiario.ar\/index.php?rest_route=\/wp\/v2\/media\/1774"}],"wp:attachment":[{"href":"https:\/\/verdadincomodadiario.ar\/index.php?rest_route=%2Fwp%2Fv2%2Fmedia&parent=1773"}],"wp:term":[{"taxonomy":"category","embeddable":true,"href":"https:\/\/verdadincomodadiario.ar\/index.php?rest_route=%2Fwp%2Fv2%2Fcategories&post=1773"},{"taxonomy":"post_tag","embeddable":true,"href":"https:\/\/verdadincomodadiario.ar\/index.php?rest_route=%2Fwp%2Fv2%2Ftags&post=1773"}],"curies":[{"name":"wp","href":"https:\/\/api.w.org\/{rel}","templated":true}]}}