{"id":1771,"date":"2025-04-10T20:13:23","date_gmt":"2025-04-10T20:13:23","guid":{"rendered":"https:\/\/verdadincomodadiario.ar\/?p=1771"},"modified":"2025-04-10T20:13:23","modified_gmt":"2025-04-10T20:13:23","slug":"eeuu-lanzo-una-mision-comercial-para-impulsar-inversiones-y-lazos-con-argentina","status":"publish","type":"post","link":"https:\/\/verdadincomodadiario.ar\/?p=1771","title":{"rendered":"EEUU lanz\u00f3 una misi\u00f3n comercial para impulsar inversiones y lazos con Argentina"},"content":{"rendered":"<p>Una delegaci\u00f3n de <strong>15 empresas estadounidenses<\/strong> lleg\u00f3 a la <a href=\"https:\/\/derechadiario.com.ar\/economia\/mercado-libre-invertira-us2600-millones-argentina-y-sumara-2000-empleos-2025\" target=\"_blank\" title=\"Mercado Libre invertir\u00e1 US$2600 millones en Argentina y sumar\u00e1 2000 empleos en 2025\">Argentina<\/a> en el marco de una misi\u00f3n comercial organizada por el Departamento de Comercio de Estados Unidos, con el objetivo de <strong>fortalecer los v\u00ednculos econ\u00f3micos bilaterales<\/strong> y explorar <strong>nuevas oportunidades de inversi\u00f3n<\/strong> y <strong>cooperaci\u00f3n estrat\u00e9gica<\/strong>.<\/p>\n<p>La visita, que se extiende del 9 al 11 de abril, refleja el renovado <strong>inter\u00e9s del sector privado estadounidense<\/strong> por el <strong>mercado argentino<\/strong>, impulsado por las reformas econ\u00f3micas del Gobierno de <a href=\"https:\/\/derechadiario.com.ar\/economia\/scott-bessent-visitara-argentina-para-respaldar-las-reformas-economicas-milei\" target=\"_blank\" title=\"Scott Bessent visitar\u00e1 Argentina para respaldar las reformas econ\u00f3micas de Milei\"><strong>Javier Milei<\/strong><\/a>.<\/p>\n<p><strong>Eric Olson<\/strong>, Consejero Comercial de la Embajada de EE.UU. en Argentina, destac\u00f3 que esta misi\u00f3n representa una apuesta concreta por profundizar las asociaciones entre ambos pa\u00edses.<\/p>\n<div class=\"inter_image image_horizontal\">\n<picture><source class=\"img-responsive\" type=\"image\/webp\" data-srcset=\"\/filesedc\/uploads\/image\/post\/imagen-de-whatsapp-2025-02-22-a-las-192453-57c3480e_300_200.webp 300w, \n\/filesedc\/uploads\/image\/post\/imagen-de-whatsapp-2025-02-22-a-las-192453-57c3480e_630_420.webp 630w,\n                                \/filesedc\/uploads\/image\/post\/imagen-de-whatsapp-2025-02-22-a-las-192453-57c3480e_760_507.webp 760w,\n                                \/filesedc\/uploads\/image\/post\/imagen-de-whatsapp-2025-02-22-a-las-192453-57c3480e_1200_800.webp 1200w,\n                                \/filesedc\/uploads\/image\/post\/imagen-de-whatsapp-2025-02-22-a-las-192453-57c3480e_1600_1067.webp 1600w\"><img decoding=\"async\" src=\"https:\/\/derechadiario.com.ar\/filesedc\/uploads\/image\/post\/imagen-de-whatsapp-2025-02-22-a-las-192453-57c3480e_1200_800.webp\" class=\"img-responsive lazyload\" alt=\"Dos hombres de traje sonr\u00eden y levantan los pulgares frente a banderas de Estados Unidos y Argentina.\" title=\"Dos hombres de traje sonr\u00eden y levantan los pulgares frente a banderas de Estados Unidos y Argentina.\"><\/picture>\n<div>\n<span class=\"img_footer\">Javier Milei y Donald Trump. <\/span>| <span class=\"img_author\">La Derecha Diario<\/span>\n<\/div>\n<\/div>\n<p>&#8220;<strong>Nos entusiasma construir nuevas asociaciones. Las compa\u00f1\u00edas de Estados Unidos est\u00e1n viendo con atenci\u00f3n el potencial que se abre en la Argentina y quieren ser parte del crecimiento econ\u00f3mico conjunto<\/strong>&#8220;, expres\u00f3.<\/p>\n<aside class=\"are-you-interested-container-photo\"><\/aside>\n<p>Argentina, como tercera econom\u00eda de Am\u00e9rica del Sur, representa un <strong>mercado clave<\/strong> para Estados Unidos. En 2024, el intercambio comercial entre ambas naciones <strong>super\u00f3 los 27 mil millones de d\u00f3lares<\/strong>, y EE.UU. contin\u00faa siendo la <strong>principal fuente de inversi\u00f3n extranjera directa<\/strong> en el pa\u00eds, con <strong>m\u00e1s de 300 empresas<\/strong> operando en distintos sectores, muchas de ellas con una presencia de m\u00e1s de un siglo.<\/p>\n<p>La misi\u00f3n comercial incluye firmas de <strong>sectores estrat\u00e9gicos<\/strong> como miner\u00eda, energ\u00eda, salud, tecnolog\u00edas de la informaci\u00f3n y seguridad. Estas empresas participar\u00e1n en <strong>m\u00e1s de 70 reuniones<\/strong> de vinculaci\u00f3n empresarial organizadas por el Departamento de Comercio y la Embajada en Buenos Aires. El objetivo es generar <strong>conexiones con posibles socios<\/strong>, <strong>compradores<\/strong> y <strong>actores clave<\/strong> del \u00e1mbito industrial argentino.<\/p>\n<aside class=\"whatsappChannelText\"><a href=\"https:\/\/whatsapp.com\/channel\/0029VagEjILGE56eKjedWF2U\" rel=\"nofollow\" title=\"WhatsApp Link\"><img alt=\"Logo de WhatsApp\" class=\"lazyload\" data-src=\"https:\/\/derechadiario.com.ar\/filesedc\/uploads\/other\/whatsapp_icon_mid_article.png\" width=\"32\" height=\"32\"><\/a> <a href=\"https:\/\/whatsapp.com\/channel\/0029VagEjILGE56eKjedWF2U\" rel=\"nofollow\" title=\"WhatsApp Link\"><strong>NO SE PIERDAN NINGUNA NOTICIA<\/strong>: Click aqu\u00ed para sumarte <strong>GRATIS<\/strong> al canal de noticias de <strong>La Derecha Diario en WhatsApp.<\/strong><\/a><\/aside>\n<p>Olson subray\u00f3 que casi el 90% de las exportaciones de bienes estadounidenses a Argentina consisten en <strong>insumos para la industria y la agricultura<\/strong>, lo que contribuye directamente a <strong>mejorar la competitividad<\/strong> y <strong>productividad local<\/strong>.<\/p>\n<figure><img decoding=\"async\" src=\"https:\/\/derechadiario.com.ar\/filesedc\/uploads\/image\/post\/social-foto-principal-milei-y-trump_1200_800.webp\" class=\"img-responsive lazyload\" alt=\"Dos hombres en traje frente a las banderas de Estados Unidos y Argentina.\" title=\"Dos hombres en traje frente a las banderas de Estados Unidos y Argentina.\"><\/figure>\n<p>Adem\u00e1s, remarc\u00f3 el <strong>alto valor<\/strong> que las compa\u00f1\u00edas estadounidenses otorgan al <strong>capital humano argentino<\/strong>, as\u00ed como al creciente inter\u00e9s de los consumidores por productos y servicios de alta calidad.<\/p>\n<p>Durante la misi\u00f3n, tambi\u00e9n se celebrar\u00e1n encuentros entre funcionarios del Departamento de Comercio y autoridades del gobierno argentino, con la intenci\u00f3n de consolidar una relaci\u00f3n comercial de largo plazo. En paralelo, ya se prepara la participaci\u00f3n de una delegaci\u00f3n argentina en la Cumbre de Inversiones SelectUSA, que se realizar\u00e1 en Washington DC entre el 11 y el 14 de mayo.<\/p>\n<p>&#8220;<strong>Esta misi\u00f3n comercial es un win-win para ambas naciones. A medida que seguimos fortaleciendo nuestra relaci\u00f3n econ\u00f3mica y estrat\u00e9gica, las empresas de EE.UU. est\u00e1n listas para asociarse con las argentinas para impulsar el crecimiento econ\u00f3mico mutuo<\/strong>&#8220;, concluy\u00f3 Olson.<\/p>\n","protected":false},"excerpt":{"rendered":"<p>Una delegaci\u00f3n de 15 empresas estadounidenses lleg\u00f3 a la Argentina en el marco de una misi\u00f3n comercial organizada por el Departamento de Comercio de Estados Unidos, con el objetivo de fortalecer los v\u00ednculos econ\u00f3micos bilaterales y explorar nuevas oportunidades de inversi\u00f3n y cooperaci\u00f3n estrat\u00e9gica. La visita, que se extiende del 9 al 11 de abril, [&hellip;]<\/p>\n","protected":false},"author":2,"featured_media":1772,"comment_status":"open","ping_status":"open","sticky":false,"template":"","format":"standard","meta":{"_et_pb_use_builder":"","_et_pb_old_content":"","_et_gb_content_width":"","footnotes":""},"categories":[80],"tags":[],"class_list":["post-1771","post","type-post","status-publish","format-standard","has-post-thumbnail","hentry","category-economia-2"],"_links":{"self":[{"href":"https:\/\/verdadincomodadiario.ar\/index.php?rest_route=\/wp\/v2\/posts\/1771","targetHints":{"allow":["GET"]}}],"collection":[{"href":"https:\/\/verdadincomodadiario.ar\/index.php?rest_route=\/wp\/v2\/posts"}],"about":[{"href":"https:\/\/verdadincomodadiario.ar\/index.php?rest_route=\/wp\/v2\/types\/post"}],"author":[{"embeddable":true,"href":"https:\/\/verdadincomodadiario.ar\/index.php?rest_route=\/wp\/v2\/users\/2"}],"replies":[{"embeddable":true,"href":"https:\/\/verdadincomodadiario.ar\/index.php?rest_route=%2Fwp%2Fv2%2Fcomments&post=1771"}],"version-history":[{"count":0,"href":"https:\/\/verdadincomodadiario.ar\/index.php?rest_route=\/wp\/v2\/posts\/1771\/revisions"}],"wp:featuredmedia":[{"embeddable":true,"href":"https:\/\/verdadincomodadiario.ar\/index.php?rest_route=\/wp\/v2\/media\/1772"}],"wp:attachment":[{"href":"https:\/\/verdadincomodadiario.ar\/index.php?rest_route=%2Fwp%2Fv2%2Fmedia&parent=1771"}],"wp:term":[{"taxonomy":"category","embeddable":true,"href":"https:\/\/verdadincomodadiario.ar\/index.php?rest_route=%2Fwp%2Fv2%2Fcategories&post=1771"},{"taxonomy":"post_tag","embeddable":true,"href":"https:\/\/verdadincomodadiario.ar\/index.php?rest_route=%2Fwp%2Fv2%2Ftags&post=1771"}],"curies":[{"name":"wp","href":"https:\/\/api.w.org\/{rel}","templated":true}]}}