{"id":1687,"date":"2025-04-10T12:55:28","date_gmt":"2025-04-10T12:55:28","guid":{"rendered":"https:\/\/www.verdadincomodadiario.ar\/?p=1687"},"modified":"2025-04-10T12:55:28","modified_gmt":"2025-04-10T12:55:28","slug":"no-pasa-nada-se-desinfla-el-lunes-negro-y-la-bolsa-de-eeuu-cierra-con-caidas-del-1","status":"publish","type":"post","link":"https:\/\/verdadincomodadiario.ar\/?p=1687","title":{"rendered":"No pasa nada: se desinfla el &#8216;lunes negro&#8217; y la bolsa de EEUU cierra con ca\u00eddas del 1%"},"content":{"rendered":"<p>Este <strong>lunes 7 de abril de 2025<\/strong>, los mercados financieros de <a href=\"https:\/\/derechadiario.com.ar\/internacionales\/union-europea-le-propuso-donald-trump-eliminar-aranceles-industriales\" title=\"La Uni\u00f3n Europea le propuso a Donald Trump eliminar aranceles industriales\">Estados Unidos<\/a> desafiaron las <strong>sombr\u00edas previsiones de los analistas y cerraron con p\u00e9rdidas moderadas<\/strong>, lejos del colapso anticipado.<\/p>\n<p><strong>El \u00edndice Dow Jones Industrial Average retrocedi\u00f3 un 0,93%, situ\u00e1ndose en 37.958,19 puntos; el S&#038;P 500 disminuy\u00f3 un 0,28%, cerrando en 5.059,86 unidades; mientras que el Nasdaq Composite logr\u00f3 una ligera ganancia del 0,09%, alcanzando los 15.602,44 puntos.\u200b<\/strong><\/p>\n<p><strong>Estas cifras contrastan notablemente con las pronunciadas ca\u00eddas experimentadas en otros mercados internacionales.<\/strong><\/p>\n<p>Las <strong>bolsas asi\u00e1ticas sufrieron p\u00e9rdidas significativas<\/strong>: el \u00edndice Hang Seng de Hong Kong se desplom\u00f3 un 13%, la Bolsa de Tokio cay\u00f3 un 8%, y los mercados de Shangh\u00e1i y Shenzhen retrocedieron un 7,3% y un 9,7% respectivamente. <strong>En Europa, las principales plazas burs\u00e1tiles tambi\u00e9n registraron descensos considerables, reflejando la preocupaci\u00f3n global por las tensiones comerciales.\u200b<\/strong><\/p>\n<aside class=\"are-you-interested-container-photo\"><\/aside>\n<div class=\"inter_image image_horizontal\">\n<picture><source class=\"img-responsive\" type=\"image\/webp\" data-srcset=\"\/filesedc\/uploads\/image\/post\/whatsapp-image-2025-04-07-at-173424_300_200.webp 300w, \n\/filesedc\/uploads\/image\/post\/whatsapp-image-2025-04-07-at-173424_630_420.webp 630w,\n                                \/filesedc\/uploads\/image\/post\/whatsapp-image-2025-04-07-at-173424_760_507.webp 760w,\n                                \/filesedc\/uploads\/image\/post\/whatsapp-image-2025-04-07-at-173424_1200_800.webp 1200w,\n                                \/filesedc\/uploads\/image\/post\/whatsapp-image-2025-04-07-at-173424_1600_1067.webp 1600w\"><img decoding=\"async\" src=\"https:\/\/derechadiario.com.ar\/filesedc\/uploads\/image\/post\/whatsapp-image-2025-04-07-at-173424_1200_800.webp\" class=\"img-responsive lazyload\" alt=\"Gr\u00e1fico del promedio industrial Dow Jones mostrando fluctuaciones a lo largo del d\u00eda con un valor final de 37,965.60, una disminuci\u00f3n de 349.26 puntos, equivalente a un -0.91%.\" title=\"Gr\u00e1fico del promedio industrial Dow Jones mostrando fluctuaciones a lo largo del d\u00eda con un valor final de 37,965.60, una disminuci\u00f3n de 349.26 puntos, equivalente a un -0.91%.\"><\/picture>\n<div>\n<span class=\"img_footer\">No pasa nada: se desinfla el &#8216;lunes negro&#8217; y la bolsa de EEUU cierra con ca\u00eddas del 1% <\/span>| <span class=\"img_author\">La Derecha Diario<\/span>\n<\/div>\n<\/div>\n<h2><strong>Tensiones comerciales por la &#8220;guerra comercial&#8221;<\/strong><\/h2>\n<p><strong>Este comportamiento del mercado estadounidense se produce en un contexto de creciente tensi\u00f3n comercial.<\/strong> El presidente <a href=\"https:\/\/derechadiario.com.ar\/internacionales\/guerra-comercial-cuando-donald-trump-le-propuso-china-acuerdo-comercial\" title=\"Guerra comercial: Cuando Donald Trump le propuso a China un acuerdo comercial\">Donald Trump<\/a> ha intensificado su pol\u00edtica de aranceles rec\u00edprocos, imponiendo un gravamen m\u00ednimo del 10% a todas las importaciones y tasas m\u00e1s elevadas a pa\u00edses con los que <a href=\"https:\/\/derechadiario.com.ar\/internacionales\/dia-que-trump-propuso-eliminar-todos-los-aranceles-y-las-barreras-comerciales\" title=\"El d\u00eda que Trump propuso eliminar todos los aranceles y las barreras comerciales\">Estados Unidos<\/a> mantiene d\u00e9ficits comerciales significativos. Estas medidas, conocidas como <strong>&#8220;aranceles rec\u00edprocos&#8221;, fueron implementadas oficialmente el 2 de abril de 2025, en lo que Trump denomin\u00f3 el &#8220;D\u00eda de la Liberaci\u00f3n&#8221;.<\/strong><\/p>\n<figure><img decoding=\"async\" src=\"https:\/\/derechadiario.com.ar\/filesedc\/uploads\/image\/post\/screenshot-2025-04-07-104002-1744059661179_1200_800.webp\" class=\"img-responsive lazyload\" alt=\"Un hombre de traje oscuro y corbata roja sostiene un cartel que muestra una lista de aranceles rec\u00edprocos de diferentes pa\u00edses, mientras habla frente a un micr\u00f3fono con una bandera de fondo.\" title=\"Un hombre de traje oscuro y corbata roja sostiene un cartel que muestra una lista de aranceles rec\u00edprocos de diferentes pa\u00edses, mientras habla frente a un micr\u00f3fono con una bandera de fondo.\"><\/figure>\n<p>En respuesta, \u00a0<strong>China anunci\u00f3 la imposici\u00f3n de un recargo del 34% a todos los productos estadounidenses, escalando a\u00fan m\u00e1s las tensiones entre ambas naciones.<\/strong> Adem\u00e1s, m\u00e1s de 50 pa\u00edses han iniciado negociaciones con la administraci\u00f3n Trump para eliminar aranceles y barreras comerciales, buscando evitar represalias y fortalecer las relaciones econ\u00f3micas.<\/p>\n<aside class=\"whatsappChannelText\"><a href=\"https:\/\/whatsapp.com\/channel\/0029VagEjILGE56eKjedWF2U\" rel=\"nofollow\" title=\"WhatsApp Link\"><img alt=\"Logo de WhatsApp\" class=\"lazyload\" data-src=\"https:\/\/derechadiario.com.ar\/filesedc\/uploads\/other\/whatsapp_icon_mid_article.png\" width=\"32\" height=\"32\"><\/a> <a href=\"https:\/\/whatsapp.com\/channel\/0029VagEjILGE56eKjedWF2U\" rel=\"nofollow\" title=\"WhatsApp Link\"><strong>NO SE PIERDAN NINGUNA NOTICIA<\/strong>: Click aqu\u00ed para sumarte <strong>GRATIS<\/strong> al canal de noticias de <strong>La Derecha Diario en WhatsApp.<\/strong><\/a><\/aside>\n<h2><strong>Resiliencia del mercado estadounidense<\/strong><\/h2>\n<figure><img decoding=\"async\" src=\"https:\/\/derechadiario.com.ar\/filesedc\/uploads\/image\/post\/screenshot-2025-04-07-103807-1744059621546_1200_800.webp\" class=\"img-responsive lazyload\" alt=\"Dos personas d\u00e1ndose la mano en un evento del Foro Econ\u00f3mico Mundial con banderas de Estados Unidos y la Uni\u00f3n Europea de fondo.\" title=\"Dos personas d\u00e1ndose la mano en un evento del Foro Econ\u00f3mico Mundial con banderas de Estados Unidos y la Uni\u00f3n Europea de fondo.\"><\/figure>\n<p>A pesar de las amenazas de un &#8220;lunes negro&#8221; y de la volatilidad observada en los mercados internacionales, <strong>Wall Street mostr\u00f3 una resiliencia notable. Aunque la jornada comenz\u00f3 con p\u00e9rdidas significativas<\/strong>, los \u00edndices lograron recuperar terreno a lo largo del d\u00eda, sugiriendo que los inversores mantienen cierta confianza en la fortaleza de la econom\u00eda estadounidense.\u200b<\/p>\n","protected":false},"excerpt":{"rendered":"<p>Este lunes 7 de abril de 2025, los mercados financieros de Estados Unidos desafiaron las sombr\u00edas previsiones de los analistas y cerraron con p\u00e9rdidas moderadas, lejos del colapso anticipado. El \u00edndice Dow Jones Industrial Average retrocedi\u00f3 un 0,93%, situ\u00e1ndose en 37.958,19 puntos; el S&#038;P 500 disminuy\u00f3 un 0,28%, cerrando en 5.059,86 unidades; mientras que el [&hellip;]<\/p>\n","protected":false},"author":2,"featured_media":1688,"comment_status":"open","ping_status":"open","sticky":false,"template":"","format":"standard","meta":{"_et_pb_use_builder":"","_et_pb_old_content":"","_et_gb_content_width":"","footnotes":""},"categories":[80],"tags":[],"class_list":["post-1687","post","type-post","status-publish","format-standard","has-post-thumbnail","hentry","category-economia-2"],"_links":{"self":[{"href":"https:\/\/verdadincomodadiario.ar\/index.php?rest_route=\/wp\/v2\/posts\/1687","targetHints":{"allow":["GET"]}}],"collection":[{"href":"https:\/\/verdadincomodadiario.ar\/index.php?rest_route=\/wp\/v2\/posts"}],"about":[{"href":"https:\/\/verdadincomodadiario.ar\/index.php?rest_route=\/wp\/v2\/types\/post"}],"author":[{"embeddable":true,"href":"https:\/\/verdadincomodadiario.ar\/index.php?rest_route=\/wp\/v2\/users\/2"}],"replies":[{"embeddable":true,"href":"https:\/\/verdadincomodadiario.ar\/index.php?rest_route=%2Fwp%2Fv2%2Fcomments&post=1687"}],"version-history":[{"count":0,"href":"https:\/\/verdadincomodadiario.ar\/index.php?rest_route=\/wp\/v2\/posts\/1687\/revisions"}],"wp:featuredmedia":[{"embeddable":true,"href":"https:\/\/verdadincomodadiario.ar\/index.php?rest_route=\/wp\/v2\/media\/1688"}],"wp:attachment":[{"href":"https:\/\/verdadincomodadiario.ar\/index.php?rest_route=%2Fwp%2Fv2%2Fmedia&parent=1687"}],"wp:term":[{"taxonomy":"category","embeddable":true,"href":"https:\/\/verdadincomodadiario.ar\/index.php?rest_route=%2Fwp%2Fv2%2Fcategories&post=1687"},{"taxonomy":"post_tag","embeddable":true,"href":"https:\/\/verdadincomodadiario.ar\/index.php?rest_route=%2Fwp%2Fv2%2Ftags&post=1687"}],"curies":[{"name":"wp","href":"https:\/\/api.w.org\/{rel}","templated":true}]}}