{"id":1683,"date":"2025-04-10T12:55:30","date_gmt":"2025-04-10T12:55:30","guid":{"rendered":"https:\/\/www.verdadincomodadiario.ar\/?p=1683"},"modified":"2025-04-10T12:55:30","modified_gmt":"2025-04-10T12:55:30","slug":"pagos-anses-cronograma-del-martes-8-de-abril-para-todas-las-prestaciones","status":"publish","type":"post","link":"https:\/\/verdadincomodadiario.ar\/?p=1683","title":{"rendered":"Pagos ANSES: cronograma del martes 8 de abril para todas las prestaciones"},"content":{"rendered":"<p>La <a href=\"https:\/\/derechadiario.com.ar\/economia\/anses-cambian-las-fechas-cobro-abril-por-los-feriados-semana-santa\" title=\"ANSES: cambian las fechas de cobro de abril por los feriados de Semana Santa\"><strong>ANSES<\/strong> confirm\u00f3 el <strong>cronograma de pagos<\/strong><\/a> para este martes 8 de abril de 2025. Jubilaciones, pensiones, AUH, AUE y dem\u00e1s asignaciones se abonan seg\u00fan terminaci\u00f3n de documento y tipo de prestaci\u00f3n.<\/p>\n<p>Con el aumento por inflaci\u00f3n, los montos ya reflejan el incremento del 2,40% anunciado para abril. Conoc\u00e9 qui\u00e9nes cobran hoy y cu\u00e1nto corresponde a cada beneficio.<\/p>\n<div class=\"inter_image image_horizontal\">\n<picture><source class=\"img-responsive\" type=\"image\/webp\" data-srcset=\"\/filesedc\/uploads\/image\/post\/anses-1-jpg_300_200.webp 300w, \n\/filesedc\/uploads\/image\/post\/anses-1-jpg_630_420.webp 630w,\n                                \/filesedc\/uploads\/image\/post\/anses-1-jpg_760_507.webp 760w,\n                                \/filesedc\/uploads\/image\/post\/anses-1-jpg_1200_800.webp 1200w,\n                                \/filesedc\/uploads\/image\/post\/anses-1-jpg_1600_1067.webp 1600w\"><img decoding=\"async\" src=\"https:\/\/derechadiario.com.ar\/filesedc\/uploads\/image\/post\/anses-1-jpg_1200_800.webp\" class=\"img-responsive lazyload\" alt=\"Fachada de una oficina de ANSES con un cartel azul y un coraz\u00f3n naranja.\" title=\"Fachada de una oficina de ANSES con un cartel azul y un coraz\u00f3n naranja.\"><\/picture>\n<div>\n<span class=\"img_footer\">Enterate en qu\u00e9 fecha te corresponde cobrar <\/span>| <span class=\"img_author\">La Derecha Diario<\/span>\n<\/div>\n<\/div>\n<h2><strong>Qui\u00e9nes cobran hoy, martes 8 de abril, seg\u00fan ANSES<\/strong><\/h2>\n<p>La Administraci\u00f3n Nacional de la Seguridad Social comunic\u00f3 qu\u00e9 prestaciones se pagan hoy. Algunas incluyen todas las terminaciones de DNI.<\/p>\n<h3><strong>Asignaciones de pago \u00fanico: matrimonio, adopci\u00f3n y nacimiento<\/strong><\/h3>\n<ul>\n<li>\n<strong>Todas las terminaciones de documento<\/strong>: se pagan hasta el jueves 10 de abril.<\/li>\n<\/ul>\n<figure><img decoding=\"async\" src=\"https:\/\/derechadiario.com.ar\/filesedc\/uploads\/image\/post\/asignacion-pago-unico-marzo-anses_1200_800.webp\" class=\"img-responsive lazyload\" alt=\"Asignaciones de pago \u00fanico para matrimonio, adopci\u00f3n y nacimiento, mes a cobrar marzo, con fechas de cobro del 13\/3 al 10\/4 para la primera quincena y del 26\/3 al 10\/4 para la segunda quincena.\" title=\"Asignaciones de pago \u00fanico para matrimonio, adopci\u00f3n y nacimiento, mes a cobrar marzo, con fechas de cobro del 13\/3 al 10\/4 para la primera quincena y del 26\/3 al 10\/4 para la segunda quincena.\"><\/figure>\n<h3><strong>Asignaciones familiares de pensiones no contributivas (PNC)<\/strong><\/h3>\n<ul>\n<li>\n<strong>Todas las terminaciones de documento<\/strong>: se abonan hasta el jueves 10 de abril.<\/li>\n<\/ul>\n<figure><img decoding=\"async\" src=\"https:\/\/derechadiario.com.ar\/filesedc\/uploads\/image\/post\/pnc-marzo-anses-1741775808628_1200_800.webp\" class=\"img-responsive lazyload\" alt=\"Asignaciones familiares de pensiones no contributivas para marzo, todas las terminaciones de DNI del 12 de marzo al 10 de abril.\" title=\"Asignaciones familiares de pensiones no contributivas para marzo, todas las terminaciones de DNI del 12 de marzo al 10 de abril.\"><\/figure>\n<h3><strong>Prestaci\u00f3n por desempleo<\/strong><\/h3>\n<ul>\n<li>\n<strong>Todas las terminaciones de documento<\/strong>: se cobra hasta el jueves 10 de abril.<\/li>\n<\/ul>\n<figure><img decoding=\"async\" src=\"https:\/\/derechadiario.com.ar\/filesedc\/uploads\/image\/post\/desempleo-plan-2-anses-abril_1200_800.webp\" class=\"img-responsive lazyload\" alt=\"Plan de desempleo 2 para cobrar en marzo, todas las terminaciones de DNI del 4 al 10 de abril.\" title=\"Plan de desempleo 2 para cobrar en marzo, todas las terminaciones de DNI del 4 al 10 de abril.\"><\/figure>\n<h2><strong>Jubilaciones ANSES: cu\u00e1nto se cobra en abril con el aumento<\/strong><\/h2>\n<p>Desde este mes, las <a href=\"https:\/\/derechadiario.com.ar\/economia\/anses-confirmo-cuanto-sera-aumento-jubilaciones-y-pensiones-para-abril-2025\" title=\"ANSES confirm\u00f3 de cu\u00e1nto ser\u00e1 el aumento en jubilaciones y pensiones para abril 2025\"><strong>jubilaciones y pensiones<\/strong><\/a> tienen un ajuste del 2,40% seg\u00fan el \u00edndice de inflaci\u00f3n de enero. Estos son los nuevos montos oficiales:<\/p>\n<aside class=\"are-you-interested-container-photo\"><\/aside>\n<ul>\n<li>\n<strong>Jubilaci\u00f3n m\u00ednima<\/strong>: $285.820,63<\/li>\n<li>\n<strong>Jubilaci\u00f3n m\u00e1xima<\/strong>: $1.923.302,29<\/li>\n<li>\n<strong>Pensi\u00f3n Universal para el Adulto Mayor (PUAM)<\/strong>: $228.656,50<\/li>\n<li>\n<strong>Pensiones no Contributivas (PNC)<\/strong>: $200.074,44<\/li>\n<li>\n<strong>Prestaci\u00f3n B\u00e1sica Universal (PBU)<\/strong>: $228.656<\/li>\n<\/ul>\n<figure><img decoding=\"async\" src=\"https:\/\/derechadiario.com.ar\/filesedc\/uploads\/image\/post\/jubilados-anses_1200_800.webp\" class=\"img-responsive lazyload\" alt=\"Personas haciendo fila frente a un edificio de ANSES.\" title=\"Personas haciendo fila frente a un edificio de ANSES.\"><\/figure>\n<aside class=\"whatsappChannelText\"><a href=\"https:\/\/whatsapp.com\/channel\/0029VagEjILGE56eKjedWF2U\" rel=\"nofollow\" title=\"WhatsApp Link\"><img alt=\"Logo de WhatsApp\" class=\"lazyload\" data-src=\"https:\/\/derechadiario.com.ar\/filesedc\/uploads\/other\/whatsapp_icon_mid_article.png\" width=\"32\" height=\"32\"><\/a> <a href=\"https:\/\/whatsapp.com\/channel\/0029VagEjILGE56eKjedWF2U\" rel=\"nofollow\" title=\"WhatsApp Link\"><strong>NO SE PIERDAN NINGUNA NOTICIA<\/strong>: Click aqu\u00ed para sumarte <strong>GRATIS<\/strong> al canal de noticias de <strong>La Derecha Diario en WhatsApp.<\/strong><\/a><\/aside>\n<p>Los nuevos haberes se reflejan de forma autom\u00e1tica en la cuenta bancaria del beneficiario, seg\u00fan el calendario habitual de cobros.<\/p>\n","protected":false},"excerpt":{"rendered":"<p>La ANSES confirm\u00f3 el cronograma de pagos para este martes 8 de abril de 2025. Jubilaciones, pensiones, AUH, AUE y dem\u00e1s asignaciones se abonan seg\u00fan terminaci\u00f3n de documento y tipo de prestaci\u00f3n. Con el aumento por inflaci\u00f3n, los montos ya reflejan el incremento del 2,40% anunciado para abril. Conoc\u00e9 qui\u00e9nes cobran hoy y cu\u00e1nto corresponde [&hellip;]<\/p>\n","protected":false},"author":2,"featured_media":1684,"comment_status":"open","ping_status":"open","sticky":false,"template":"","format":"standard","meta":{"_et_pb_use_builder":"","_et_pb_old_content":"","_et_gb_content_width":"","footnotes":""},"categories":[80],"tags":[],"class_list":["post-1683","post","type-post","status-publish","format-standard","has-post-thumbnail","hentry","category-economia-2"],"_links":{"self":[{"href":"https:\/\/verdadincomodadiario.ar\/index.php?rest_route=\/wp\/v2\/posts\/1683","targetHints":{"allow":["GET"]}}],"collection":[{"href":"https:\/\/verdadincomodadiario.ar\/index.php?rest_route=\/wp\/v2\/posts"}],"about":[{"href":"https:\/\/verdadincomodadiario.ar\/index.php?rest_route=\/wp\/v2\/types\/post"}],"author":[{"embeddable":true,"href":"https:\/\/verdadincomodadiario.ar\/index.php?rest_route=\/wp\/v2\/users\/2"}],"replies":[{"embeddable":true,"href":"https:\/\/verdadincomodadiario.ar\/index.php?rest_route=%2Fwp%2Fv2%2Fcomments&post=1683"}],"version-history":[{"count":0,"href":"https:\/\/verdadincomodadiario.ar\/index.php?rest_route=\/wp\/v2\/posts\/1683\/revisions"}],"wp:featuredmedia":[{"embeddable":true,"href":"https:\/\/verdadincomodadiario.ar\/index.php?rest_route=\/wp\/v2\/media\/1684"}],"wp:attachment":[{"href":"https:\/\/verdadincomodadiario.ar\/index.php?rest_route=%2Fwp%2Fv2%2Fmedia&parent=1683"}],"wp:term":[{"taxonomy":"category","embeddable":true,"href":"https:\/\/verdadincomodadiario.ar\/index.php?rest_route=%2Fwp%2Fv2%2Fcategories&post=1683"},{"taxonomy":"post_tag","embeddable":true,"href":"https:\/\/verdadincomodadiario.ar\/index.php?rest_route=%2Fwp%2Fv2%2Ftags&post=1683"}],"curies":[{"name":"wp","href":"https:\/\/api.w.org\/{rel}","templated":true}]}}