{"id":1681,"date":"2025-04-10T12:55:31","date_gmt":"2025-04-10T12:55:31","guid":{"rendered":"https:\/\/www.verdadincomodadiario.ar\/?p=1681"},"modified":"2025-04-10T12:55:31","modified_gmt":"2025-04-10T12:55:31","slug":"la-argentina-de-milei-frente-a-una-oportunidad-historica-en-el-comercio-global","status":"publish","type":"post","link":"https:\/\/verdadincomodadiario.ar\/?p=1681","title":{"rendered":"La Argentina de Milei frente a una oportunidad hist\u00f3rica en el comercio global"},"content":{"rendered":"<p>En un contexto internacional marcado por el aumento de aranceles y el retorno de pol\u00edticas econ\u00f3micas que restringen el libre comercio, <strong>la Argentina de Javier Milei se encuentra frente a una oportunidad hist\u00f3rica.<\/strong> Mientras algunas de las principales potencias globales, como Estados Unidos, reconfiguran sus pol\u00edticas comerciales, nuestro pa\u00eds, \u00a0<strong>inicia una transformaci\u00f3n hacia la apertura y la libertad econ\u00f3mica.<\/strong><\/p>\n<p>Este contraste entre la tendencia global y el rumbo argentino no es menor. M<strong>\u00e1s de 50 pa\u00edses est\u00e1n actualmente involucrados en negociaciones para reducir o eliminar aranceles recientemente implementados por Estados Unidos.<\/strong> Estas medidas, han alterado profundamente las cadenas de suministro globales, generando desv\u00edos comerciales y nuevas rutas para la inversi\u00f3n y el comercio. En ese nuevo mapa, Argentina puede ocupar un lugar central si avanza con firmeza en su proceso de liberalizaci\u00f3n.<\/p>\n<div class=\"inter_image image_horizontal\">\n<picture><source class=\"img-responsive\" type=\"image\/webp\" data-srcset=\"\/filesedc\/uploads\/image\/post\/imagen-de-whatsapp-2025-04-02-a-las-172932-b701ecf6_300_200.webp 300w, \n\/filesedc\/uploads\/image\/post\/imagen-de-whatsapp-2025-04-02-a-las-172932-b701ecf6_630_420.webp 630w,\n                                \/filesedc\/uploads\/image\/post\/imagen-de-whatsapp-2025-04-02-a-las-172932-b701ecf6_760_507.webp 760w,\n                                \/filesedc\/uploads\/image\/post\/imagen-de-whatsapp-2025-04-02-a-las-172932-b701ecf6_1200_800.webp 1200w,\n                                \/filesedc\/uploads\/image\/post\/imagen-de-whatsapp-2025-04-02-a-las-172932-b701ecf6_1600_1067.webp 1600w\"><img decoding=\"async\" src=\"https:\/\/derechadiario.com.ar\/filesedc\/uploads\/image\/post\/imagen-de-whatsapp-2025-04-02-a-las-172932-b701ecf6_1200_800.webp\" class=\"img-responsive lazyload\" alt=\"Un hombre de traje oscuro y corbata roja sostiene un cartel con una lista de tarifas rec\u00edprocas frente a un micr\u00f3fono, con una bandera de fondo.\" title=\"Un hombre de traje oscuro y corbata roja sostiene un cartel con una lista de tarifas rec\u00edprocas frente a un micr\u00f3fono, con una bandera de fondo.\"><\/picture>\n<div>\n<span class=\"img_footer\">Trump y alza de aranceles <\/span>| <span class=\"img_author\">La Derecha Diario<\/span>\n<\/div>\n<\/div>\n<p>A modo de ejemplo, <strong>Estados Unidos acaba de iniciar conversaciones con Corea del Sur en busca de acuerdos bilaterales que mitiguen el impacto de las recientes alzas arancelarias.<\/strong> En la regi\u00f3n asi\u00e1tica, Washington ya tiene a casi todos sus principales socios en di\u00e1logos activos o en fase de negociaci\u00f3n directa, reconfigurando as\u00ed el equilibrio comercial de esa zona del mundo. <strong>Estos movimientos generan una presi\u00f3n global que abre ventanas para pa\u00edses que, como Argentina, comienzan a ofrecer marcos institucionales estables, bajos costos regulatorios y una econom\u00eda cada vez m\u00e1s integrada al mundo.<\/strong><br \/>\u00a0<\/p>\n<h2>Desv\u00edo comercial y oportunidad estrat\u00e9gica<\/h2>\n<p><strong>El desv\u00edo comercial provocado por estos cambios abre la puerta a una estrategia inteligente de posicionamiento econ\u00f3mico.<\/strong><\/p>\n<p>Ese desv\u00edo, que Fr\u00e9d\u00e9ric Bastiat explicaba con claridad en sus ensayos sobre el intervencionismo, no es un simple reacomodamiento de flujos, sino una respuesta natural del mercado a las trabas impuestas artificialmente. Seg\u00fan Bastiat, \u00a0<strong>cada obst\u00e1culo al comercio genera consecuencias visibles \u2014como la supuesta protecci\u00f3n de industrias locales\u2014 y otras invisibles, como el encarecimiento de productos, la p\u00e9rdida de competitividad y la reasignaci\u00f3n ineficiente de recursos.<\/strong>\u00a0 Lo que no se compra en un pa\u00eds, se busca en otro. Y ah\u00ed es donde Argentina puede beneficiarse.<\/p>\n<aside class=\"are-you-interested-container-photo\"><\/aside>\n<p><strong>Con la eliminaci\u00f3n de cientos de regulaciones y trabas internas impulsada por Milei y por el ministro Federico Sturzenegge<\/strong>r, Argentina se proyecta como un destino atractivo para capitales, inversiones y flujos de comercio que necesitan alternativas r\u00e1pidas y competitivas. \u00a0<strong>El nuevo marco normativo, basado en la desregulaci\u00f3n, la baja del gasto p\u00fablico y la seguridad jur\u00eddica, le da a la econom\u00eda argentina una ventaja relativa en un contexto internacional cada vez m\u00e1s incierto.<\/strong><\/p>\n<figure><img decoding=\"async\" src=\"https:\/\/derechadiario.com.ar\/filesedc\/uploads\/image\/post\/vlbnikrsz-2000x1500--1_1200_800.webp\" class=\"img-responsive lazyload\" alt=\"Un hombre sonriente con traje y corbata levanta el pu\u00f1o en se\u00f1al de celebraci\u00f3n frente a un fondo azul.\" title=\"Un hombre sonriente con traje y corbata levanta el pu\u00f1o en se\u00f1al de celebraci\u00f3n frente a un fondo azul.\"><\/figure>\n<p><strong>La visi\u00f3n de Milei encuentra eco en las ideas de Ludwig von Mises, quien en La Acci\u00f3n Humana explica que el comercio libre es la consecuencia l\u00f3gica de una econom\u00eda basada en la cooperaci\u00f3n voluntaria.<\/strong> Donde los gobiernos no interfieren, las personas prosperan. Rothbard, en la misma l\u00ednea, advert\u00eda que los impuestos, las trabas y los controles no solo son un freno a la econom\u00eda, sino tambi\u00e9n una forma de agresi\u00f3n moral contra la libertad individual.<\/p>\n<aside class=\"whatsappChannelText\"><a href=\"https:\/\/whatsapp.com\/channel\/0029VagEjILGE56eKjedWF2U\" rel=\"nofollow\" title=\"WhatsApp Link\"><img alt=\"Logo de WhatsApp\" class=\"lazyload\" data-src=\"https:\/\/derechadiario.com.ar\/filesedc\/uploads\/other\/whatsapp_icon_mid_article.png\" width=\"32\" height=\"32\"><\/a> <a href=\"https:\/\/whatsapp.com\/channel\/0029VagEjILGE56eKjedWF2U\" rel=\"nofollow\" title=\"WhatsApp Link\"><strong>NO SE PIERDAN NINGUNA NOTICIA<\/strong>: Click aqu\u00ed para sumarte <strong>GRATIS<\/strong> al canal de noticias de <strong>La Derecha Diario en WhatsApp.<\/strong><\/a><\/aside>\n<p><strong>Hoy, Argentina tiene la posibilidad de hacer realidad esas ideas en un escenario real.<\/strong> Si logra sostener el rumbo reformista, eliminar los obst\u00e1culos a la producci\u00f3n y facilitar el intercambio, puede convertirse en un nodo comercial clave para aquellos pa\u00edses que buscan rutas alternativas ante las nuevas barreras comerciales. <strong>En t\u00e9rminos nominales y estrat\u00e9gicos, Argentina tiene mucho que ganar.<\/strong><\/p>\n<figure><img decoding=\"async\" src=\"https:\/\/derechadiario.com.ar\/filesedc\/uploads\/image\/post\/gldt5wnwiaamuxk_1200_800.webp\" class=\"img-responsive lazyload\" alt=\"Un hombre con traje oscuro y corbata de lunares frente a una bandera de Argentina.\" title=\"Un hombre con traje oscuro y corbata de lunares frente a una bandera de Argentina.\"><\/figure>\n<p>No se trata solo de aprovechar una coyuntura. Se trata de demostrar que un modelo basado en la libertad, la competencia y el respeto al derecho de propiedad no solo es posible, sino tambi\u00e9n exitoso en el siglo XXI. <strong>Frente al miedo y la reacci\u00f3n proteccionista que avanza en otras regiones, la Argentina de Milei puede ser la contracara luminosa: un faro de apertura en un mundo que vuelve a cerrarse.<\/strong><\/p>\n","protected":false},"excerpt":{"rendered":"<p>En un contexto internacional marcado por el aumento de aranceles y el retorno de pol\u00edticas econ\u00f3micas que restringen el libre comercio, la Argentina de Javier Milei se encuentra frente a una oportunidad hist\u00f3rica. Mientras algunas de las principales potencias globales, como Estados Unidos, reconfiguran sus pol\u00edticas comerciales, nuestro pa\u00eds, \u00a0inicia una transformaci\u00f3n hacia la apertura [&hellip;]<\/p>\n","protected":false},"author":2,"featured_media":1682,"comment_status":"open","ping_status":"open","sticky":false,"template":"","format":"standard","meta":{"_et_pb_use_builder":"","_et_pb_old_content":"","_et_gb_content_width":"","footnotes":""},"categories":[80],"tags":[],"class_list":["post-1681","post","type-post","status-publish","format-standard","has-post-thumbnail","hentry","category-economia-2"],"_links":{"self":[{"href":"https:\/\/verdadincomodadiario.ar\/index.php?rest_route=\/wp\/v2\/posts\/1681","targetHints":{"allow":["GET"]}}],"collection":[{"href":"https:\/\/verdadincomodadiario.ar\/index.php?rest_route=\/wp\/v2\/posts"}],"about":[{"href":"https:\/\/verdadincomodadiario.ar\/index.php?rest_route=\/wp\/v2\/types\/post"}],"author":[{"embeddable":true,"href":"https:\/\/verdadincomodadiario.ar\/index.php?rest_route=\/wp\/v2\/users\/2"}],"replies":[{"embeddable":true,"href":"https:\/\/verdadincomodadiario.ar\/index.php?rest_route=%2Fwp%2Fv2%2Fcomments&post=1681"}],"version-history":[{"count":0,"href":"https:\/\/verdadincomodadiario.ar\/index.php?rest_route=\/wp\/v2\/posts\/1681\/revisions"}],"wp:featuredmedia":[{"embeddable":true,"href":"https:\/\/verdadincomodadiario.ar\/index.php?rest_route=\/wp\/v2\/media\/1682"}],"wp:attachment":[{"href":"https:\/\/verdadincomodadiario.ar\/index.php?rest_route=%2Fwp%2Fv2%2Fmedia&parent=1681"}],"wp:term":[{"taxonomy":"category","embeddable":true,"href":"https:\/\/verdadincomodadiario.ar\/index.php?rest_route=%2Fwp%2Fv2%2Fcategories&post=1681"},{"taxonomy":"post_tag","embeddable":true,"href":"https:\/\/verdadincomodadiario.ar\/index.php?rest_route=%2Fwp%2Fv2%2Ftags&post=1681"}],"curies":[{"name":"wp","href":"https:\/\/api.w.org\/{rel}","templated":true}]}}