{"id":1679,"date":"2025-04-10T12:55:32","date_gmt":"2025-04-10T12:55:32","guid":{"rendered":"https:\/\/www.verdadincomodadiario.ar\/?p=1679"},"modified":"2025-04-10T12:55:32","modified_gmt":"2025-04-10T12:55:32","slug":"anses-no-se-detiene-pese-al-paro-gremial-atendera-con-total-normalidad","status":"publish","type":"post","link":"https:\/\/verdadincomodadiario.ar\/?p=1679","title":{"rendered":"ANSES no se detiene: pese al paro gremial, atender\u00e1 con total normalidad"},"content":{"rendered":"<p>En plena jornada de <strong>paro<\/strong>\u00a0 convocado por <strong><a href=\"https:\/\/derechadiario.com.ar\/politica\/fracaso-marcha-cgt-poca-convocatoria-y-exitoso-operativo-seguridad\" title=\"Fracas\u00f3 la marcha de la CGT: poca convocatoria y un exitoso operativo de seguridad\">gremios kirchneristas<\/a><\/strong>\u00a0 y <strong>centrales obreras<\/strong>, el <strong>Ministerio de Capital Humano<\/strong>, a cargo de la administraci\u00f3n de <strong>ANSES<\/strong>, confirma que <strong>abrir\u00e1 sus puertas este jueves 10\/04 con total normalidad;<\/strong>\u00a0 el gobierno asegura la continuidad de los servicios esenciales para los argentinos.<\/p>\n<p>En una nueva muestra de compromiso con la ciudadan\u00eda y desmarc\u00e1ndose de la <strong>inacci\u00f3n gremial<\/strong>, la <strong>Administraci\u00f3n Nacional de la Seguridad Social<\/strong>\u00a0 (ANSES), eficientemente administrada por la ministra <strong>Sandra Pettovello<\/strong>, inform\u00f3 que mantendr\u00e1 la atenci\u00f3n al p\u00fablico con <strong>total normalidad<\/strong>\u00a0 este jueves, a pesar del paro general convocado por centrales sindicales. La medida, que afecta m\u00faltiples organismos estatales, no impedir\u00e1 que ANSES contin\u00fae prestando servicios vitales a millones de argentinos.<\/p>\n<div class=\"inter_image image_vertical\">\n<picture><source class=\"img-responsive\" type=\"image\/webp\" data-srcset=\"\/filesedc\/uploads\/image\/post\/imagen-de-whatsapp-2025-04-09-a-las-183523-c9d627f7_300_400.webp 300w, \n\/filesedc\/uploads\/image\/post\/imagen-de-whatsapp-2025-04-09-a-las-183523-c9d627f7_630_840.webp 630w,\n                                \/filesedc\/uploads\/image\/post\/imagen-de-whatsapp-2025-04-09-a-las-183523-c9d627f7_760_1013.webp 760w,\n                                \/filesedc\/uploads\/image\/post\/imagen-de-whatsapp-2025-04-09-a-las-183523-c9d627f7_1200_1600.webp 1200w,\n                                \/filesedc\/uploads\/image\/post\/imagen-de-whatsapp-2025-04-09-a-las-183523-c9d627f7_1600_2133.webp 1600w\"><img decoding=\"async\" src=\"https:\/\/derechadiario.com.ar\/filesedc\/uploads\/image\/post\/imagen-de-whatsapp-2025-04-09-a-las-183523-c9d627f7_1200_1600.webp\" class=\"img-responsive lazyload\" alt=\"Comunicado oficial del Ministerio de Capital Humano de Argentina informando que las oficinas de ANSES atender\u00e1n con normalidad a pesar de las medidas de fuerza anunciadas por gremios para el jueves 10 de abril.\" title=\"Comunicado oficial del Ministerio de Capital Humano de Argentina informando que las oficinas de ANSES atender\u00e1n con normalidad a pesar de las medidas de fuerza anunciadas por gremios para el jueves 10 de abril.\"><\/picture>\n<div>\n<span class=\"img_footer\">Anuncio desde el bolet\u00edn oficial. <\/span>| <span class=\"img_author\">La Derecha Diario<\/span>\n<\/div>\n<\/div>\n<h2>Tr\u00e1mites claves que no se detienen<\/h2>\n<p>Entre los tr\u00e1mites m\u00e1s importantes que contin\u00faan vigentes esta semana se encuentran:<\/p>\n<p><strong>Presentaci\u00f3n de la Libreta AUH 2025<\/strong><\/p>\n<aside class=\"are-you-interested-container-photo\"><\/aside>\n<p>Desde ya puede presentarse la <strong>Libreta de la Asignaci\u00f3n Universal por Hijo<\/strong> (AUH) 2025, un documento clave que acredita la escolaridad y los controles de salud de los menores y permite cobrar el <strong>20%<\/strong>\u00a0 retenido durante el a\u00f1o anterior. \u00bfQui\u00e9nes deben presentarla? \u00a0<strong>Madres, padres o tutores de ni\u00f1os y adolescentes menores de 18 a\u00f1os<\/strong>, o sin l\u00edmite de edad en casos de discapacidad, siempre que los beneficiarios sean desocupados, trabajadores informales, de casas particulares o monotributistas sociales.<\/p>\n<p><strong>\u00bfQu\u00e9 acredita la libreta?<\/strong> Asistencia escolar y controles m\u00e9dicos, incluidos esquemas de vacunaci\u00f3n. <strong>\u00bfHasta cu\u00e1ndo hay tiempo?<\/strong>\u00a0 El tr\u00e1mite puede realizarse hasta el 31 de diciembre y debe subirse mediante Mi ANSES, la app o la web oficial. Una vez cargado, se libera el pago del complemento. <strong>\u00bfC\u00f3mo saber si fue exitoso?<\/strong>\u00a0 ANSES env\u00eda un correo de confirmaci\u00f3n; tambi\u00e9n puede revisarse el estado del tr\u00e1mite en la misma plataforma.<\/p>\n<p> \u00a0<strong>Ayuda Escolar 2025<\/strong><\/p>\n<p>Otro de los beneficios que sigue activo esta semana es el tr\u00e1mite para recibir la \u00a0<strong>Ayuda Escolar Anual 2025<\/strong>, una asignaci\u00f3n que se paga cada marzo. <strong>\u00bfQui\u00e9nes la cobran?<\/strong> Trabajadores en relaci\u00f3n de dependencia, monotributistas, jubilados con Asignaci\u00f3n Familiar por Hijo (AFH), y tambi\u00e9n titulares de la AUH. <strong>Requisitos principales<\/strong>: Hijos entre 45 d\u00edas y 17 a\u00f1os, o sin l\u00edmite de edad si tienen discapacidad, que asistan a nivel inicial, primario o secundario.<\/p>\n<p><strong>\u00bfHasta cu\u00e1ndo puede hacerse el tr\u00e1mite?<\/strong>\u00a0 El certificado de alumno regular debe presentarse entre el 24 de febrero y el 5 de marzo. <strong>\u00bfCu\u00e1nto se cobra en 2025?<\/strong>\u00a0 La asignaci\u00f3n se actualiz\u00f3 por la f\u00f3rmula de movilidad y en febrero lleg\u00f3 a $130.702, con un refuerzo adicional de $85.000 pagado en marzo, alcanzando un total de m\u00e1s de $215.000 por hijo.<br \/>El monto fue oficializado mediante el Decreto 63 publicado en el Bolet\u00edn Oficial.<\/p>\n<aside class=\"whatsappChannelText\"><a href=\"https:\/\/whatsapp.com\/channel\/0029VagEjILGE56eKjedWF2U\" rel=\"nofollow\" title=\"WhatsApp Link\"><img alt=\"Logo de WhatsApp\" class=\"lazyload\" data-src=\"https:\/\/derechadiario.com.ar\/filesedc\/uploads\/other\/whatsapp_icon_mid_article.png\" width=\"32\" height=\"32\"><\/a> <a href=\"https:\/\/whatsapp.com\/channel\/0029VagEjILGE56eKjedWF2U\" rel=\"nofollow\" title=\"WhatsApp Link\"><strong>NO SE PIERDAN NINGUNA NOTICIA<\/strong>: Click aqu\u00ed para sumarte <strong>GRATIS<\/strong> al canal de noticias de <strong>La Derecha Diario en WhatsApp.<\/strong><\/a><\/aside>\n<figure><img decoding=\"async\" src=\"https:\/\/derechadiario.com.ar\/filesedc\/uploads\/image\/post\/66c8e8171e707_1200_800.webp\" class=\"img-responsive lazyload\" alt=\"Tres personas sentadas en una mesa durante una conferencia de prensa con un fondo que muestra logotipos del Ministerio de Capital Humano, ANSES y Presidencia de la Naci\u00f3n Argentina.\" title=\"Tres personas sentadas en una mesa durante una conferencia de prensa con un fondo que muestra logotipos del Ministerio de Capital Humano, ANSES y Presidencia de la Naci\u00f3n Argentina.\"><\/figure>\n<p>Adem\u00e1s, desde el lunes 5 de febrero, <strong>ANSES<\/strong>\u00a0 ampli\u00f3 las gestiones disponibles en su canal de <strong>Atenci\u00f3n Virtual<\/strong>, operativo de lunes a viernes entre las <strong>0 y las 20 horas.<\/strong><\/p>\n<p>.Entre los tr\u00e1mites que pueden realizarse online, se destacan:<\/p>\n<p>.Alta o modificaci\u00f3n de v\u00ednculos familiares<\/p>\n<p>.Consulta de fecha y lugar de cobro<\/p>\n<p>.Reclamo por beneficios suspendidos o pagos no cobrados<\/p>\n<p>.Solicitud de Subsidio de Contenci\u00f3n Familiar (para jubilados y pensionados)<\/p>\n<p>.Reclamos por suspensi\u00f3n del Retiro por Invalidez<\/p>\n<p>.Reajustes por fallos judiciales<\/p>\n<p>Para acceder, se debe ingresar con n\u00famero de \u00a0<strong>CUIL y Clave de la Seguridad Social<\/strong>\u00a0 en el sitio oficial o desde la app. En caso de requerir m\u00e1s documentaci\u00f3n, la atenci\u00f3n pasar\u00e1 a la secci\u00f3n &#8220;Necesita informaci\u00f3n&#8221;.<\/p>\n","protected":false},"excerpt":{"rendered":"<p>En plena jornada de paro\u00a0 convocado por gremios kirchneristas\u00a0 y centrales obreras, el Ministerio de Capital Humano, a cargo de la administraci\u00f3n de ANSES, confirma que abrir\u00e1 sus puertas este jueves 10\/04 con total normalidad;\u00a0 el gobierno asegura la continuidad de los servicios esenciales para los argentinos. En una nueva muestra de compromiso con la [&hellip;]<\/p>\n","protected":false},"author":2,"featured_media":1680,"comment_status":"open","ping_status":"open","sticky":false,"template":"","format":"standard","meta":{"_et_pb_use_builder":"","_et_pb_old_content":"","_et_gb_content_width":"","footnotes":""},"categories":[80],"tags":[],"class_list":["post-1679","post","type-post","status-publish","format-standard","has-post-thumbnail","hentry","category-economia-2"],"_links":{"self":[{"href":"https:\/\/verdadincomodadiario.ar\/index.php?rest_route=\/wp\/v2\/posts\/1679","targetHints":{"allow":["GET"]}}],"collection":[{"href":"https:\/\/verdadincomodadiario.ar\/index.php?rest_route=\/wp\/v2\/posts"}],"about":[{"href":"https:\/\/verdadincomodadiario.ar\/index.php?rest_route=\/wp\/v2\/types\/post"}],"author":[{"embeddable":true,"href":"https:\/\/verdadincomodadiario.ar\/index.php?rest_route=\/wp\/v2\/users\/2"}],"replies":[{"embeddable":true,"href":"https:\/\/verdadincomodadiario.ar\/index.php?rest_route=%2Fwp%2Fv2%2Fcomments&post=1679"}],"version-history":[{"count":0,"href":"https:\/\/verdadincomodadiario.ar\/index.php?rest_route=\/wp\/v2\/posts\/1679\/revisions"}],"wp:featuredmedia":[{"embeddable":true,"href":"https:\/\/verdadincomodadiario.ar\/index.php?rest_route=\/wp\/v2\/media\/1680"}],"wp:attachment":[{"href":"https:\/\/verdadincomodadiario.ar\/index.php?rest_route=%2Fwp%2Fv2%2Fmedia&parent=1679"}],"wp:term":[{"taxonomy":"category","embeddable":true,"href":"https:\/\/verdadincomodadiario.ar\/index.php?rest_route=%2Fwp%2Fv2%2Fcategories&post=1679"},{"taxonomy":"post_tag","embeddable":true,"href":"https:\/\/verdadincomodadiario.ar\/index.php?rest_route=%2Fwp%2Fv2%2Ftags&post=1679"}],"curies":[{"name":"wp","href":"https:\/\/api.w.org\/{rel}","templated":true}]}}