{"id":1677,"date":"2025-04-10T12:55:33","date_gmt":"2025-04-10T12:55:33","guid":{"rendered":"https:\/\/www.verdadincomodadiario.ar\/?p=1677"},"modified":"2025-04-10T12:55:33","modified_gmt":"2025-04-10T12:55:33","slug":"pagos-de-anses-del-10-de-abril-quienes-cobran-durante-el-paro-general","status":"publish","type":"post","link":"https:\/\/verdadincomodadiario.ar\/?p=1677","title":{"rendered":"Pagos de ANSES del 10 de abril: qui\u00e9nes cobran durante el paro general"},"content":{"rendered":"<p><strong>La ANSES<\/strong> confirm\u00f3 el cronograma de pagos para este <strong>jueves 10 de abril de 2025<\/strong>, en plena jornada de paro general convocado por la CGT.<\/p>\n<p>El organismo sigue con el calendario previsto y hoy <em>se abonan distintas prestaciones sociales<\/em>, como <strong>jubilaciones, pensiones, AUH, AUE, Tarjeta Alimentar y PNC<\/strong>.<\/p>\n<div class=\"inter_image image_horizontal\">\n<picture><source class=\"img-responsive\" type=\"image\/webp\" data-srcset=\"\/filesedc\/uploads\/image\/post\/anses-1-jpg_300_200.webp 300w, \n\/filesedc\/uploads\/image\/post\/anses-1-jpg_630_420.webp 630w,\n                                \/filesedc\/uploads\/image\/post\/anses-1-jpg_760_507.webp 760w,\n                                \/filesedc\/uploads\/image\/post\/anses-1-jpg_1200_800.webp 1200w,\n                                \/filesedc\/uploads\/image\/post\/anses-1-jpg_1600_1067.webp 1600w\"><img decoding=\"async\" src=\"https:\/\/derechadiario.com.ar\/filesedc\/uploads\/image\/post\/anses-1-jpg_1200_800.webp\" class=\"img-responsive lazyload\" alt=\"Fachada de una oficina de ANSES con un cartel azul y un coraz\u00f3n naranja.\" title=\"Fachada de una oficina de ANSES con un cartel azul y un coraz\u00f3n naranja.\"><\/picture>\n<div>\n<span class=\"img_footer\">Qui\u00e9nes cobran hoy seg\u00fan la terminaci\u00f3n del DNI <\/span>| <span class=\"img_author\">La Derecha Diario<\/span>\n<\/div>\n<\/div>\n<h2><strong>Jubilaciones y pensiones m\u00ednimas: qui\u00e9nes cobran hoy<\/strong><\/h2>\n<p>Este jueves 10 de abril cobran las <strong>jubilaciones y pensiones que no superan los $285.820,63<\/strong>.<\/p>\n<p><strong>Documentos terminados en 1<\/strong>: cobran hoy.<\/p>\n<aside class=\"are-you-interested-container-photo\"><\/aside>\n<figure><img decoding=\"async\" src=\"https:\/\/derechadiario.com.ar\/filesedc\/uploads\/image\/post\/jubilaciones-minimas-anses-abril_1200_800.webp\" class=\"img-responsive lazyload\" alt=\"Calendario de pagos de jubilaciones y pensiones que no superen el haber m\u00ednimo para el mes de abril, con fechas asignadas seg\u00fan la terminaci\u00f3n del n\u00famero de documento: 9\/4 para terminados en 0, 10\/4 en 1, 11\/4 en 2, 14\/4 en 3, 15\/4 en 4 y 5, 16\/4 en 6, 21\/4 en 7, 22\/4 en 8, y 23\/4 en 9.\" title=\"Calendario de pagos de jubilaciones y pensiones que no superen el haber m\u00ednimo para el mes de abril, con fechas asignadas seg\u00fan la terminaci\u00f3n del n\u00famero de documento: 9\/4 para terminados en 0, 10\/4 en 1, 11\/4 en 2, 14\/4 en 3, 15\/4 en 4 y 5, 16\/4 en 6, 21\/4 en 7, 22\/4 en 8, y 23\/4 en 9.\"><\/figure>\n<h2><strong>AUH y Tarjeta Alimentar: qui\u00e9nes reciben el pago hoy<\/strong><\/h2>\n<p>La <strong>Asignaci\u00f3n Universal por Hijo<\/strong> y la <strong>Tarjeta Alimentar<\/strong> se pagan seg\u00fan la terminaci\u00f3n del DNI.<\/p>\n<p><strong>Documentos terminados en 1<\/strong>: cobran hoy.<\/p>\n<aside class=\"are-you-interested-container-photo\"><\/aside>\n<figure><img decoding=\"async\" src=\"https:\/\/derechadiario.com.ar\/filesedc\/uploads\/image\/post\/anses-auh-abril_1200_800.webp\" class=\"img-responsive lazyload\" alt=\"Calendario de pagos de la Asignaci\u00f3n Familiar por Hijo y Asignaci\u00f3n Universal por Hijo para abril, con fechas espec\u00edficas seg\u00fan la terminaci\u00f3n del n\u00famero de documento.\" title=\"Calendario de pagos de la Asignaci\u00f3n Familiar por Hijo y Asignaci\u00f3n Universal por Hijo para abril, con fechas espec\u00edficas seg\u00fan la terminaci\u00f3n del n\u00famero de documento.\"><\/figure>\n<h2><strong>Asignaci\u00f3n Universal por Embarazo: qui\u00e9n cobra este jueves<\/strong><\/h2>\n<p>La <strong>AUE<\/strong> tambi\u00e9n sigue su calendario habitual.<\/p>\n<p><strong>Documentos terminados en 0<\/strong>: cobran hoy.<\/p>\n<aside class=\"are-you-interested-container-photo\"><\/aside>\n<figure><img decoding=\"async\" src=\"https:\/\/derechadiario.com.ar\/filesedc\/uploads\/image\/post\/asignacion-por-embarazo-anses-abril_1200_800.webp\" class=\"img-responsive lazyload\" alt=\"Calendario de pago de la Asignaci\u00f3n por Embarazo para abril, con fechas asignadas seg\u00fan la terminaci\u00f3n del n\u00famero de documento: 10\/4 para terminados en 0, 11\/4 en 1, 14\/4 en 2, 15\/4 en 3, 16\/4 en 4, 21\/4 en 5, 22\/4 en 6, 23\/4 en 7, 24\/4 en 8 y 25\/4 en 9.\" title=\"Calendario de pago de la Asignaci\u00f3n por Embarazo para abril, con fechas asignadas seg\u00fan la terminaci\u00f3n del n\u00famero de documento: 10\/4 para terminados en 0, 11\/4 en 1, 14\/4 en 2, 15\/4 en 3, 16\/4 en 4, 21\/4 en 5, 22\/4 en 6, 23\/4 en 7, 24\/4 en 8 y 25\/4 en 9.\"><\/figure>\n<h2><strong>Asignaciones de pago \u00fanico: matrimonio, adopci\u00f3n y nacimiento<\/strong><\/h2>\n<p>Estas asignaciones se pagan a todas las terminaciones de documento.<\/p>\n<p><strong>El pago se extiende hasta el 12 de mayo<\/strong>.<\/p>\n<figure><img decoding=\"async\" src=\"https:\/\/derechadiario.com.ar\/filesedc\/uploads\/image\/post\/asignacion-pago-unico-marzo-anses_1200_800.webp\" class=\"img-responsive lazyload\" alt=\"Asignaciones de pago \u00fanico para matrimonio, adopci\u00f3n y nacimiento, mes a cobrar marzo, con fechas de cobro del 13\/3 al 10\/4 para la primera quincena y del 26\/3 al 10\/4 para la segunda quincena.\" title=\"Asignaciones de pago \u00fanico para matrimonio, adopci\u00f3n y nacimiento, mes a cobrar marzo, con fechas de cobro del 13\/3 al 10\/4 para la primera quincena y del 26\/3 al 10\/4 para la segunda quincena.\"><\/figure>\n<h2><strong>Pensiones No Contributivas: qui\u00e9nes cobran hoy<\/strong><\/h2>\n<p>La <strong>PNC<\/strong> tambi\u00e9n contin\u00faa con su cronograma habitual.<\/p>\n<p><strong>Documentos terminados en 4, 5, 6 y 7<\/strong>: cobran hoy jueves 10 de abril.<\/p>\n<figure><img decoding=\"async\" src=\"https:\/\/derechadiario.com.ar\/filesedc\/uploads\/image\/post\/pnc-anses-abril_1200_800.webp\" class=\"img-responsive lazyload\" alt=\"Calendario de pago para pensiones no contributivas en abril, con fechas seg\u00fan la terminaci\u00f3n del documento: 0 y 1 el 9\/4, 2 y 3 el 9\/4, 4 y 5 el 10\/4, 6 y 7 el 10\/4, 8 y 9 el 11\/4.\" title=\"Calendario de pago para pensiones no contributivas en abril, con fechas seg\u00fan la terminaci\u00f3n del documento: 0 y 1 el 9\/4, 2 y 3 el 9\/4, 4 y 5 el 10\/4, 6 y 7 el 10\/4, 8 y 9 el 11\/4.\"><\/figure>\n<h2><strong>Asignaciones familiares de Pensiones No Contributivas<\/strong><\/h2>\n<p>Se pagan a todas las terminaciones de documento.<\/p>\n<p><strong>El plazo se mantiene vigente hasta el 12 de mayo<\/strong>.<\/p>\n<figure><img decoding=\"async\" src=\"https:\/\/derechadiario.com.ar\/filesedc\/uploads\/image\/post\/asignaciones-familiares-pnc-anses_1200_800.webp\" class=\"img-responsive lazyload\" alt=\"Asignaciones Familiares de Pensiones No Contributivas para cobrar en abril, todas las terminaciones de DNI del 9 de abril al 12 de mayo.\" title=\"Asignaciones Familiares de Pensiones No Contributivas para cobrar en abril, todas las terminaciones de DNI del 9 de abril al 12 de mayo.\"><\/figure>\n<h2><strong>Prestaci\u00f3n por Desempleo: \u00faltimo d\u00eda de cobro<\/strong><\/h2>\n<p>Quienes reciben la <strong>prestaci\u00f3n por desempleo<\/strong> tambi\u00e9n cobran hoy.<\/p>\n<aside class=\"whatsappChannelText\"><a href=\"https:\/\/whatsapp.com\/channel\/0029VagEjILGE56eKjedWF2U\" rel=\"nofollow\" title=\"WhatsApp Link\"><img alt=\"Logo de WhatsApp\" class=\"lazyload\" data-src=\"https:\/\/derechadiario.com.ar\/filesedc\/uploads\/other\/whatsapp_icon_mid_article.png\" width=\"32\" height=\"32\"><\/a> <a href=\"https:\/\/whatsapp.com\/channel\/0029VagEjILGE56eKjedWF2U\" rel=\"nofollow\" title=\"WhatsApp Link\"><strong>NO SE PIERDAN NINGUNA NOTICIA<\/strong>: Click aqu\u00ed para sumarte <strong>GRATIS<\/strong> al canal de noticias de <strong>La Derecha Diario en WhatsApp.<\/strong><\/a><\/aside>\n<p><strong>Todas las terminaciones de DNI<\/strong>: hasta este jueves 10 de abril.<\/p>\n<figure><img decoding=\"async\" src=\"https:\/\/derechadiario.com.ar\/filesedc\/uploads\/image\/post\/desempleo-plan-2-anses-abril_1200_800.webp\" class=\"img-responsive lazyload\" alt=\"Plan de desempleo 2 para cobrar en marzo, todas las terminaciones de DNI del 4 al 10 de abril.\" title=\"Plan de desempleo 2 para cobrar en marzo, todas las terminaciones de DNI del 4 al 10 de abril.\"><\/figure>\n","protected":false},"excerpt":{"rendered":"<p>La ANSES confirm\u00f3 el cronograma de pagos para este jueves 10 de abril de 2025, en plena jornada de paro general convocado por la CGT. El organismo sigue con el calendario previsto y hoy se abonan distintas prestaciones sociales, como jubilaciones, pensiones, AUH, AUE, Tarjeta Alimentar y PNC. Qui\u00e9nes cobran hoy seg\u00fan la terminaci\u00f3n del [&hellip;]<\/p>\n","protected":false},"author":2,"featured_media":1678,"comment_status":"open","ping_status":"open","sticky":false,"template":"","format":"standard","meta":{"_et_pb_use_builder":"","_et_pb_old_content":"","_et_gb_content_width":"","footnotes":""},"categories":[80],"tags":[],"class_list":["post-1677","post","type-post","status-publish","format-standard","has-post-thumbnail","hentry","category-economia-2"],"_links":{"self":[{"href":"https:\/\/verdadincomodadiario.ar\/index.php?rest_route=\/wp\/v2\/posts\/1677","targetHints":{"allow":["GET"]}}],"collection":[{"href":"https:\/\/verdadincomodadiario.ar\/index.php?rest_route=\/wp\/v2\/posts"}],"about":[{"href":"https:\/\/verdadincomodadiario.ar\/index.php?rest_route=\/wp\/v2\/types\/post"}],"author":[{"embeddable":true,"href":"https:\/\/verdadincomodadiario.ar\/index.php?rest_route=\/wp\/v2\/users\/2"}],"replies":[{"embeddable":true,"href":"https:\/\/verdadincomodadiario.ar\/index.php?rest_route=%2Fwp%2Fv2%2Fcomments&post=1677"}],"version-history":[{"count":0,"href":"https:\/\/verdadincomodadiario.ar\/index.php?rest_route=\/wp\/v2\/posts\/1677\/revisions"}],"wp:featuredmedia":[{"embeddable":true,"href":"https:\/\/verdadincomodadiario.ar\/index.php?rest_route=\/wp\/v2\/media\/1678"}],"wp:attachment":[{"href":"https:\/\/verdadincomodadiario.ar\/index.php?rest_route=%2Fwp%2Fv2%2Fmedia&parent=1677"}],"wp:term":[{"taxonomy":"category","embeddable":true,"href":"https:\/\/verdadincomodadiario.ar\/index.php?rest_route=%2Fwp%2Fv2%2Fcategories&post=1677"},{"taxonomy":"post_tag","embeddable":true,"href":"https:\/\/verdadincomodadiario.ar\/index.php?rest_route=%2Fwp%2Fv2%2Ftags&post=1677"}],"curies":[{"name":"wp","href":"https:\/\/api.w.org\/{rel}","templated":true}]}}