{"id":1649,"date":"2025-04-10T12:55:02","date_gmt":"2025-04-10T12:55:02","guid":{"rendered":"https:\/\/www.verdadincomodadiario.ar\/?p=1649"},"modified":"2025-04-10T12:55:02","modified_gmt":"2025-04-10T12:55:02","slug":"la-corte-suprema-aprobo-las-deportaciones-masivas-de-trump","status":"publish","type":"post","link":"https:\/\/verdadincomodadiario.ar\/?p=1649","title":{"rendered":"La Corte Suprema aprob\u00f3 las deportaciones masivas de Trump"},"content":{"rendered":"<p>La Corte Suprema de Estados Unidos <strong>permiti\u00f3 que la administraci\u00f3n de Trump reanudara las deportaciones de miembros de pandillas venezolanas<\/strong> bajo la Ley de Enemigos Extranjeros de 1798, despu\u00e9s de que un tribunal inferior bloqueara temporalmente el uso de esta ley.<\/p>\n<p>El juez jefe del Tribunal de Distrito de DC, <strong>James Boasberg<\/strong>, hab\u00eda emitido una orden que <strong>imped\u00eda al presidente Trump invocar esta ley poco utilizada<\/strong>, que permite la deportaci\u00f3n r\u00e1pida de personas <strong>consideradas como una amenaza durante tiempos de guerra<\/strong>, en este caso, miembros del Tren de Aragua.<\/p>\n<p>La administraci\u00f3n Trump <strong>solicit\u00f3 una revisi\u00f3n urgente de esta decisi\u00f3n<\/strong> y, tras un rechazo de un panel de tres jueces del <strong>Tribunal de Apelaciones del Circuito de DC<\/strong>, llev\u00f3 el caso a la Corte Suprema el 28 de marzo.<\/p>\n<div class=\"inter_image image_horizontal\">\n<picture><source class=\"img-responsive\" type=\"image\/webp\" data-srcset=\"\/filesedc\/uploads\/image\/post\/gettyimages-1248222880-edit-custom-56c6d1e2c1b66a1c064333d35c4fbf21862ae655-1744069853725_300_200.webp 300w, \n\/filesedc\/uploads\/image\/post\/gettyimages-1248222880-edit-custom-56c6d1e2c1b66a1c064333d35c4fbf21862ae655-1744069853725_630_420.webp 630w,\n                                \/filesedc\/uploads\/image\/post\/gettyimages-1248222880-edit-custom-56c6d1e2c1b66a1c064333d35c4fbf21862ae655-1744069853725_760_507.webp 760w,\n                                \/filesedc\/uploads\/image\/post\/gettyimages-1248222880-edit-custom-56c6d1e2c1b66a1c064333d35c4fbf21862ae655-1744069853725_1200_800.webp 1200w,\n                                \/filesedc\/uploads\/image\/post\/gettyimages-1248222880-edit-custom-56c6d1e2c1b66a1c064333d35c4fbf21862ae655-1744069853725_1600_1067.webp 1600w\"><img decoding=\"async\" src=\"https:\/\/derechadiario.com.ar\/filesedc\/uploads\/image\/post\/gettyimages-1248222880-edit-custom-56c6d1e2c1b66a1c064333d35c4fbf21862ae655-1744069853725_1200_800.webp\" class=\"img-responsive lazyload\" alt=\"Un juez de pie en una sala de audiencias con un escudo en la pared y una bandera estadounidense al fondo.\" title=\"Un juez de pie en una sala de audiencias con un escudo en la pared y una bandera estadounidense al fondo.\"><\/picture>\n<div>\n<span class=\"img_footer\">El juez Boasberg hab\u00eda emitido una orden que imped\u00eda a Trump hacer uso de esta ley <\/span>| <span class=\"img_author\">La Derecha Diario<\/span>\n<\/div>\n<\/div>\n<p>La Corte Suprema\u00a0<strong>levant\u00f3 la suspensi\u00f3n de la orden de deportaci\u00f3n<\/strong>, permitiendo que la administraci\u00f3n Trump contin\u00fae con el uso de la Ley de Enemigos Extranjeros <strong>mientras el litigio sobre su aplicaci\u00f3n sigue su curso en los tribunales inferiores.<\/strong><\/p>\n<aside class=\"are-you-interested-container-photo\"><\/aside>\n<p>Esta victoria representa un avance significativo para la Casa Blanca, ya que permitir\u00e1 a las autoridades de inmigraci\u00f3n utilizar esta amplia autoridad en tiempos de guerra para deportar r\u00e1pidamente a los miembros de pandillas, <strong>como los acusados de pertenecer al Tren de Aragua<\/strong>, a El Salvador, donde podr\u00edan ser encarcelados en prisiones de alta seguridad.<\/p>\n<p>En su apelaci\u00f3n de emergencia, Trump enmarc\u00f3 el caso como una lucha sobre el poder judicial, argumentando correctamente que la decisi\u00f3n del juez Boasberg de bloquear la aplicaci\u00f3n de la ley <strong>socavaba su capacidad para proteger a Estados Unidos de amenazas extranjeras<\/strong>, como las pandillas. La Corte Suprema acept\u00f3 la solicitud de la administraci\u00f3n, anulando las \u00f3rdenes de Boasberg.<\/p>\n<figure><img decoding=\"async\" src=\"https:\/\/derechadiario.com.ar\/filesedc\/uploads\/image\/post\/nprbrightspotcdn-1744070252961_1200_800.webp\" class=\"img-responsive lazyload\" alt=\"Un grupo de personas vestidas de blanco est\u00e1n sentadas en el suelo, mientras un hombre de espaldas con una gorra que dice \" justicia las observa al fondo hay m personas de pie. title=\"Un grupo de personas vestidas de blanco est\u00e1n sentadas en el suelo, mientras un hombre de espaldas con una gorra que dice \"><\/figure>\n<p>Sin embargo, la corte dej\u00f3 en claro que las personas sujetas a deportaci\u00f3n bajo la Ley de Enemigos Extranjeros <strong>deben recibir un aviso adecuado de que est\u00e1n siendo deportadas bajo esta autoridad<\/strong> y se les debe dar la oportunidad de impugnar su expulsi\u00f3n.<\/p>\n<p>La decisi\u00f3n subraya que los migrantes <strong>deber\u00e1n recibir el aviso con el tiempo suficiente para presentar una solicitud de habeas corpus<\/strong>\u00a0e\u00a0impugnar su deportaci\u00f3n antes de que esta se lleve a cabo.<\/p>\n<p>Los abogados de los migrantes <strong>hab\u00edan expresado su preocupaci\u00f3n de que la rapidez del proceso de deportaci\u00f3n dejara a sus clientes sin tiempo<\/strong> para presentar quejas legales.<\/p>\n<p>La decisi\u00f3n <strong>fue acompa\u00f1ada de una disidencia de los tres jueces liberales de la Corte<\/strong> Suprema, mientras que la jueza <strong>Amy Coney Barrett<\/strong>, miembro de la corriente conservadora, <strong>present\u00f3 una disidencia parcial<\/strong>.\u00a0<\/p>\n<aside class=\"whatsappChannelText\"><a href=\"https:\/\/whatsapp.com\/channel\/0029VagEjILGE56eKjedWF2U\" rel=\"nofollow\" title=\"WhatsApp Link\"><img alt=\"Logo de WhatsApp\" class=\"lazyload\" data-src=\"https:\/\/derechadiario.com.ar\/filesedc\/uploads\/other\/whatsapp_icon_mid_article.png\" width=\"32\" height=\"32\"><\/a> <a href=\"https:\/\/whatsapp.com\/channel\/0029VagEjILGE56eKjedWF2U\" rel=\"nofollow\" title=\"WhatsApp Link\"><strong>NO SE PIERDAN NINGUNA NOTICIA<\/strong>: Click aqu\u00ed para sumarte <strong>GRATIS<\/strong> al canal de noticias de <strong>La Derecha Diario en WhatsApp.<\/strong><\/a><\/aside>\n<figure><img decoding=\"async\" src=\"https:\/\/derechadiario.com.ar\/filesedc\/uploads\/image\/post\/amy-coney-barrett-resized_1200_800.webp\" class=\"img-responsive lazyload\" alt=\"Una mujer con cabello casta\u00f1o y expresi\u00f3n seria est\u00e1 frente a una bandera de Estados Unidos.\" title=\"Una mujer con cabello casta\u00f1o y expresi\u00f3n seria est\u00e1 frente a una bandera de Estados Unidos.\"><\/figure>\n","protected":false},"excerpt":{"rendered":"<p>La Corte Suprema de Estados Unidos permiti\u00f3 que la administraci\u00f3n de Trump reanudara las deportaciones de miembros de pandillas venezolanas bajo la Ley de Enemigos Extranjeros de 1798, despu\u00e9s de que un tribunal inferior bloqueara temporalmente el uso de esta ley. El juez jefe del Tribunal de Distrito de DC, James Boasberg, hab\u00eda emitido una [&hellip;]<\/p>\n","protected":false},"author":2,"featured_media":1650,"comment_status":"open","ping_status":"open","sticky":false,"template":"","format":"standard","meta":{"_et_pb_use_builder":"","_et_pb_old_content":"","_et_gb_content_width":"","footnotes":""},"categories":[187,79,188],"tags":[],"class_list":["post-1649","post","type-post","status-publish","format-standard","has-post-thumbnail","hentry","category-corte","category-internacionales","category-suprema"],"_links":{"self":[{"href":"https:\/\/verdadincomodadiario.ar\/index.php?rest_route=\/wp\/v2\/posts\/1649","targetHints":{"allow":["GET"]}}],"collection":[{"href":"https:\/\/verdadincomodadiario.ar\/index.php?rest_route=\/wp\/v2\/posts"}],"about":[{"href":"https:\/\/verdadincomodadiario.ar\/index.php?rest_route=\/wp\/v2\/types\/post"}],"author":[{"embeddable":true,"href":"https:\/\/verdadincomodadiario.ar\/index.php?rest_route=\/wp\/v2\/users\/2"}],"replies":[{"embeddable":true,"href":"https:\/\/verdadincomodadiario.ar\/index.php?rest_route=%2Fwp%2Fv2%2Fcomments&post=1649"}],"version-history":[{"count":0,"href":"https:\/\/verdadincomodadiario.ar\/index.php?rest_route=\/wp\/v2\/posts\/1649\/revisions"}],"wp:featuredmedia":[{"embeddable":true,"href":"https:\/\/verdadincomodadiario.ar\/index.php?rest_route=\/wp\/v2\/media\/1650"}],"wp:attachment":[{"href":"https:\/\/verdadincomodadiario.ar\/index.php?rest_route=%2Fwp%2Fv2%2Fmedia&parent=1649"}],"wp:term":[{"taxonomy":"category","embeddable":true,"href":"https:\/\/verdadincomodadiario.ar\/index.php?rest_route=%2Fwp%2Fv2%2Fcategories&post=1649"},{"taxonomy":"post_tag","embeddable":true,"href":"https:\/\/verdadincomodadiario.ar\/index.php?rest_route=%2Fwp%2Fv2%2Ftags&post=1649"}],"curies":[{"name":"wp","href":"https:\/\/api.w.org\/{rel}","templated":true}]}}