{"id":1571,"date":"2025-04-09T21:00:04","date_gmt":"2025-04-09T21:00:04","guid":{"rendered":"https:\/\/verdadincomodadiario.ar\/?p=1571"},"modified":"2025-04-09T21:00:04","modified_gmt":"2025-04-09T21:00:04","slug":"asi-seria-la-hilux-electrica-que-toyota-planea-fabricar-en-argentina","status":"publish","type":"post","link":"https:\/\/verdadincomodadiario.ar\/?p=1571","title":{"rendered":"As\u00ed ser\u00eda la Hilux el\u00e9ctrica que Toyota planea fabricar en Argentina"},"content":{"rendered":"<p>La automotriz <a href=\"https:\/\/derechadiario.com.ar\/economia\/por-exigencia-gobierno-toyota-expuso-cuanto-encarecen-los-impuestos-sus-autos-argentina\" title=\"Por exigencia del Gobierno, Toyota expuso cu\u00e1nto encarecen los impuestos sus autos\"><strong>Toyota<\/strong><\/a> eval\u00faa fabricar una <strong>Hilux el\u00e9ctrica<\/strong> en su planta de <strong>Z\u00e1rate<\/strong>, Buenos Aires. Se trata de un modelo que nunca antes se produjo para el mercado argentino. La informaci\u00f3n fue difundida por el medio japon\u00e9s <em>Nikkei<\/em>.<\/p>\n<p>Por ahora, la marca no emiti\u00f3 ninguna confirmaci\u00f3n oficial. Sin embargo, el solo hecho de que se est\u00e9 considerando abre una puerta para el desarrollo de nuevas tecnolog\u00edas en el pa\u00eds.<\/p>\n<div class=\"inter_image image_horizontal\">\n<picture><source class=\"img-responsive\" type=\"image\/webp\" data-srcset=\"\/filesedc\/uploads\/image\/post\/planta-de-zarate-toyoa_300_200.webp 300w, \n\/filesedc\/uploads\/image\/post\/planta-de-zarate-toyoa_630_420.webp 630w,\n                                \/filesedc\/uploads\/image\/post\/planta-de-zarate-toyoa_760_507.webp 760w,\n                                \/filesedc\/uploads\/image\/post\/planta-de-zarate-toyoa_1200_800.webp 1200w,\n                                \/filesedc\/uploads\/image\/post\/planta-de-zarate-toyoa_1600_1067.webp 1600w\"><img decoding=\"async\" src=\"https:\/\/derechadiario.com.ar\/filesedc\/uploads\/image\/post\/planta-de-zarate-toyoa_1200_800.webp\" class=\"img-responsive lazyload\" alt=\"Veh\u00edculos Toyota estacionados frente a un edificio con el logo de la marca.\" title=\"Veh\u00edculos Toyota estacionados frente a un edificio con el logo de la marca.\"><\/picture>\n<div>\n<span class=\"img_footer\">Toyota eval\u00faa fabricar una Hilux el\u00e9ctrica en su planta de Z\u00e1rate <\/span>| <span class=\"img_author\">La Derecha Diario<\/span>\n<\/div>\n<\/div>\n<h2><strong>C\u00f3mo es la Toyota Hilux el\u00e9ctrica<\/strong><\/h2>\n<p>El concepto de esta versi\u00f3n fue presentado en diciembre de 2022, bajo el nombre de <strong>Hilux Revo BEV Concept<\/strong>. Se trata de un prototipo basado en la generaci\u00f3n actual de la pick up, pero con algunos cambios est\u00e9ticos y t\u00e9cnicos clave.<\/p>\n<p>Uno de los detalles m\u00e1s visibles es la <strong>parrilla delantera cerrada<\/strong>, t\u00edpica de los veh\u00edculos el\u00e9ctricos. Adem\u00e1s, cuenta con un <strong>puerto de carga<\/strong> ubicado en el panel delantero del lado del acompa\u00f1ante.<\/p>\n<figure><img decoding=\"async\" src=\"https:\/\/derechadiario.com.ar\/filesedc\/uploads\/image\/post\/toyota-hilux-electrica-argentina_1200_800.webp\" class=\"img-responsive lazyload\" alt=\"Una camioneta blanca de doble cabina exhibida en un escenario iluminado.\" title=\"Una camioneta blanca de doble cabina exhibida en un escenario iluminado.\"><\/figure>\n<h3><strong>Qu\u00e9 dijo Toyota sobre esta pick up el\u00e9ctrica<\/strong><\/h3>\n<p>En la presentaci\u00f3n del concept, <strong>Akio Toyoda<\/strong>, presidente global de <a href=\"https:\/\/derechadiario.com.ar\/economia\/gracias-milei-toyota-anuncio-que-bajara-precio-sus-autos-desde-lunes\" title=\"Gracias a Milei, Toyota anunci\u00f3 que bajar\u00e1 el precio de sus autos desde el lunes\">Toyota<\/a>, destac\u00f3 que el objetivo es reducir las emisiones de carbono. &#8220;El carbono es el verdadero enemigo, no un tipo de tren motriz&#8221;, explic\u00f3.<\/p>\n<p>Tambi\u00e9n sostuvo que la firma apuesta por una estrategia diversificada: <strong>veh\u00edculos h\u00edbridos, enchufables, el\u00e9ctricos a bater\u00eda y a hidr\u00f3geno<\/strong>. La Hilux el\u00e9ctrica se enmarca en esa visi\u00f3n de ofrecer una gama completa de opciones para lograr la neutralidad de carbono.<\/p>\n<figure><img decoding=\"async\" src=\"https:\/\/derechadiario.com.ar\/filesedc\/uploads\/image\/post\/toyota-hilux-electrica-zarate-argentina_1200_800.webp\" class=\"img-responsive lazyload\" alt=\"Una camioneta blanca de cabina sencilla exhibida en un escenario iluminado.\" title=\"Una camioneta blanca de cabina sencilla exhibida en un escenario iluminado.\"><\/figure>\n<h3><strong>El rol de Tailandia<\/strong><\/h3>\n<p>Seg\u00fan Toyoda, parte del desarrollo del prototipo se llev\u00f3 adelante en <strong>Tailandia<\/strong>. Aunque sorprenda, ese pa\u00eds tiene una fuerte cultura vinculada a las pick ups medianas, al igual que la Argentina.<\/p>\n<aside class=\"whatsappChannelText\"><a href=\"https:\/\/whatsapp.com\/channel\/0029VagEjILGE56eKjedWF2U\" rel=\"nofollow\" title=\"WhatsApp Link\"><img alt=\"Logo de WhatsApp\" class=\"lazyload\" data-src=\"https:\/\/derechadiario.com.ar\/filesedc\/uploads\/other\/whatsapp_icon_mid_article.png\" width=\"32\" height=\"32\"><\/a> <a href=\"https:\/\/whatsapp.com\/channel\/0029VagEjILGE56eKjedWF2U\" rel=\"nofollow\" title=\"WhatsApp Link\"><strong>NO SE PIERDAN NINGUNA NOTICIA<\/strong>: Click aqu\u00ed para sumarte <strong>GRATIS<\/strong> al canal de noticias de <strong>La Derecha Diario en WhatsApp.<\/strong><\/a><\/aside>\n<p>Esto refuerza la posibilidad de que la producci\u00f3n en Z\u00e1rate se concrete. Toyota ya tiene experiencia con este modelo en mercados similares al argentino.<\/p>\n<figure><img decoding=\"async\" src=\"https:\/\/derechadiario.com.ar\/filesedc\/uploads\/image\/post\/toyota-planta-tailandia_1200_800.webp\" class=\"img-responsive lazyload\" alt=\"Trabajadores inspeccionando una camioneta en una l\u00ednea de ensamblaje de f\u00e1brica.\" title=\"Trabajadores inspeccionando una camioneta en una l\u00ednea de ensamblaje de f\u00e1brica.\"><\/figure>\n<h2><strong>El impacto en la industria automotriz argentina<\/strong><\/h2>\n<p>La fabricaci\u00f3n de una <strong>Hilux el\u00e9ctrica en Z\u00e1rate<\/strong> representar\u00eda un salto importante para la industria local. No solo por el avance tecnol\u00f3gico, sino tambi\u00e9n por el posicionamiento regional de Argentina como centro productivo de veh\u00edculos sustentables.<\/p>\n<p>Adem\u00e1s, significar\u00eda un respaldo a largo plazo de Toyota en el pa\u00eds, con impacto en el empleo, las exportaciones y la innovaci\u00f3n.<\/p>\n","protected":false},"excerpt":{"rendered":"<p>La automotriz Toyota eval\u00faa fabricar una Hilux el\u00e9ctrica en su planta de Z\u00e1rate, Buenos Aires. Se trata de un modelo que nunca antes se produjo para el mercado argentino. La informaci\u00f3n fue difundida por el medio japon\u00e9s Nikkei. Por ahora, la marca no emiti\u00f3 ninguna confirmaci\u00f3n oficial. Sin embargo, el solo hecho de que se [&hellip;]<\/p>\n","protected":false},"author":2,"featured_media":1572,"comment_status":"open","ping_status":"open","sticky":false,"template":"","format":"standard","meta":{"_et_pb_use_builder":"","_et_pb_old_content":"","_et_gb_content_width":"","footnotes":""},"categories":[80],"tags":[],"class_list":["post-1571","post","type-post","status-publish","format-standard","has-post-thumbnail","hentry","category-economia-2"],"_links":{"self":[{"href":"https:\/\/verdadincomodadiario.ar\/index.php?rest_route=\/wp\/v2\/posts\/1571","targetHints":{"allow":["GET"]}}],"collection":[{"href":"https:\/\/verdadincomodadiario.ar\/index.php?rest_route=\/wp\/v2\/posts"}],"about":[{"href":"https:\/\/verdadincomodadiario.ar\/index.php?rest_route=\/wp\/v2\/types\/post"}],"author":[{"embeddable":true,"href":"https:\/\/verdadincomodadiario.ar\/index.php?rest_route=\/wp\/v2\/users\/2"}],"replies":[{"embeddable":true,"href":"https:\/\/verdadincomodadiario.ar\/index.php?rest_route=%2Fwp%2Fv2%2Fcomments&post=1571"}],"version-history":[{"count":0,"href":"https:\/\/verdadincomodadiario.ar\/index.php?rest_route=\/wp\/v2\/posts\/1571\/revisions"}],"wp:featuredmedia":[{"embeddable":true,"href":"https:\/\/verdadincomodadiario.ar\/index.php?rest_route=\/wp\/v2\/media\/1572"}],"wp:attachment":[{"href":"https:\/\/verdadincomodadiario.ar\/index.php?rest_route=%2Fwp%2Fv2%2Fmedia&parent=1571"}],"wp:term":[{"taxonomy":"category","embeddable":true,"href":"https:\/\/verdadincomodadiario.ar\/index.php?rest_route=%2Fwp%2Fv2%2Fcategories&post=1571"},{"taxonomy":"post_tag","embeddable":true,"href":"https:\/\/verdadincomodadiario.ar\/index.php?rest_route=%2Fwp%2Fv2%2Ftags&post=1571"}],"curies":[{"name":"wp","href":"https:\/\/api.w.org\/{rel}","templated":true}]}}