{"id":1567,"date":"2025-04-09T21:00:06","date_gmt":"2025-04-09T21:00:06","guid":{"rendered":"https:\/\/verdadincomodadiario.ar\/?p=1567"},"modified":"2025-04-09T21:00:06","modified_gmt":"2025-04-09T21:00:06","slug":"el-fmi-confirmo-un-acuerdo-tecnico-por-us20-000-millones-con-el-gobierno-de-milei","status":"publish","type":"post","link":"https:\/\/verdadincomodadiario.ar\/?p=1567","title":{"rendered":"El FMI confirm\u00f3 un acuerdo t\u00e9cnico por u$s20.000 millones con el gobierno de Milei"},"content":{"rendered":"<p>En un nuevo hito para la econom\u00eda <a href=\"https:\/\/derechadiario.com.ar\/politica\/asi-fue-evento-libertad-avanza-san-isidro\" title=\"La Libertad Avanza refuerza su presencia en PBA con una caminata en San Isidro\">argentina<\/a>, el gobierno de\u00a0<a href=\"https:\/\/derechadiario.com.ar\/economia\/argentina-milei-oportunidad-historica\" title=\"La Argentina de Milei frente a una oportunidad hist\u00f3rica en el comercio global\">Javier Milei<\/a> alcanz\u00f3 un <strong>acuerdo t\u00e9cnico hist\u00f3rico<\/strong> con el \u00a0<strong>Fondo Monetario Internacional<\/strong> (FMI) para implementar un programa econ\u00f3mico integral bajo el <strong>Servicio Ampliado del Fondo<\/strong> (SAF). El convenio, que deber\u00e1 ser aprobado por el Directorio Ejecutivo del organismo en los pr\u00f3ximos d\u00edas, contempla \u00a0<strong>USD 20.000 millones<\/strong> \u2014el equivalente a 15.267 millones de Derechos Especiales de Giro (DEG), o el 479% de la cuota del pa\u00eds\u2014 y representa un espaldarazo rotundo al plan de estabilizaci\u00f3n encarado por la administraci\u00f3n libertaria.<\/p>\n<p>El anuncio fue <strong>confirmado<\/strong>\u00a0 desde <strong>Washington<\/strong>\u00a0 en un comunicado del FMI que subray\u00f3 <strong>\u201cel impresionante progreso inicial de las autoridades en la estabilizaci\u00f3n de la econom\u00eda, sustentado en un s\u00f3lido ancla fiscal\u201d<\/strong>, elogiando la r\u00e1pida ca\u00edda de la inflaci\u00f3n y la incipiente recuperaci\u00f3n de la actividad econ\u00f3mica y los indicadores sociales.<\/p>\n<div class=\"inter_image image_horizontal\">\n<picture><source class=\"img-responsive\" type=\"image\/webp\" data-srcset=\"\/filesedc\/uploads\/image\/post\/kristalina-georgieva-tweet-20250220-1971271_300_200.webp 300w, \n\/filesedc\/uploads\/image\/post\/kristalina-georgieva-tweet-20250220-1971271_630_420.webp 630w,\n                                \/filesedc\/uploads\/image\/post\/kristalina-georgieva-tweet-20250220-1971271_760_507.webp 760w,\n                                \/filesedc\/uploads\/image\/post\/kristalina-georgieva-tweet-20250220-1971271_1200_800.webp 1200w,\n                                \/filesedc\/uploads\/image\/post\/kristalina-georgieva-tweet-20250220-1971271_1600_1067.webp 1600w\"><img decoding=\"async\" src=\"https:\/\/derechadiario.com.ar\/filesedc\/uploads\/image\/post\/kristalina-georgieva-tweet-20250220-1971271_1200_800.webp\" class=\"img-responsive lazyload\" alt=\"Un grupo de personas posando frente a un fondo del Fondo Monetario Internacional.\" title=\"Un grupo de personas posando frente a un fondo del Fondo Monetario Internacional.\"><\/picture>\n<div>\n<span class=\"img_footer\">La reuni\u00f3n en Washington del gabinete libertario. <\/span>| <span class=\"img_author\">La Derecha Diario<\/span>\n<\/div>\n<\/div>\n<p>El cr\u00e9dito solicitado por Argentina tiene una caracter\u00edstica clave: <strong>ser\u00e1 de libre disponibilidad<\/strong>, es decir, el gobierno podr\u00e1 utilizar los fondos \u00a0<strong>sin restricciones operativas,<\/strong> una muestra de confianza por parte del organismo hacia la conducci\u00f3n econ\u00f3mica encabezada por el ministro \u00a0<strong>Luis \u201cToto\u201d Caputo.<\/strong> <strong>\u201cNo se trata de nueva deuda<\/strong> \u2014aclar\u00f3 el funcionario\u2014 \u00a0<strong>sino de un instrumento para recomprar las letras intransferibles en poder del Banco Central y recomponer as\u00ed su balance\u201d.<\/strong><\/p>\n<p>Desde la <strong>Casa Rosada<\/strong> aseguran que el ajuste fiscal y monetario m\u00e1s duro \u00a0<strong>ya fue realizado<\/strong>\u00a0 durante los primeros meses de gesti\u00f3n. Ahora, explican, <strong>es momento de avanzar<\/strong> hacia una liberalizaci\u00f3n ordenada del mercado cambiario, un objetivo central del modelo libertario que busca devolver previsibilidad y competitividad al pa\u00eds.<\/p>\n<aside class=\"are-you-interested-container-photo\"><\/aside>\n<figure><img decoding=\"async\" src=\"https:\/\/derechadiario.com.ar\/filesedc\/uploads\/image\/post\/906809-ghrhyvaw4aayqq9_1200_800.webp\" class=\"img-responsive lazyload\" alt=\"Dos personas sonrientes posan juntas mostrando gestos de aprobaci\u00f3n con los pulgares hacia arriba.\" title=\"Dos personas sonrientes posan juntas mostrando gestos de aprobaci\u00f3n con los pulgares hacia arriba.\"><\/figure>\n<p>Incluso la propia <strong>directora gerente<\/strong> del FMI, <strong>Kristalina Georgieva<\/strong>, respald\u00f3 p\u00fablicamente el enfoque del gobierno argentino. <strong>\u201cEs una solicitud razonable. Se la han ganado, dado su desempe\u00f1o\u201d<\/strong>, afirm\u00f3 en di\u00e1logo con la agencia <strong>Reuters<\/strong>, al referirse a la posibilidad de que el primer desembolso represente el <strong>40% del total acordado.<\/strong> La funcionaria tambi\u00e9n reconoci\u00f3 que Argentina finalmente est\u00e1 abordando <strong>\u201clas reformas econ\u00f3micas largamente esperadas\u201d.<\/strong><\/p>\n<aside class=\"whatsappChannelText\"><a href=\"https:\/\/whatsapp.com\/channel\/0029VagEjILGE56eKjedWF2U\" rel=\"nofollow\" title=\"WhatsApp Link\"><img alt=\"Logo de WhatsApp\" class=\"lazyload\" data-src=\"https:\/\/derechadiario.com.ar\/filesedc\/uploads\/other\/whatsapp_icon_mid_article.png\" width=\"32\" height=\"32\"><\/a> <a href=\"https:\/\/whatsapp.com\/channel\/0029VagEjILGE56eKjedWF2U\" rel=\"nofollow\" title=\"WhatsApp Link\"><strong>NO SE PIERDAN NINGUNA NOTICIA<\/strong>: Click aqu\u00ed para sumarte <strong>GRATIS<\/strong> al canal de noticias de <strong>La Derecha Diario en WhatsApp.<\/strong><\/a><\/aside>\n<p>La administraci\u00f3n nacional espera que \u00a0<strong>la aprobaci\u00f3n en el Directorio se concrete antes del fin de semana<\/strong>, lo que no solo reforzar\u00eda las reservas internacionales, sino que tambi\u00e9n servir\u00eda para despejar dudas en los mercados locales, que atravesaron semanas de volatilidad por factores externos y especulaciones en torno a la negociaci\u00f3n.<\/p>\n","protected":false},"excerpt":{"rendered":"<p>En un nuevo hito para la econom\u00eda argentina, el gobierno de\u00a0Javier Milei alcanz\u00f3 un acuerdo t\u00e9cnico hist\u00f3rico con el \u00a0Fondo Monetario Internacional (FMI) para implementar un programa econ\u00f3mico integral bajo el Servicio Ampliado del Fondo (SAF). El convenio, que deber\u00e1 ser aprobado por el Directorio Ejecutivo del organismo en los pr\u00f3ximos d\u00edas, contempla \u00a0USD 20.000 [&hellip;]<\/p>\n","protected":false},"author":2,"featured_media":1568,"comment_status":"open","ping_status":"open","sticky":false,"template":"","format":"standard","meta":{"_et_pb_use_builder":"","_et_pb_old_content":"","_et_gb_content_width":"","footnotes":""},"categories":[80],"tags":[],"class_list":["post-1567","post","type-post","status-publish","format-standard","has-post-thumbnail","hentry","category-economia-2"],"_links":{"self":[{"href":"https:\/\/verdadincomodadiario.ar\/index.php?rest_route=\/wp\/v2\/posts\/1567","targetHints":{"allow":["GET"]}}],"collection":[{"href":"https:\/\/verdadincomodadiario.ar\/index.php?rest_route=\/wp\/v2\/posts"}],"about":[{"href":"https:\/\/verdadincomodadiario.ar\/index.php?rest_route=\/wp\/v2\/types\/post"}],"author":[{"embeddable":true,"href":"https:\/\/verdadincomodadiario.ar\/index.php?rest_route=\/wp\/v2\/users\/2"}],"replies":[{"embeddable":true,"href":"https:\/\/verdadincomodadiario.ar\/index.php?rest_route=%2Fwp%2Fv2%2Fcomments&post=1567"}],"version-history":[{"count":0,"href":"https:\/\/verdadincomodadiario.ar\/index.php?rest_route=\/wp\/v2\/posts\/1567\/revisions"}],"wp:featuredmedia":[{"embeddable":true,"href":"https:\/\/verdadincomodadiario.ar\/index.php?rest_route=\/wp\/v2\/media\/1568"}],"wp:attachment":[{"href":"https:\/\/verdadincomodadiario.ar\/index.php?rest_route=%2Fwp%2Fv2%2Fmedia&parent=1567"}],"wp:term":[{"taxonomy":"category","embeddable":true,"href":"https:\/\/verdadincomodadiario.ar\/index.php?rest_route=%2Fwp%2Fv2%2Fcategories&post=1567"},{"taxonomy":"post_tag","embeddable":true,"href":"https:\/\/verdadincomodadiario.ar\/index.php?rest_route=%2Fwp%2Fv2%2Ftags&post=1567"}],"curies":[{"name":"wp","href":"https:\/\/api.w.org\/{rel}","templated":true}]}}