{"id":1563,"date":"2025-04-09T21:00:08","date_gmt":"2025-04-09T21:00:08","guid":{"rendered":"https:\/\/verdadincomodadiario.ar\/?p=1563"},"modified":"2025-04-09T21:00:08","modified_gmt":"2025-04-09T21:00:08","slug":"anses-cuando-cobro-pagos-del-miercoles-9-de-abril-para-jubilaciones-y-auh","status":"publish","type":"post","link":"https:\/\/verdadincomodadiario.ar\/?p=1563","title":{"rendered":"ANSES cu\u00e1ndo cobro: pagos del mi\u00e9rcoles 9 de abril para jubilaciones y AUH"},"content":{"rendered":"<p><strong>La <a href=\"https:\/\/derechadiario.com.ar\/economia\/anses-cambian-las-fechas-cobro-abril-por-los-feriados-semana-santa\" title=\"ANSES: cambian las fechas de cobro de abril por los feriados de Semana Santa\">ANSES<\/a><\/strong> dio a conocer el <strong>cronograma de pagos<\/strong> correspondiente al mi\u00e9rcoles 9 de abril de 2025. El calendario incluye el pago de <em>jubilaciones, pensiones, AUH, AUE, SUAF<\/em> y otras prestaciones sociales.<\/p>\n<p><strong>En esta fecha cobran titulares con DNI finalizados en 0 de varios beneficios<\/strong>. Tambi\u00e9n se mantienen vigentes pagos para <a href=\"https:\/\/derechadiario.com.ar\/economia\/programa-hogar-anses-abril-por-que-podrias-quedar-excluido-y-como-solucionarlo\" title=\"Programa Hogar ANSES en abril: por qu\u00e9 podr\u00edas quedar excluido y c\u00f3mo solucionarlo\">asignaciones<\/a> de pago \u00fanico y otras prestaciones con fechas m\u00e1s amplias.<\/p>\n<div class=\"inter_image image_horizontal\">\n<picture><source class=\"img-responsive\" type=\"image\/webp\" data-srcset=\"\/filesedc\/uploads\/image\/post\/anses-1-jpg_300_200.webp 300w, \n\/filesedc\/uploads\/image\/post\/anses-1-jpg_630_420.webp 630w,\n                                \/filesedc\/uploads\/image\/post\/anses-1-jpg_760_507.webp 760w,\n                                \/filesedc\/uploads\/image\/post\/anses-1-jpg_1200_800.webp 1200w,\n                                \/filesedc\/uploads\/image\/post\/anses-1-jpg_1600_1067.webp 1600w\"><img decoding=\"async\" src=\"https:\/\/derechadiario.com.ar\/filesedc\/uploads\/image\/post\/anses-1-jpg_1200_800.webp\" class=\"img-responsive lazyload\" alt=\"Fachada de una oficina de ANSES con un cartel azul y un coraz\u00f3n naranja.\" title=\"Fachada de una oficina de ANSES con un cartel azul y un coraz\u00f3n naranja.\"><\/picture>\n<div>\n<span class=\"img_footer\">Qui\u00e9nes cobran hoy seg\u00fan la terminaci\u00f3n del DNI <\/span>| <span class=\"img_author\">La Derecha Diario<\/span>\n<\/div>\n<\/div>\n<h2><strong>\u00bfQui\u00e9nes cobran hoy jubilaciones y pensiones?<\/strong><\/h2>\n<p>Este mi\u00e9rcoles 9 de abril cobran las <strong>jubilaciones y pensiones que no superan los $285.820,63<\/strong>.<\/p>\n<ul>\n<li>\n<strong>Documentos terminados en 0<\/strong>: cobran hoy mi\u00e9rcoles 9 de abril.<\/li>\n<\/ul>\n<figure><img decoding=\"async\" src=\"https:\/\/derechadiario.com.ar\/filesedc\/uploads\/image\/post\/jubilaciones-minimas-anses-abril_1200_800.webp\" class=\"img-responsive lazyload\" alt=\"Calendario de pagos de jubilaciones y pensiones que no superen el haber m\u00ednimo para el mes de abril, con fechas asignadas seg\u00fan la terminaci\u00f3n del n\u00famero de documento: 9\/4 para terminados en 0, 10\/4 en 1, 11\/4 en 2, 14\/4 en 3, 15\/4 en 4 y 5, 16\/4 en 6, 21\/4 en 7, 22\/4 en 8, y 23\/4 en 9.\" title=\"Calendario de pagos de jubilaciones y pensiones que no superen el haber m\u00ednimo para el mes de abril, con fechas asignadas seg\u00fan la terminaci\u00f3n del n\u00famero de documento: 9\/4 para terminados en 0, 10\/4 en 1, 11\/4 en 2, 14\/4 en 3, 15\/4 en 4 y 5, 16\/4 en 6, 21\/4 en 7, 22\/4 en 8, y 23\/4 en 9.\"><\/figure>\n<h2><strong>\u00bfQui\u00e9nes reciben la Asignaci\u00f3n Universal por Hijo (AUH) y la Tarjeta Alimentar?<\/strong><\/h2>\n<p>Tambi\u00e9n se realiza el pago de la <strong>AUH y la Tarjeta Alimentar<\/strong> para beneficiarios con DNI finalizados en 0.<\/p>\n<aside class=\"are-you-interested-container-photo\"><\/aside>\n<ul>\n<li>\n<strong>Documentos terminados en 0<\/strong>: cobran hoy mi\u00e9rcoles 9 de abril.<\/li>\n<\/ul>\n<figure><img decoding=\"async\" src=\"https:\/\/derechadiario.com.ar\/filesedc\/uploads\/image\/post\/anses-auh-abril_1200_800.webp\" class=\"img-responsive lazyload\" alt=\"Calendario de pagos de la Asignaci\u00f3n Familiar por Hijo y Asignaci\u00f3n Universal por Hijo para abril, con fechas espec\u00edficas seg\u00fan la terminaci\u00f3n del n\u00famero de documento.\" title=\"Calendario de pagos de la Asignaci\u00f3n Familiar por Hijo y Asignaci\u00f3n Universal por Hijo para abril, con fechas espec\u00edficas seg\u00fan la terminaci\u00f3n del n\u00famero de documento.\"><\/figure>\n<h2><strong>Asignaciones de pago \u00fanico: matrimonio, adopci\u00f3n y nacimiento<\/strong><\/h2>\n<p>Las <strong>asignaciones de pago \u00fanico<\/strong> contin\u00faan con su calendario vigente. Incluyen los beneficios por <em>matrimonio, nacimiento o adopci\u00f3n<\/em>.<\/p>\n<ul>\n<li>\n<strong>Todas las terminaciones de DNI<\/strong>: cobran hasta el jueves 10 de abril.<\/li>\n<\/ul>\n<figure><img decoding=\"async\" src=\"https:\/\/derechadiario.com.ar\/filesedc\/uploads\/image\/post\/asignacion-pago-unico-marzo-anses_1200_800.webp\" class=\"img-responsive lazyload\" alt=\"Asignaciones de pago \u00fanico para matrimonio, adopci\u00f3n y nacimiento, mes a cobrar marzo, con fechas de cobro del 13\/3 al 10\/4 para la primera quincena y del 26\/3 al 10\/4 para la segunda quincena.\" title=\"Asignaciones de pago \u00fanico para matrimonio, adopci\u00f3n y nacimiento, mes a cobrar marzo, con fechas de cobro del 13\/3 al 10\/4 para la primera quincena y del 26\/3 al 10\/4 para la segunda quincena.\"><\/figure>\n<h2><strong>Pensiones no contributivas (PNC): qui\u00e9nes cobran hoy<\/strong><\/h2>\n<p>Se realiza el pago de <strong>pensiones no contributivas<\/strong> (PNC) para los beneficiarios habilitados seg\u00fan la terminaci\u00f3n de su documento.<\/p>\n<ul>\n<li>\n<strong>Documentos terminados en 0 y 1<\/strong>: cobran hoy mi\u00e9rcoles 9 de abril.<\/li>\n<\/ul>\n<aside class=\"whatsappChannelText\"><a href=\"https:\/\/whatsapp.com\/channel\/0029VagEjILGE56eKjedWF2U\" rel=\"nofollow\" title=\"WhatsApp Link\"><img alt=\"Logo de WhatsApp\" class=\"lazyload\" data-src=\"https:\/\/derechadiario.com.ar\/filesedc\/uploads\/other\/whatsapp_icon_mid_article.png\" width=\"32\" height=\"32\"><\/a> <a href=\"https:\/\/whatsapp.com\/channel\/0029VagEjILGE56eKjedWF2U\" rel=\"nofollow\" title=\"WhatsApp Link\"><strong>NO SE PIERDAN NINGUNA NOTICIA<\/strong>: Click aqu\u00ed para sumarte <strong>GRATIS<\/strong> al canal de noticias de <strong>La Derecha Diario en WhatsApp.<\/strong><\/a><\/aside>\n<figure><img decoding=\"async\" src=\"https:\/\/derechadiario.com.ar\/filesedc\/uploads\/image\/post\/pnc-anses-abril_1200_800.webp\" class=\"img-responsive lazyload\" alt=\"Calendario de pago para pensiones no contributivas en abril, con fechas seg\u00fan la terminaci\u00f3n del documento: 0 y 1 el 9\/4, 2 y 3 el 9\/4, 4 y 5 el 10\/4, 6 y 7 el 10\/4, 8 y 9 el 11\/4.\" title=\"Calendario de pago para pensiones no contributivas en abril, con fechas seg\u00fan la terminaci\u00f3n del documento: 0 y 1 el 9\/4, 2 y 3 el 9\/4, 4 y 5 el 10\/4, 6 y 7 el 10\/4, 8 y 9 el 11\/4.\"><\/figure>\n<h2><strong>Asignaciones familiares de Pensiones No Contributivas<\/strong><\/h2>\n<p>Tambi\u00e9n siguen los pagos de las <strong>asignaciones familiares para PNC<\/strong>. El calendario se extiende durante varias semanas.<\/p>\n<ul>\n<li>\n<strong>Todas las terminaciones de DNI<\/strong>: cobran hasta el 12 de mayo.<\/li>\n<\/ul>\n<figure><img decoding=\"async\" src=\"https:\/\/derechadiario.com.ar\/filesedc\/uploads\/image\/post\/asignaciones-familiares-pnc-anses_1200_800.webp\" class=\"img-responsive lazyload\" alt=\"Asignaciones Familiares de Pensiones No Contributivas para cobrar en abril, todas las terminaciones de DNI del 9 de abril al 12 de mayo.\" title=\"Asignaciones Familiares de Pensiones No Contributivas para cobrar en abril, todas las terminaciones de DNI del 9 de abril al 12 de mayo.\"><\/figure>\n<h2><strong>Prestaci\u00f3n por Desempleo: qui\u00e9nes cobran esta semana<\/strong><\/h2>\n<p>La <strong>Prestaci\u00f3n por Desempleo<\/strong> contin\u00faa su cronograma esta semana para todas las terminaciones de DNI.<\/p>\n<aside class=\"are-you-interested-container-photo\"><\/aside>\n<ul>\n<li>\n<strong>Todas las terminaciones de DNI<\/strong>: cobran hasta el jueves 10 de abril.<\/li>\n<\/ul>\n<figure><img decoding=\"async\" src=\"https:\/\/derechadiario.com.ar\/filesedc\/uploads\/image\/post\/desempleo-plan-2-anses-abril_1200_800.webp\" class=\"img-responsive lazyload\" alt=\"Plan de desempleo 2 para cobrar en marzo, todas las terminaciones de DNI del 4 al 10 de abril.\" title=\"Plan de desempleo 2 para cobrar en marzo, todas las terminaciones de DNI del 4 al 10 de abril.\"><\/figure>\n","protected":false},"excerpt":{"rendered":"<p>La ANSES dio a conocer el cronograma de pagos correspondiente al mi\u00e9rcoles 9 de abril de 2025. El calendario incluye el pago de jubilaciones, pensiones, AUH, AUE, SUAF y otras prestaciones sociales. En esta fecha cobran titulares con DNI finalizados en 0 de varios beneficios. Tambi\u00e9n se mantienen vigentes pagos para asignaciones de pago \u00fanico [&hellip;]<\/p>\n","protected":false},"author":2,"featured_media":1564,"comment_status":"open","ping_status":"open","sticky":false,"template":"","format":"standard","meta":{"_et_pb_use_builder":"","_et_pb_old_content":"","_et_gb_content_width":"","footnotes":""},"categories":[80],"tags":[],"class_list":["post-1563","post","type-post","status-publish","format-standard","has-post-thumbnail","hentry","category-economia-2"],"_links":{"self":[{"href":"https:\/\/verdadincomodadiario.ar\/index.php?rest_route=\/wp\/v2\/posts\/1563","targetHints":{"allow":["GET"]}}],"collection":[{"href":"https:\/\/verdadincomodadiario.ar\/index.php?rest_route=\/wp\/v2\/posts"}],"about":[{"href":"https:\/\/verdadincomodadiario.ar\/index.php?rest_route=\/wp\/v2\/types\/post"}],"author":[{"embeddable":true,"href":"https:\/\/verdadincomodadiario.ar\/index.php?rest_route=\/wp\/v2\/users\/2"}],"replies":[{"embeddable":true,"href":"https:\/\/verdadincomodadiario.ar\/index.php?rest_route=%2Fwp%2Fv2%2Fcomments&post=1563"}],"version-history":[{"count":0,"href":"https:\/\/verdadincomodadiario.ar\/index.php?rest_route=\/wp\/v2\/posts\/1563\/revisions"}],"wp:featuredmedia":[{"embeddable":true,"href":"https:\/\/verdadincomodadiario.ar\/index.php?rest_route=\/wp\/v2\/media\/1564"}],"wp:attachment":[{"href":"https:\/\/verdadincomodadiario.ar\/index.php?rest_route=%2Fwp%2Fv2%2Fmedia&parent=1563"}],"wp:term":[{"taxonomy":"category","embeddable":true,"href":"https:\/\/verdadincomodadiario.ar\/index.php?rest_route=%2Fwp%2Fv2%2Fcategories&post=1563"},{"taxonomy":"post_tag","embeddable":true,"href":"https:\/\/verdadincomodadiario.ar\/index.php?rest_route=%2Fwp%2Fv2%2Ftags&post=1563"}],"curies":[{"name":"wp","href":"https:\/\/api.w.org\/{rel}","templated":true}]}}