{"id":1561,"date":"2025-04-09T21:00:09","date_gmt":"2025-04-09T21:00:09","guid":{"rendered":"https:\/\/verdadincomodadiario.ar\/?p=1561"},"modified":"2025-04-09T21:00:09","modified_gmt":"2025-04-09T21:00:09","slug":"libreta-auh-2025-como-hacer-el-tramite-para-cobrar-el-20-retenido","status":"publish","type":"post","link":"https:\/\/verdadincomodadiario.ar\/?p=1561","title":{"rendered":"Libreta AUH 2025: c\u00f3mo hacer el tr\u00e1mite para cobrar el 20% retenido"},"content":{"rendered":"<p>La <a href=\"https:\/\/derechadiario.com.ar\/economia\/anses-cambian-las-fechas-cobro-abril-por-los-feriados-semana-santa\" title=\"ANSES: cambian las fechas de cobro de abril por los feriados de Semana Santa\"><strong>ANSES<\/strong><\/a> habilit\u00f3 la presentaci\u00f3n de la <a href=\"https:\/\/derechadiario.com.ar\/economia\/anses-cuando-cobro-pagos-del-miercoles-9-abril-para-jubilaciones-y-auh\" title=\"ANSES cu\u00e1ndo cobro: pagos del mi\u00e9rcoles 9 de abril para jubilaciones y AUH\"><strong>Libreta de la Asignaci\u00f3n Universal por Hijo<\/strong> (AUH) 2025<\/a>. Este tr\u00e1mite es clave para cobrar el <strong>20% retenido<\/strong> durante el a\u00f1o anterior. Hay tiempo hasta el 31 de diciembre.<\/p>\n<p>La <strong>Libreta AUH<\/strong> deben presentarla las madres, padres o tutores de chicos menores de 18 a\u00f1os, o sin l\u00edmite de edad si tienen discapacidad.<\/p>\n<div class=\"inter_image image_horizontal\">\n<picture><source class=\"img-responsive\" type=\"image\/webp\" data-srcset=\"\/filesedc\/uploads\/image\/post\/libreta-auh-2025-reintegro_300_200.webp 300w, \n\/filesedc\/uploads\/image\/post\/libreta-auh-2025-reintegro_630_420.webp 630w,\n                                \/filesedc\/uploads\/image\/post\/libreta-auh-2025-reintegro_760_507.webp 760w,\n                                \/filesedc\/uploads\/image\/post\/libreta-auh-2025-reintegro_1200_800.webp 1200w,\n                                \/filesedc\/uploads\/image\/post\/libreta-auh-2025-reintegro_1600_1067.webp 1600w\"><img decoding=\"async\" src=\"https:\/\/derechadiario.com.ar\/filesedc\/uploads\/image\/post\/libreta-auh-2025-reintegro_1200_800.webp\" class=\"img-responsive lazyload\" alt=\"Formularios de ANSES y libreta de seguridad social sobre una mesa.\" title=\"Formularios de ANSES y libreta de seguridad social sobre una mesa.\"><\/picture>\n<div>\n<span class=\"img_footer\">La Libreta AUH deben presentarla las madres, padres o tutores de chicos menores de 18 a\u00f1os <\/span>| <span class=\"img_author\">La Derecha Diario<\/span>\n<\/div>\n<\/div>\n<p>Est\u00e1 destinada a beneficiarios que sean <strong>desocupados<\/strong>, trabajen en la informalidad, en casas particulares o est\u00e9n inscriptos como <strong>monotributistas sociales<\/strong>.<\/p>\n<h2><strong>\u00bfPara qu\u00e9 sirve la Libreta?<\/strong><\/h2>\n<p>La Libreta es un documento que acredita que el menor:<\/p>\n<aside class=\"are-you-interested-container-photo\"><\/aside>\n<ul>\n<li>Fue a la escuela durante el a\u00f1o<\/li>\n<li>Recibi\u00f3 controles m\u00e9dicos y vacunas<\/li>\n<\/ul>\n<p>Una vez cargada en el sistema, se libera el pago del 20% retenido de la AUH del a\u00f1o anterior.<\/p>\n<figure><img decoding=\"async\" src=\"https:\/\/derechadiario.com.ar\/filesedc\/uploads\/image\/post\/libreta-auh_1200_800.webp\" class=\"img-responsive lazyload\" alt=\"Formulario de ANSES sobre una mesa con un bol\u00edgrafo blanco.\" title=\"Formulario de ANSES sobre una mesa con un bol\u00edgrafo blanco.\"><\/figure>\n<h2><strong>\u00bfC\u00f3mo se tramita la Libreta AUH paso a paso?<\/strong><\/h2>\n<p>El \u00fanico formulario v\u00e1lido es el que se genera desde la p\u00e1gina oficial de ANSES.<\/p>\n<p>Una vez completo por la escuela o centro de salud, hay que cargarlo en <strong>Mi ANSES<\/strong>, ya sea desde la web o la app oficial.<\/p>\n<figure><img decoding=\"async\" src=\"https:\/\/derechadiario.com.ar\/filesedc\/uploads\/image\/post\/auh-anses-cuando-cobro-febrero_1200_800.webp\" class=\"img-responsive lazyload\" alt=\"Una mujer con dos ni\u00f1os peque\u00f1os mirando una computadora port\u00e1til juntos en un ambiente hogare\u00f1o.\" title=\"Una mujer con dos ni\u00f1os peque\u00f1os mirando una computadora port\u00e1til juntos en un ambiente hogare\u00f1o.\"><\/figure>\n<h3><strong>1. Ingresar a Mi ANSES<\/strong><\/h3>\n<p>Entrar a <strong>Mi ANSES<\/strong> con <em>CUIL<\/em> y <em>Clave de la Seguridad Social<\/em>.<\/p>\n<aside class=\"are-you-interested-container-photo\"><\/aside>\n<h3><strong>2. Consultar los datos<\/strong><\/h3>\n<p>Ir a la secci\u00f3n <strong>Hijos > Libreta AUH<\/strong> y verificar que la informaci\u00f3n del menor est\u00e9 completa y correcta.<\/p>\n<h3><strong>3. Generar el formulario<\/strong><\/h3>\n<p>Si falta informaci\u00f3n, hacer clic en <strong>&#8220;Generar Libreta&#8221;<\/strong> para descargarla o enviarla por mail.<\/p>\n<p>Se debe <strong>imprimir en una sola hoja<\/strong> y llevar al centro de salud o la escuela para que lo completen y firmen.<\/p>\n<h3><strong>4. Cargar la Libreta en Mi ANSES<\/strong><\/h3>\n<p>Tomar una <strong>foto bien iluminada<\/strong> del formulario, sobre una superficie plana y que se vean las cuatro esquinas.<\/p>\n<p>La imagen debe estar en <em>formato JPG<\/em>, pesar menos de 3 MB y cargarse desde <strong>Mi ANSES > Hijos > Subir Libreta AUH<\/strong>.<\/p>\n<h2><strong>\u00bfC\u00f3mo saber si el tr\u00e1mite se hizo correctamente?<\/strong><\/h2>\n<p>Una vez subida la libreta, ANSES env\u00eda un <strong>correo electr\u00f3nico de confirmaci\u00f3n<\/strong>.<\/p>\n<p>Si no llega, se puede revisar el estado del tr\u00e1mite ingresando nuevamente a <strong>Mi ANSES<\/strong>.<\/p>\n<figure><img decoding=\"async\" src=\"https:\/\/derechadiario.com.ar\/filesedc\/uploads\/image\/post\/anses-1-jpg_1200_800.webp\" class=\"img-responsive lazyload\" alt=\"Fachada de una oficina de ANSES con un cartel azul y un coraz\u00f3n naranja.\" title=\"Fachada de una oficina de ANSES con un cartel azul y un coraz\u00f3n naranja.\"><\/figure>\n<h2><strong>\u00bfHasta cu\u00e1ndo hay tiempo para presentar la Libreta?<\/strong><\/h2>\n<p>La fecha l\u00edmite para cargar la Libreta AUH 2025 es el <strong>31 de diciembre<\/strong>.<\/p>\n<aside class=\"whatsappChannelText\"><a href=\"https:\/\/whatsapp.com\/channel\/0029VagEjILGE56eKjedWF2U\" rel=\"nofollow\" title=\"WhatsApp Link\"><img alt=\"Logo de WhatsApp\" class=\"lazyload\" data-src=\"https:\/\/derechadiario.com.ar\/filesedc\/uploads\/other\/whatsapp_icon_mid_article.png\" width=\"32\" height=\"32\"><\/a> <a href=\"https:\/\/whatsapp.com\/channel\/0029VagEjILGE56eKjedWF2U\" rel=\"nofollow\" title=\"WhatsApp Link\"><strong>NO SE PIERDAN NINGUNA NOTICIA<\/strong>: Click aqu\u00ed para sumarte <strong>GRATIS<\/strong> al canal de noticias de <strong>La Derecha Diario en WhatsApp.<\/strong><\/a><\/aside>\n<p>Despu\u00e9s de esa fecha, se pierde el derecho al cobro del 20% retenido durante 2024.<\/p>\n","protected":false},"excerpt":{"rendered":"<p>La ANSES habilit\u00f3 la presentaci\u00f3n de la Libreta de la Asignaci\u00f3n Universal por Hijo (AUH) 2025. Este tr\u00e1mite es clave para cobrar el 20% retenido durante el a\u00f1o anterior. Hay tiempo hasta el 31 de diciembre. La Libreta AUH deben presentarla las madres, padres o tutores de chicos menores de 18 a\u00f1os, o sin l\u00edmite [&hellip;]<\/p>\n","protected":false},"author":2,"featured_media":1562,"comment_status":"open","ping_status":"open","sticky":false,"template":"","format":"standard","meta":{"_et_pb_use_builder":"","_et_pb_old_content":"","_et_gb_content_width":"","footnotes":""},"categories":[80],"tags":[],"class_list":["post-1561","post","type-post","status-publish","format-standard","has-post-thumbnail","hentry","category-economia-2"],"_links":{"self":[{"href":"https:\/\/verdadincomodadiario.ar\/index.php?rest_route=\/wp\/v2\/posts\/1561","targetHints":{"allow":["GET"]}}],"collection":[{"href":"https:\/\/verdadincomodadiario.ar\/index.php?rest_route=\/wp\/v2\/posts"}],"about":[{"href":"https:\/\/verdadincomodadiario.ar\/index.php?rest_route=\/wp\/v2\/types\/post"}],"author":[{"embeddable":true,"href":"https:\/\/verdadincomodadiario.ar\/index.php?rest_route=\/wp\/v2\/users\/2"}],"replies":[{"embeddable":true,"href":"https:\/\/verdadincomodadiario.ar\/index.php?rest_route=%2Fwp%2Fv2%2Fcomments&post=1561"}],"version-history":[{"count":0,"href":"https:\/\/verdadincomodadiario.ar\/index.php?rest_route=\/wp\/v2\/posts\/1561\/revisions"}],"wp:featuredmedia":[{"embeddable":true,"href":"https:\/\/verdadincomodadiario.ar\/index.php?rest_route=\/wp\/v2\/media\/1562"}],"wp:attachment":[{"href":"https:\/\/verdadincomodadiario.ar\/index.php?rest_route=%2Fwp%2Fv2%2Fmedia&parent=1561"}],"wp:term":[{"taxonomy":"category","embeddable":true,"href":"https:\/\/verdadincomodadiario.ar\/index.php?rest_route=%2Fwp%2Fv2%2Fcategories&post=1561"},{"taxonomy":"post_tag","embeddable":true,"href":"https:\/\/verdadincomodadiario.ar\/index.php?rest_route=%2Fwp%2Fv2%2Ftags&post=1561"}],"curies":[{"name":"wp","href":"https:\/\/api.w.org\/{rel}","templated":true}]}}