{"id":1559,"date":"2025-04-09T21:00:10","date_gmt":"2025-04-09T21:00:10","guid":{"rendered":"https:\/\/verdadincomodadiario.ar\/?p=1559"},"modified":"2025-04-09T21:00:10","modified_gmt":"2025-04-09T21:00:10","slug":"mercado-libre-invertira-us2600-millones-en-argentina-y-sumara-2000-empleos-en-2025","status":"publish","type":"post","link":"https:\/\/verdadincomodadiario.ar\/?p=1559","title":{"rendered":"Mercado Libre invertir\u00e1 US$2600 millones en Argentina y sumar\u00e1 2000 empleos en 2025"},"content":{"rendered":"<p>En el marco de la primera edici\u00f3n local de <strong><a href=\"https:\/\/derechadiario.com.ar\/politica\/justicia-le-vuelve-cerrar-puerta-camioneros-su-disputa-con-mercado-libre\" title=\"La Justicia nuevamente fall\u00f3 a favor de Mercado Libre en el conflicto con Camioneros\">Mercado Libre<\/a> Experience<\/strong>, la compa\u00f1\u00eda anunci\u00f3 una <strong>inversi\u00f3n hist\u00f3rica de US$2600 millones en Argentina para 2025<\/strong>, con el objetivo de fortalecer su operaci\u00f3n en \u00e1reas clave como log\u00edstica, marketing y tecnolog\u00eda. Adem\u00e1s, <strong>planea contratar 2000 personas, lo que llevar\u00e1 su plantilla a 14.000 empleados en el pa\u00eds.<\/strong><\/p>\n<p><strong>\u201cLa inversi\u00f3n representa un incremento del 53% respecto a 2024\u201d<\/strong>, detall\u00f3 Juan Mart\u00edn de la Serna, presidente de <a href=\"https:\/\/derechadiario.com.ar\/negocios-finanzas\/mercado-libre-sube-14-wall-street-tras-reportar-ganancias-1911-millones\" title=\"Mercado Libre sube 14% en Wall Street tras reportar ganancias de US$ 1.911 millones\">Mercado Libre Argentina<\/a>, quien remarc\u00f3 la confianza de la firma en el potencial de crecimiento del mercado local.<\/p>\n<p><strong>La inversi\u00f3n anunciada contempla tanto bienes de capital como gastos operativos<\/strong>, y tiene como finalidad consolidar la presencia regional de la empresa y sostener un ritmo de expansi\u00f3n que, en palabras del propio De la Serna, <strong>\u201cviene acompa\u00f1ado por se\u00f1ales positivas del consumo\u201d.<\/strong><\/p>\n<h2><strong>Recuperaci\u00f3n del consumo y expansi\u00f3n regional<\/strong><\/h2>\n<p><strong>De la Serna destac\u00f3 que desde junio de 2024 se observa una recuperaci\u00f3n mes a mes en el consumo<\/strong>, reflejada en el volumen de ventas en la plataforma, lo que \u2014seg\u00fan el ejecutivo\u2014 act\u00faa como \u201cun buen term\u00f3metro\u201d del escenario econ\u00f3mico argentino.<\/p>\n<aside class=\"are-you-interested-container-photo\"><\/aside>\n<div class=\"inter_image image_horizontal\">\n<picture><source class=\"img-responsive\" type=\"image\/webp\" data-srcset=\"\/filesedc\/uploads\/image\/post\/screenshot-2025-04-09-121047_300_200.webp 300w, \n\/filesedc\/uploads\/image\/post\/screenshot-2025-04-09-121047_630_420.webp 630w,\n                                \/filesedc\/uploads\/image\/post\/screenshot-2025-04-09-121047_760_507.webp 760w,\n                                \/filesedc\/uploads\/image\/post\/screenshot-2025-04-09-121047_1200_800.webp 1200w,\n                                \/filesedc\/uploads\/image\/post\/screenshot-2025-04-09-121047_1600_1067.webp 1600w\"><img decoding=\"async\" src=\"https:\/\/derechadiario.com.ar\/filesedc\/uploads\/image\/post\/screenshot-2025-04-09-121047_1200_800.webp\" class=\"img-responsive lazyload\" alt=\"Un grupo de personas vestidas formalmente camina por un pasillo moderno y bien iluminado, mientras dos de ellas se saludan cordialmente.\" title=\"Un grupo de personas vestidas formalmente camina por un pasillo moderno y bien iluminado, mientras dos de ellas se saludan cordialmente.\"><\/picture>\n<div>\n<span class=\"img_footer\">Mercado Libre invertir\u00e1 US00 millones en Argentina y sumar\u00e1 2000 empleos en 2025 <\/span>| <span class=\"img_author\">La Derecha Diario<\/span>\n<\/div>\n<\/div>\n<p>En paralelo, \u00a0<strong>la firma comunic\u00f3 que, durante los \u00faltimos tres a\u00f1os, export\u00f3 servicios tecnol\u00f3gicos por m\u00e1s de US$2700 millones<\/strong>, y que su cartera de cr\u00e9ditos se triplic\u00f3 en 2024 respecto al a\u00f1o anterior.<\/p>\n<h2><strong>Riesgos globales: plataformas asi\u00e1ticas y guerra arancelaria<\/strong><\/h2>\n<p>Desde la empresa tambi\u00e9n alertaron sobre posibles impactos de la guerra comercial global, en especial en lo que respecta a las plataformas asi\u00e1ticas: \u00a0<strong>\u201cPor suerte estamos un poco alejados de esta guerra comercial,<\/strong> pero no descartamos que, si las plataformas asi\u00e1ticas que hoy apuntan al mercado estadounidense cambian de foco, puedan volcarse a nuestra regi\u00f3n\u201d.<\/p>\n<aside class=\"whatsappChannelText\"><a href=\"https:\/\/whatsapp.com\/channel\/0029VagEjILGE56eKjedWF2U\" rel=\"nofollow\" title=\"WhatsApp Link\"><img alt=\"Logo de WhatsApp\" class=\"lazyload\" data-src=\"https:\/\/derechadiario.com.ar\/filesedc\/uploads\/other\/whatsapp_icon_mid_article.png\" width=\"32\" height=\"32\"><\/a> <a href=\"https:\/\/whatsapp.com\/channel\/0029VagEjILGE56eKjedWF2U\" rel=\"nofollow\" title=\"WhatsApp Link\"><strong>NO SE PIERDAN NINGUNA NOTICIA<\/strong>: Click aqu\u00ed para sumarte <strong>GRATIS<\/strong> al canal de noticias de <strong>La Derecha Diario en WhatsApp.<\/strong><\/a><\/aside>\n<figure><img decoding=\"async\" src=\"https:\/\/derechadiario.com.ar\/filesedc\/uploads\/image\/post\/screenshot-2025-04-09-121056_1200_800.webp\" class=\"img-responsive lazyload\" alt=\"Tres personas sentadas en una mesa en una oficina con una colorida pintura de fondo.\" title=\"Tres personas sentadas en una mesa en una oficina con una colorida pintura de fondo.\"><\/figure>\n<h2><strong>Expansi\u00f3n en Brasil y Colombia<\/strong><\/h2>\n<p><strong>La inversi\u00f3n en Argentina se suma a un ambicioso plan regional de expansi\u00f3n.<\/strong>\u00a0 Esta misma semana, Mercado Libre confirm\u00f3 <strong>inversiones<\/strong>\u00a0 por 5250 millones de d\u00f3lares en <strong>Brasil<\/strong>\u00a0 para 2025.<\/p>\n<p>En paralelo, <strong>la compa\u00f1\u00eda tambi\u00e9n confirm\u00f3 una inversi\u00f3n de US$470 millones en Colombia<\/strong>, que fue anunciada por Alan Meyer Frankfurt, vicepresidente de Pa\u00edses Andinos, durante la inauguraci\u00f3n de las nuevas oficinas corporativas en Bogot\u00e1.<\/p>\n","protected":false},"excerpt":{"rendered":"<p>En el marco de la primera edici\u00f3n local de Mercado Libre Experience, la compa\u00f1\u00eda anunci\u00f3 una inversi\u00f3n hist\u00f3rica de US$2600 millones en Argentina para 2025, con el objetivo de fortalecer su operaci\u00f3n en \u00e1reas clave como log\u00edstica, marketing y tecnolog\u00eda. Adem\u00e1s, planea contratar 2000 personas, lo que llevar\u00e1 su plantilla a 14.000 empleados en el [&hellip;]<\/p>\n","protected":false},"author":2,"featured_media":1560,"comment_status":"open","ping_status":"open","sticky":false,"template":"","format":"standard","meta":{"_et_pb_use_builder":"","_et_pb_old_content":"","_et_gb_content_width":"","footnotes":""},"categories":[80],"tags":[],"class_list":["post-1559","post","type-post","status-publish","format-standard","has-post-thumbnail","hentry","category-economia-2"],"_links":{"self":[{"href":"https:\/\/verdadincomodadiario.ar\/index.php?rest_route=\/wp\/v2\/posts\/1559","targetHints":{"allow":["GET"]}}],"collection":[{"href":"https:\/\/verdadincomodadiario.ar\/index.php?rest_route=\/wp\/v2\/posts"}],"about":[{"href":"https:\/\/verdadincomodadiario.ar\/index.php?rest_route=\/wp\/v2\/types\/post"}],"author":[{"embeddable":true,"href":"https:\/\/verdadincomodadiario.ar\/index.php?rest_route=\/wp\/v2\/users\/2"}],"replies":[{"embeddable":true,"href":"https:\/\/verdadincomodadiario.ar\/index.php?rest_route=%2Fwp%2Fv2%2Fcomments&post=1559"}],"version-history":[{"count":0,"href":"https:\/\/verdadincomodadiario.ar\/index.php?rest_route=\/wp\/v2\/posts\/1559\/revisions"}],"wp:featuredmedia":[{"embeddable":true,"href":"https:\/\/verdadincomodadiario.ar\/index.php?rest_route=\/wp\/v2\/media\/1560"}],"wp:attachment":[{"href":"https:\/\/verdadincomodadiario.ar\/index.php?rest_route=%2Fwp%2Fv2%2Fmedia&parent=1559"}],"wp:term":[{"taxonomy":"category","embeddable":true,"href":"https:\/\/verdadincomodadiario.ar\/index.php?rest_route=%2Fwp%2Fv2%2Fcategories&post=1559"},{"taxonomy":"post_tag","embeddable":true,"href":"https:\/\/verdadincomodadiario.ar\/index.php?rest_route=%2Fwp%2Fv2%2Ftags&post=1559"}],"curies":[{"name":"wp","href":"https:\/\/api.w.org\/{rel}","templated":true}]}}