{"id":1557,"date":"2025-04-09T21:00:11","date_gmt":"2025-04-09T21:00:11","guid":{"rendered":"https:\/\/verdadincomodadiario.ar\/?p=1557"},"modified":"2025-04-09T21:00:11","modified_gmt":"2025-04-09T21:00:11","slug":"los-suv-se-abarataron-los-modelos-que-mas-bajaron-tras-el-cambio-impositivo","status":"publish","type":"post","link":"https:\/\/verdadincomodadiario.ar\/?p=1557","title":{"rendered":"Los SUV se abarataron: los modelos que m\u00e1s bajaron tras el cambio impositivo"},"content":{"rendered":"<p><strong>Tras la eliminaci\u00f3n del primer tramo del impuesto al lujo,<\/strong> el <a href=\"https:\/\/derechadiario.com.ar\/economia\/por-exigencia-gobierno-toyota-expuso-cuanto-encarecen-los-impuestos-sus-autos-argentina\" title=\"Por exigencia del Gobierno, Toyota expuso cu\u00e1nto encarecen los impuestos sus autos\">mercado automotor<\/a> empez\u00f3 a mostrar se\u00f1ales claras de reacomodamiento.<\/p>\n<p>Los <a href=\"https:\/\/derechadiario.com.ar\/economia\/estos-son-los-modelos-autos-hibridos-y-electricos-que-llegaran-sin-arancel-2025\" title=\"Estos son los modelos de autos h\u00edbridos y el\u00e9ctricos que llegar\u00e1n sin arancel en 2025\">precios bajaron<\/a>, aparecieron nuevas opciones en el segmento y los <strong>SUV de gama media<\/strong> son los grandes beneficiados.<\/p>\n<div class=\"inter_image image_horizontal\">\n<picture><source class=\"img-responsive\" type=\"image\/webp\" data-srcset=\"\/filesedc\/uploads\/image\/post\/milei-y-caputo1webp-1743130329969_300_200.webp 300w, \n\/filesedc\/uploads\/image\/post\/milei-y-caputo1webp-1743130329969_630_420.webp 630w,\n                                \/filesedc\/uploads\/image\/post\/milei-y-caputo1webp-1743130329969_760_507.webp 760w,\n                                \/filesedc\/uploads\/image\/post\/milei-y-caputo1webp-1743130329969_1200_800.webp 1200w,\n                                \/filesedc\/uploads\/image\/post\/milei-y-caputo1webp-1743130329969_1600_1067.webp 1600w\"><img decoding=\"async\" src=\"https:\/\/derechadiario.com.ar\/filesedc\/uploads\/image\/post\/milei-y-caputo1webp-1743130329969_1200_800.webp\" class=\"img-responsive lazyload\" alt=\"Dos hombres sonr\u00eden mientras uno de ellos saluda con la mano levantada.\" title=\"Dos hombres sonr\u00eden mientras uno de ellos saluda con la mano levantada.\"><\/picture>\n<div>\n<span class=\"img_footer\">El mercado automotor empez\u00f3 a mostrar se\u00f1ales de reacomodamiento <\/span>| <span class=\"img_author\">La Derecha Diario<\/span>\n<\/div>\n<\/div>\n<h2><strong>\u00bfQu\u00e9 cambi\u00f3 con la baja del impuesto al lujo?<\/strong><\/h2>\n<p>La medida rige desde febrero, pero reci\u00e9n ahora se ve su impacto real en los precios. El mercado necesit\u00f3 tiempo para ajustar stock y listas.<\/p>\n<p>La eliminaci\u00f3n del primer tramo del impuesto redujo un 20% en modelos entre $42 y $78 millones. Adem\u00e1s, el segundo tramo baj\u00f3 del 35% al 18%.<\/p>\n<h3><strong>\u00bfPor qu\u00e9 tard\u00f3 en reflejarse en los precios?<\/strong><\/h3>\n<p>Hubo que esperar entre 30 y 60 d\u00edas para liquidar el stock viejo y nacionalizar autos importados. Con las listas de abril, se refleja el cambio.<\/p>\n<figure><img decoding=\"async\" src=\"https:\/\/derechadiario.com.ar\/filesedc\/uploads\/image\/post\/concesionario-multimarca-0km-y-usados-sin-imagen_1200_800.webp\" class=\"img-responsive lazyload\" alt=\"Fila de autos de diferentes colores en un concesionario con grandes ventanales.\" title=\"Fila de autos de diferentes colores en un concesionario con grandes ventanales.\"><\/figure>\n<p>Reci\u00e9n ahora se ven precios ajustados que llegan al p\u00fablico sin la carga impositiva previa.<\/p>\n<h2><strong>Los SUV, los grandes beneficiados<\/strong><\/h2>\n<p>El segmento m\u00e1s golpeado era el de los <strong>SUV medianos<\/strong>. Hoy es el que m\u00e1s opciones ofrece con precios competitivos.<\/p>\n<figure><img decoding=\"async\" src=\"https:\/\/derechadiario.com.ar\/filesedc\/uploads\/image\/post\/screenshot-2025-02-06-115939_1200_800.webp\" class=\"img-responsive lazyload\" alt=\"Un SUV Nissan de color beige estacionado con monta\u00f1as al fondo.\" title=\"Un SUV Nissan de color beige estacionado con monta\u00f1as al fondo.\"><\/figure>\n<p>Los <strong>B-SUV<\/strong> no estaban afectados, pero algunos modelos importados tambi\u00e9n bajaron. Los <strong>C-SUV<\/strong> fueron los que m\u00e1s bajaron.<\/p>\n<h3><strong>Los m\u00e1s baratos del mercado: \u00bfqu\u00e9 SUV se consiguen por menos de $30 millones?<\/strong><\/h3>\n<ul>\n<li>\n<strong>Citro\u00ebn Basalt:<\/strong> entre $23.760.000 y $31.190.000<\/li>\n<li>\n<strong>Citro\u00ebn C3 Aircross:<\/strong> entre $27.580.000 y $32.810.000<\/li>\n<li>\n<strong>Fiat Pulse:<\/strong> entre $27.610.000 y $34.046.000<\/li>\n<li>\n<strong>Renault Stepway:<\/strong> entre $27.710.000 y $28.740.000<\/li>\n<li>\n<strong>Chevrolet Spin:<\/strong> entre $28.057.900 y $34.033.900<\/li>\n<li>\n<strong>Chevrolet Tracker:<\/strong> entre $28.393.900 y $36.864.900<\/li>\n<li>\n<strong>Nissan Kicks:<\/strong> entre $28.547.500 y $37.885.000<\/li>\n<li>\n<strong>Citro\u00ebn C4 Cactus:<\/strong> entre $29.310.000 y $32.280.000<\/li>\n<li>\n<strong>Renault Kardian:<\/strong> entre $28.390.000 y $33.990.000<\/li>\n<\/ul>\n<figure><img decoding=\"async\" src=\"https:\/\/derechadiario.com.ar\/filesedc\/uploads\/image\/post\/citroen-basalt_1200_800.webp\" class=\"img-responsive lazyload\" alt=\"Un autom\u00f3vil azul estacionado frente a una puerta enrollable met\u00e1lica.\" title=\"Un autom\u00f3vil azul estacionado frente a una puerta enrollable met\u00e1lica.\"><\/figure>\n<h2><strong>M\u00e1s opciones entre los $30 y $80 millones<\/strong><\/h2>\n<p>Este rango, antes vac\u00edo por el impuesto, ahora est\u00e1 repleto de modelos nuevos y atractivos.<\/p>\n<p>M\u00e1s de 40 SUV se sumaron a la oferta entre los <strong>$30 millones y los $80 millones<\/strong>, con versiones de entrada m\u00e1s accesibles.<\/p>\n<ul>\n<li>\n<strong>KIA K3 Cross:<\/strong> entre USD 25.000 y USD 28.500<\/li>\n<li>\n<strong>Hyundai Creta:<\/strong> entre USD 30.000 y USD 34.000<\/li>\n<li>\n<strong>Volkswagen Nivus:<\/strong> entre $30.938.700 y $38.380.200<\/li>\n<li>\n<strong>Renault Duster:<\/strong> entre $31.560.000 y $36.610.000<\/li>\n<li>\n<strong>Peugeot 2008:<\/strong> entre $33.230.000 y $40.790.000<\/li>\n<li>\n<strong>Jeep Renegade:<\/strong> entre $34.726.000 y $43.650.000<\/li>\n<li>\n<strong>Fiat Fastback:<\/strong> entre $35.581.000 y $39.058.000<\/li>\n<li>\n<strong>KIA Seltos:<\/strong> \u00fanica versi\u00f3n en USD 36.000<\/li>\n<li>\n<strong>Volkswagen T-Cross:<\/strong> entre $37.409.300 y $44.882.800<\/li>\n<li>\n<strong>Honda HR-V:<\/strong> entre $38.700.000 y $43.868.000<\/li>\n<li>\n<strong>Toyota Corolla Cross:<\/strong> entre $39.228.000 y $47.390.000<\/li>\n<\/ul>\n<figure><img decoding=\"async\" src=\"https:\/\/derechadiario.com.ar\/filesedc\/uploads\/image\/post\/kia-k3-cross_1200_800.webp\" class=\"img-responsive lazyload\" alt=\"Un autom\u00f3vil azul de estilo SUV estacionado sobre una superficie reflectante con un cielo nublado de fondo.\" title=\"Un autom\u00f3vil azul de estilo SUV estacionado sobre una superficie reflectante con un cielo nublado de fondo.\"><\/figure>\n<h2><strong>Por encima de los $40 millones: nuevos jugadores en escena<\/strong><\/h2>\n<p>La quita del impuesto habilit\u00f3 una nueva franja de veh\u00edculos antes inaccesibles. Modelos premium ahora compiten en un nuevo terreno.<\/p>\n<ul>\n<li>\n<strong>Jeep Compass:<\/strong> entre $41.407.000 y $53.032.000<\/li>\n<li>\n<strong>Ford Territory:<\/strong> entre $41.740.300 y $45.054.400<\/li>\n<li>\n<strong>Honda ZR-V:<\/strong> entre $42.568.000 y $50.308.000<\/li>\n<li>\n<strong>Toyota Corolla H\u00edbrido:<\/strong> entre $43.279.000 y $47.242.000<\/li>\n<li>\n<strong>Volkswagen Taos:<\/strong> entre $43.939.300 y $43.134.250<\/li>\n<li>\n<strong>Renault Koleos:<\/strong> $44.700.000<\/li>\n<li>\n<strong>KIA Sportage:<\/strong> entre USD 48.000 y USD 56.000<\/li>\n<li>\n<strong>Hyundai Tucson:<\/strong> entre USD 48.000 y USD 58.000<\/li>\n<li>\n<strong>Citro\u00ebn C5 Aircross:<\/strong> $49.410.000<\/li>\n<li>\n<strong>Ford Bronco Sport:<\/strong> entre $49.922.600 y $55.578.800<\/li>\n<li>\n<strong>Jeep Commander:<\/strong> entre $51.155.000 y $61.130.000<\/li>\n<li>\n<strong>Peugeot 3008:<\/strong> $54.070.000<\/li>\n<li>\n<strong>Peugeot 5008:<\/strong> $55.090.000<\/li>\n<li>\n<strong>Honda CR-V:<\/strong> entre $57.350.000 y $76.915.000<\/li>\n<li>\n<strong>Nissan X-Trail:<\/strong> entre $63.630.000 y $76.254.200<\/li>\n<li>\n<strong>Chevrolet Trailblazer:<\/strong> $63.939.900<\/li>\n<li>\n<strong>Ford Kuga H\u00edbrida:<\/strong> $67.418.600<\/li>\n<li>\n<strong>Volkswagen Tiguan:<\/strong> $68.494.300<\/li>\n<li>\n<strong>Toyota SW4:<\/strong> entre $69.792.000 y $73.628.000<\/li>\n<li>\n<strong>Toyota RAV4 H\u00edbrida:<\/strong> USD 70.200<\/li>\n<li>\n<strong>Honda CR-V H\u00edbrida:<\/strong> $81.350.000<\/li>\n<\/ul>\n<aside class=\"whatsappChannelText\"><a href=\"https:\/\/whatsapp.com\/channel\/0029VagEjILGE56eKjedWF2U\" rel=\"nofollow\" title=\"WhatsApp Link\"><img alt=\"Logo de WhatsApp\" class=\"lazyload\" data-src=\"https:\/\/derechadiario.com.ar\/filesedc\/uploads\/other\/whatsapp_icon_mid_article.png\" width=\"32\" height=\"32\"><\/a> <a href=\"https:\/\/whatsapp.com\/channel\/0029VagEjILGE56eKjedWF2U\" rel=\"nofollow\" title=\"WhatsApp Link\"><strong>NO SE PIERDAN NINGUNA NOTICIA<\/strong>: Click aqu\u00ed para sumarte <strong>GRATIS<\/strong> al canal de noticias de <strong>La Derecha Diario en WhatsApp.<\/strong><\/a><\/aside>\n<figure><img decoding=\"async\" src=\"https:\/\/derechadiario.com.ar\/filesedc\/uploads\/image\/post\/jeep-compass_1200_800.webp\" class=\"img-responsive lazyload\" alt=\"Un SUV negro estacionado en una carretera con un paisaje monta\u00f1oso al fondo.\" title=\"Un SUV negro estacionado en una carretera con un paisaje monta\u00f1oso al fondo.\"><\/figure>\n<h2><strong>\u00bfQu\u00e9 pasa con los precios por encima de los $82 millones?<\/strong><\/h2>\n<p>Desde los <strong>$82 millones<\/strong> o USD 75.000, vuelve a aplicarse el impuesto interno. El recargo del 18% dispara los precios por encima de los $120 millones.<\/p>\n<p>Eso explica por qu\u00e9 muchas marcas ajustaron las versiones de entrada para mantenerse justo por debajo de ese umbral.<\/p>\n","protected":false},"excerpt":{"rendered":"<p>Tras la eliminaci\u00f3n del primer tramo del impuesto al lujo, el mercado automotor empez\u00f3 a mostrar se\u00f1ales claras de reacomodamiento. Los precios bajaron, aparecieron nuevas opciones en el segmento y los SUV de gama media son los grandes beneficiados. El mercado automotor empez\u00f3 a mostrar se\u00f1ales de reacomodamiento | La Derecha Diario \u00bfQu\u00e9 cambi\u00f3 con [&hellip;]<\/p>\n","protected":false},"author":2,"featured_media":1558,"comment_status":"open","ping_status":"open","sticky":false,"template":"","format":"standard","meta":{"_et_pb_use_builder":"","_et_pb_old_content":"","_et_gb_content_width":"","footnotes":""},"categories":[80],"tags":[],"class_list":["post-1557","post","type-post","status-publish","format-standard","has-post-thumbnail","hentry","category-economia-2"],"_links":{"self":[{"href":"https:\/\/verdadincomodadiario.ar\/index.php?rest_route=\/wp\/v2\/posts\/1557","targetHints":{"allow":["GET"]}}],"collection":[{"href":"https:\/\/verdadincomodadiario.ar\/index.php?rest_route=\/wp\/v2\/posts"}],"about":[{"href":"https:\/\/verdadincomodadiario.ar\/index.php?rest_route=\/wp\/v2\/types\/post"}],"author":[{"embeddable":true,"href":"https:\/\/verdadincomodadiario.ar\/index.php?rest_route=\/wp\/v2\/users\/2"}],"replies":[{"embeddable":true,"href":"https:\/\/verdadincomodadiario.ar\/index.php?rest_route=%2Fwp%2Fv2%2Fcomments&post=1557"}],"version-history":[{"count":0,"href":"https:\/\/verdadincomodadiario.ar\/index.php?rest_route=\/wp\/v2\/posts\/1557\/revisions"}],"wp:featuredmedia":[{"embeddable":true,"href":"https:\/\/verdadincomodadiario.ar\/index.php?rest_route=\/wp\/v2\/media\/1558"}],"wp:attachment":[{"href":"https:\/\/verdadincomodadiario.ar\/index.php?rest_route=%2Fwp%2Fv2%2Fmedia&parent=1557"}],"wp:term":[{"taxonomy":"category","embeddable":true,"href":"https:\/\/verdadincomodadiario.ar\/index.php?rest_route=%2Fwp%2Fv2%2Fcategories&post=1557"},{"taxonomy":"post_tag","embeddable":true,"href":"https:\/\/verdadincomodadiario.ar\/index.php?rest_route=%2Fwp%2Fv2%2Ftags&post=1557"}],"curies":[{"name":"wp","href":"https:\/\/api.w.org\/{rel}","templated":true}]}}