{"id":1555,"date":"2025-04-09T21:00:12","date_gmt":"2025-04-09T21:00:12","guid":{"rendered":"https:\/\/verdadincomodadiario.ar\/?p=1555"},"modified":"2025-04-09T21:00:12","modified_gmt":"2025-04-09T21:00:12","slug":"se-cayo-mercado-pago-reportan-fallas-masivas-en-pagos-y-transferencias","status":"publish","type":"post","link":"https:\/\/verdadincomodadiario.ar\/?p=1555","title":{"rendered":"Se cay\u00f3 Mercado Pago: reportan fallas masivas en pagos y transferencias"},"content":{"rendered":"<p><a href=\"https:\/\/derechadiario.com.ar\/negocios-finanzas\/mercado-pago-lanza-reto-con-recompensa-efectivo-como-obtenerla\" title=\"Mercado Pago lanz\u00f3 un reto con recompensa en efectivo: c\u00f3mo obtenerla\"><strong>Mercado Pago<\/strong><\/a> dej\u00f3 de funcionar esta ma\u00f1ana y miles de usuarios reportaron fallas al intentar operar.<\/p>\n<p>Hay problemas con las transferencias, los pagos con tarjeta y hasta con <strong>Mercado Libre<\/strong>.<\/p>\n<div class=\"inter_image image_horizontal\">\n<picture><source class=\"img-responsive\" type=\"image\/webp\" data-srcset=\"\/filesedc\/uploads\/image\/post\/mercado-pago-beneficio-regalo-en-efectivo_300_200.webp 300w, \n\/filesedc\/uploads\/image\/post\/mercado-pago-beneficio-regalo-en-efectivo_630_420.webp 630w,\n                                \/filesedc\/uploads\/image\/post\/mercado-pago-beneficio-regalo-en-efectivo_760_507.webp 760w,\n                                \/filesedc\/uploads\/image\/post\/mercado-pago-beneficio-regalo-en-efectivo_1200_800.webp 1200w,\n                                \/filesedc\/uploads\/image\/post\/mercado-pago-beneficio-regalo-en-efectivo_1600_1067.webp 1600w\"><img decoding=\"async\" src=\"https:\/\/derechadiario.com.ar\/filesedc\/uploads\/image\/post\/mercado-pago-beneficio-regalo-en-efectivo_1200_800.webp\" class=\"img-responsive lazyload\" alt=\"Una mano sostiene un tel\u00e9fono m\u00f3vil que muestra el logotipo de una aplicaci\u00f3n de pagos, con un dise\u00f1o de dos manos estrech\u00e1ndose y el texto \" mercado pago junto a una imagen ampliada del mismo logotipo. title=\"Una mano sostiene un tel\u00e9fono m\u00f3vil que muestra el logotipo de una aplicaci\u00f3n de pagos, con un dise\u00f1o de dos manos estrech\u00e1ndose y el texto \"><\/picture>\n<div>\n<span class=\"img_footer\">Mercado Pago dej\u00f3 de funcionar esta ma\u00f1ana <\/span>| <span class=\"img_author\">La Derecha Diario<\/span>\n<\/div>\n<\/div>\n<h2><strong>\u00bfQu\u00e9 pas\u00f3 con Mercado Pago hoy?<\/strong><\/h2>\n<p>Desde temprano, usuarios en redes sociales comenzaron a reportar fallas en la app de <a href=\"https:\/\/derechadiario.com.ar\/negocios-finanzas\/billeteras-virtuales-mercado-pago-y-uala-por-control-total-del-dinero-digital\" title=\"Billeteras virtuales: Mercado Pago y Ual\u00e1 van por el control total del dinero digital\"><strong>Mercado Pago<\/strong><\/a>.<\/p>\n<p>Las transferencias no se completan, aparecen mensajes de error y no es posible concretar pagos.<\/p>\n<aside class=\"are-you-interested-container-photo\"><\/aside>\n<figure><img decoding=\"async\" src=\"https:\/\/derechadiario.com.ar\/filesedc\/uploads\/image\/post\/transferencias-mp-arca-controles-diciembre-2024_1200_800.webp\" class=\"img-responsive lazyload\" alt=\"Logo de la billetera virtual Mercado Pago con ilustraci\u00f3n de billetes transferidos entre dos dispositivos m\u00f3viles, que no tendr\u00e1n que superar el nuevo monto de trasnferencia impuesto por ARCA.\" title=\"Logo de la billetera virtual Mercado Pago con ilustraci\u00f3n de billetes transferidos entre dos dispositivos m\u00f3viles, que no tendr\u00e1n que superar el nuevo monto de trasnferencia impuesto por ARCA.\"><\/figure>\n<h3><strong>Mensajes de error y quejas en redes<\/strong><\/h3>\n<p>Muchos reciben el cartel \u201c<em>Algo sali\u00f3 mal<\/em>\u201d o \u201c<em>No es posible realizar transferencias<\/em>\u201d.<\/p>\n<aside class=\"whatsappChannelText\"><a href=\"https:\/\/whatsapp.com\/channel\/0029VagEjILGE56eKjedWF2U\" rel=\"nofollow\" title=\"WhatsApp Link\"><img alt=\"Logo de WhatsApp\" class=\"lazyload\" data-src=\"https:\/\/derechadiario.com.ar\/filesedc\/uploads\/other\/whatsapp_icon_mid_article.png\" width=\"32\" height=\"32\"><\/a> <a href=\"https:\/\/whatsapp.com\/channel\/0029VagEjILGE56eKjedWF2U\" rel=\"nofollow\" title=\"WhatsApp Link\"><strong>NO SE PIERDAN NINGUNA NOTICIA<\/strong>: Click aqu\u00ed para sumarte <strong>GRATIS<\/strong> al canal de noticias de <strong>La Derecha Diario en WhatsApp.<\/strong><\/a><\/aside>\n<p>Otros usuarios directamente no pueden acceder a la app o no les carga el saldo disponible.<\/p>\n<p>El problema se extendi\u00f3 tambi\u00e9n a <strong>Mercado Libre<\/strong>, donde hubo errores para navegar o concretar compras.<\/p>\n<figure><img decoding=\"async\" src=\"https:\/\/derechadiario.com.ar\/filesedc\/uploads\/image\/post\/caida-mercado-pago_1200_1600.webp\" class=\"img-responsive lazyload\" alt=\"La imagen muestra un enchufe y un tomacorriente desconectados, acompa\u00f1ados del mensaje \" no es posible realizar transferencias y una disculpa por dificultades t con un enlace para volver al inicio. title=\"La imagen muestra un enchufe y un tomacorriente desconectados, acompa\u00f1ados del mensaje \"><\/figure>\n<h2><strong>\u00bfQu\u00e9 dijo la empresa?<\/strong><\/h2>\n<p>Fuentes de <strong>Mercado Pago<\/strong> confirmaron que hubo una ca\u00edda del sistema y que ya est\u00e1n trabajando para solucionarlo.<\/p>\n<p>Aseguraron que el servicio deber\u00eda normalizarse pronto, aunque muchos usuarios siguen sin poder operar con normalidad.<\/p>\n","protected":false},"excerpt":{"rendered":"<p>Mercado Pago dej\u00f3 de funcionar esta ma\u00f1ana y miles de usuarios reportaron fallas al intentar operar. Hay problemas con las transferencias, los pagos con tarjeta y hasta con Mercado Libre. Mercado Pago dej\u00f3 de funcionar esta ma\u00f1ana | La Derecha Diario \u00bfQu\u00e9 pas\u00f3 con Mercado Pago hoy? Desde temprano, usuarios en redes sociales comenzaron a [&hellip;]<\/p>\n","protected":false},"author":2,"featured_media":1556,"comment_status":"open","ping_status":"open","sticky":false,"template":"","format":"standard","meta":{"_et_pb_use_builder":"","_et_pb_old_content":"","_et_gb_content_width":"","footnotes":""},"categories":[80],"tags":[],"class_list":["post-1555","post","type-post","status-publish","format-standard","has-post-thumbnail","hentry","category-economia-2"],"_links":{"self":[{"href":"https:\/\/verdadincomodadiario.ar\/index.php?rest_route=\/wp\/v2\/posts\/1555","targetHints":{"allow":["GET"]}}],"collection":[{"href":"https:\/\/verdadincomodadiario.ar\/index.php?rest_route=\/wp\/v2\/posts"}],"about":[{"href":"https:\/\/verdadincomodadiario.ar\/index.php?rest_route=\/wp\/v2\/types\/post"}],"author":[{"embeddable":true,"href":"https:\/\/verdadincomodadiario.ar\/index.php?rest_route=\/wp\/v2\/users\/2"}],"replies":[{"embeddable":true,"href":"https:\/\/verdadincomodadiario.ar\/index.php?rest_route=%2Fwp%2Fv2%2Fcomments&post=1555"}],"version-history":[{"count":0,"href":"https:\/\/verdadincomodadiario.ar\/index.php?rest_route=\/wp\/v2\/posts\/1555\/revisions"}],"wp:featuredmedia":[{"embeddable":true,"href":"https:\/\/verdadincomodadiario.ar\/index.php?rest_route=\/wp\/v2\/media\/1556"}],"wp:attachment":[{"href":"https:\/\/verdadincomodadiario.ar\/index.php?rest_route=%2Fwp%2Fv2%2Fmedia&parent=1555"}],"wp:term":[{"taxonomy":"category","embeddable":true,"href":"https:\/\/verdadincomodadiario.ar\/index.php?rest_route=%2Fwp%2Fv2%2Fcategories&post=1555"},{"taxonomy":"post_tag","embeddable":true,"href":"https:\/\/verdadincomodadiario.ar\/index.php?rest_route=%2Fwp%2Fv2%2Ftags&post=1555"}],"curies":[{"name":"wp","href":"https:\/\/api.w.org\/{rel}","templated":true}]}}