{"id":15088,"date":"2025-08-19T03:27:37","date_gmt":"2025-08-19T03:27:37","guid":{"rendered":"https:\/\/verdadincomodadiario.ar\/?p=15088"},"modified":"2025-08-19T03:27:37","modified_gmt":"2025-08-19T03:27:37","slug":"la-corte-suprema-de-iran-confirmo-la-pena-de-muerte-para-una-activista-social","status":"publish","type":"post","link":"https:\/\/verdadincomodadiario.ar\/?p=15088","title":{"rendered":"La Corte Suprema de Ir\u00e1n confirm\u00f3 la pena de muerte para una activista social"},"content":{"rendered":"<p>La Corte Suprema de <a href=\"https:\/\/derechadiario.com.ar\/internacionales\/iran-enfrenta-crisis-hidrica-y-ola-calor-extrema-sin-precedentes\" title=\"Ir\u00e1n enfrenta una crisis h\u00eddrica y una ola de calor extrema sin precedentes\">Ir\u00e1n<\/a> <strong>ha confirmado la sentencia de muerte contra Sharifeh Mohammadi,<\/strong> una activista por los derechos de las mujeres y laborales de 45 a\u00f1os, adem\u00e1s de ser madre de un ni\u00f1o de doce a\u00f1os. <strong>La decisi\u00f3n ha generado una fuerte reacci\u00f3n nacional e internacional,<\/strong> al considerarse un caso emblem\u00e1tico de represi\u00f3n contra defensores de los derechos humanos en Ir\u00e1n.<\/p>\n<p>Mohammadi fue arrestada el 5 de diciembre de 2023 en su hogar en la ciudad de Rasht por agentes del r\u00e9gimen iran\u00ed. Desde entonces, <strong>ha sido mantenida en confinamiento solitario<\/strong> y, seg\u00fan reportes, ha sido v\u00edctima de <strong>torturas f\u00edsicas y psicol\u00f3gicas<\/strong> con el objetivo de forzar una confesi\u00f3n. Las autoridades iran\u00edes la acusaron de &#8221;rebeli\u00f3n armada&#8221;, un cargo que su familia y diversas organizaciones laborales han negado categ\u00f3ricamente.<\/p>\n<p>El 4 de julio de 2024, el Tribunal Revolucionario de Rasht <strong>la conden\u00f3 a muerte por esos cargos.<\/strong> Sin embargo, el 12 de octubre de 2024, la Corte Suprema iran\u00ed (Secci\u00f3n 39) anul\u00f3 esa sentencia, citando falta de pruebas, ausencia de v\u00ednculos con actividades armadas y graves irregularidades judiciales. La comunidad internacional celebr\u00f3 entonces lo que parec\u00eda una victoria parcial de la justicia.<\/p>\n<div class=\"inter_image image_horizontal\">\n<picture><source class=\"img-responsive\" type=\"image\/webp\" data-srcset=\"https:\/\/filesedc.com\/uploads\/image\/post\/2025\/08\/image-870x-68a09339d31f7_300_200.webp 300w, https:\/\/filesedc.com\/uploads\/image\/post\/2025\/08\/image-870x-68a09339d31f7_630_420.webp 630w, https:\/\/filesedc.com\/uploads\/image\/post\/2025\/08\/image-870x-68a09339d31f7_760_507.webp 760w, https:\/\/filesedc.com\/uploads\/image\/post\/2025\/08\/image-870x-68a09339d31f7_1200_800.webp 1200w, https:\/\/filesedc.com\/uploads\/image\/post\/2025\/08\/image-870x-68a09339d31f7_1600_1067.webp 1600w, \"><img decoding=\"async\" src=\"https:\/\/derechadiario.com.ar\/filesedc\/uploads\/image\/post\/2025\/08\/image-870x-68a09339d31f7_1200_800.webp\" class=\"img-responsive lazyload\" alt=\"Mujer de cabello oscuro con bufanda verde y blusa naranja sonriendo al aire libre con \u00e1rboles de fondo\" title=\"Mujer de cabello oscuro con bufanda verde y blusa naranja sonriendo al aire libre con \u00e1rboles de fondo\"><\/picture>\n<div>\n<span class=\"img_footer\">Sharifeh Mohammadi fue condenada a muerte por un tribunal menor <\/span>| <span class=\"img_author\">La Derecha Diario<\/span>\n<\/div>\n<\/div>\n<p>Pero esa esperanza se desvaneci\u00f3 r\u00e1pidamente. El 13 de febrero de 2025, el caso fue devuelto al Tribunal Revolucionario de Rasht, donde el juez <strong>Mohammad Ali Darvish Goftar,<\/strong> hijo del magistrado original que dict\u00f3 la primera condena, volvi\u00f3 a sentenciarla a pena de muerte, ignorando las deficiencias se\u00f1aladas previamente por la Corte Suprema.<\/p>\n<p>Finalmente, el pasado domingo, la misma Corte Suprema, esta vez en una decisi\u00f3n final, <strong>ratific\u00f3 la nueva sentencia,<\/strong> sin responder a las preocupaciones legales previamente planteadas.<\/p>\n<aside class=\"whatsappChannelText\"><a href=\"https:\/\/whatsapp.com\/channel\/0029VagEjILGE56eKjedWF2U\" rel=\"nofollow\" title=\"WhatsApp Link\"><img alt=\"Logo de WhatsApp\" class=\"lazyload\" data-src=\"https:\/\/derechadiario.com.ar\/filesedc\/uploads\/other\/whatsapp_icon_mid_article.png\" width=\"32\" height=\"32\"><\/a> <a href=\"https:\/\/whatsapp.com\/channel\/0029VagEjILGE56eKjedWF2U\" rel=\"nofollow\" title=\"WhatsApp Link\"><strong>NO SE PIERDAN NINGUNA NOTICIA<\/strong>: Click aqu\u00ed para sumarte <strong>GRATIS<\/strong> al canal de noticias de <strong>La Derecha Diario en WhatsApp.<\/strong><\/a><\/aside>\n<p>Esta ejecuci\u00f3n pendiente <strong>ha desatado protestas tanto dentro como fuera del pa\u00eds.<\/strong> 85 prisioneros en la notoria prisi\u00f3n de Evin est\u00e1n en huelga de hambre en apoyo a Mohammadi.<\/p>\n<figure><img decoding=\"async\" src=\"https:\/\/derechadiario.com.ar\/filesedc\/uploads\/image\/post\/2025\/08\/iran-judiciary-tehran-raisi_1200_800.webp\" class=\"img-responsive lazyload\" alt=\"Varios hombres de pie en un sal\u00f3n formal con cortinas marrones y una mesa de madera al frente donde est\u00e1n sentados y de pie algunos l\u00edderes religiosos y funcionarios\" title=\"Varios hombres de pie en un sal\u00f3n formal con cortinas marrones y una mesa de madera al frente donde est\u00e1n sentados y de pie algunos l\u00edderes religiosos y funcionarios\"><\/figure>\n<p>A inicios de agosto, 31 organizaciones internacionales y regionales de derechos humanos y derechos de las mujeres <strong>emitieron una declaraci\u00f3n conjunta<\/strong> condenando la sentencia.<\/p>\n<p>En su comunicado, afirmaron que Mohammadi es una defensora de los derechos humanos que <strong>trabaj\u00f3 de forma legal y pac\u00edfica<\/strong> por los derechos laborales a trav\u00e9s de una organizaci\u00f3n registrada, y que ha sido condenada por una causa &#8221;fabricada&#8221;.<\/p>\n","protected":false},"excerpt":{"rendered":"<p>La Corte Suprema de Ir\u00e1n ha confirmado la sentencia de muerte contra Sharifeh Mohammadi, una activista por los derechos de las mujeres y laborales de 45 a\u00f1os, adem\u00e1s de ser madre de un ni\u00f1o de doce a\u00f1os. La decisi\u00f3n ha generado una fuerte reacci\u00f3n nacional e internacional, al considerarse un caso emblem\u00e1tico de represi\u00f3n contra [&hellip;]<\/p>\n","protected":false},"author":2,"featured_media":15089,"comment_status":"open","ping_status":"open","sticky":false,"template":"","format":"standard","meta":{"_et_pb_use_builder":"","_et_pb_old_content":"","_et_gb_content_width":"","footnotes":""},"categories":[187,79,188],"tags":[],"class_list":["post-15088","post","type-post","status-publish","format-standard","has-post-thumbnail","hentry","category-corte","category-internacionales","category-suprema"],"_links":{"self":[{"href":"https:\/\/verdadincomodadiario.ar\/index.php?rest_route=\/wp\/v2\/posts\/15088","targetHints":{"allow":["GET"]}}],"collection":[{"href":"https:\/\/verdadincomodadiario.ar\/index.php?rest_route=\/wp\/v2\/posts"}],"about":[{"href":"https:\/\/verdadincomodadiario.ar\/index.php?rest_route=\/wp\/v2\/types\/post"}],"author":[{"embeddable":true,"href":"https:\/\/verdadincomodadiario.ar\/index.php?rest_route=\/wp\/v2\/users\/2"}],"replies":[{"embeddable":true,"href":"https:\/\/verdadincomodadiario.ar\/index.php?rest_route=%2Fwp%2Fv2%2Fcomments&post=15088"}],"version-history":[{"count":0,"href":"https:\/\/verdadincomodadiario.ar\/index.php?rest_route=\/wp\/v2\/posts\/15088\/revisions"}],"wp:featuredmedia":[{"embeddable":true,"href":"https:\/\/verdadincomodadiario.ar\/index.php?rest_route=\/wp\/v2\/media\/15089"}],"wp:attachment":[{"href":"https:\/\/verdadincomodadiario.ar\/index.php?rest_route=%2Fwp%2Fv2%2Fmedia&parent=15088"}],"wp:term":[{"taxonomy":"category","embeddable":true,"href":"https:\/\/verdadincomodadiario.ar\/index.php?rest_route=%2Fwp%2Fv2%2Fcategories&post=15088"},{"taxonomy":"post_tag","embeddable":true,"href":"https:\/\/verdadincomodadiario.ar\/index.php?rest_route=%2Fwp%2Fv2%2Ftags&post=15088"}],"curies":[{"name":"wp","href":"https:\/\/api.w.org\/{rel}","templated":true}]}}