{"id":1495,"date":"2025-04-07T17:59:03","date_gmt":"2025-04-07T17:59:03","guid":{"rendered":"https:\/\/verdadincomodadiario.ar\/?p=1495"},"modified":"2025-04-07T17:59:03","modified_gmt":"2025-04-07T17:59:03","slug":"anses-cambian-las-fechas-de-cobro-de-abril-por-los-feriados-de-semana-santa","status":"publish","type":"post","link":"https:\/\/verdadincomodadiario.ar\/?p=1495","title":{"rendered":"ANSES: cambian las fechas de cobro de abril por los feriados de Semana Santa"},"content":{"rendered":"<p>Los feriados del <strong>jueves 17<\/strong> y <strong>viernes 18 de abril<\/strong> por Semana Santa obligan a modificar el cronograma. Las oficinas de <a href=\"https:\/\/derechadiario.com.ar\/economia\/cuando-cobro-anses-quienes-reciben-pagos-este-lunes-7-abril\" title=\"Cu\u00e1ndo cobro ANSES: qui\u00e9nes reciben pagos este lunes 7 de abril\"><strong>ANSES<\/strong><\/a> estar\u00e1n cerradas y los pagos previstos para esos d\u00edas se reprograman.<\/p>\n<p>Los beneficiarios deber\u00e1n esperar hasta el <strong>lunes 21 de abril<\/strong> para cobrar si les tocaba en esos d\u00edas.<\/p>\n<div class=\"inter_image image_horizontal\">\n<picture><source class=\"img-responsive\" type=\"image\/webp\" data-srcset=\"\/filesedc\/uploads\/image\/post\/anses-1-jpg_300_200.webp 300w, \n\/filesedc\/uploads\/image\/post\/anses-1-jpg_630_420.webp 630w,\n                                \/filesedc\/uploads\/image\/post\/anses-1-jpg_760_507.webp 760w,\n                                \/filesedc\/uploads\/image\/post\/anses-1-jpg_1200_800.webp 1200w,\n                                \/filesedc\/uploads\/image\/post\/anses-1-jpg_1600_1067.webp 1600w\"><img decoding=\"async\" src=\"https:\/\/derechadiario.com.ar\/filesedc\/uploads\/image\/post\/anses-1-jpg_1200_800.webp\" class=\"img-responsive lazyload\" alt=\"Fachada de una oficina de ANSES con un cartel azul y un coraz\u00f3n naranja.\" title=\"Fachada de una oficina de ANSES con un cartel azul y un coraz\u00f3n naranja.\"><\/picture>\n<div>\n<span class=\"img_footer\">Los pagos previstos para esos d\u00edas se reprograman <\/span>| <span class=\"img_author\">La Derecha Diario<\/span>\n<\/div>\n<\/div>\n<h2><strong>ANSES confirm\u00f3 el inicio del calendario de abril<\/strong><\/h2>\n<p>El calendario de pagos arranca el <strong>mi\u00e9rcoles 9 de abril<\/strong>.<\/p>\n<p>Incluye a jubilados, pensionados, titulares de <strong>AUH<\/strong>, <strong>AUE<\/strong>, <strong>Asignaciones Familiares<\/strong>, <strong>PNC<\/strong> y <strong>Seguro por Desempleo<\/strong>.<\/p>\n<aside class=\"are-you-interested-container-photo\"><\/aside>\n<h3><strong>Todos los beneficios aumentan en abril<\/strong><\/h3>\n<p>Las <a href=\"https:\/\/derechadiario.com.ar\/economia\/programa-hogar-anses-abril-por-que-podrias-quedar-excluido-y-como-solucionarlo\" title=\"Programa Hogar ANSES en abril: por qu\u00e9 podr\u00edas quedar excluido y c\u00f3mo solucionarlo\">prestaciones sociales<\/a> recibir\u00e1n un incremento del <strong>2,4%<\/strong> por la ley de movilidad.<\/p>\n<figure><img decoding=\"async\" src=\"https:\/\/derechadiario.com.ar\/filesedc\/uploads\/image\/post\/milei-anses-x3xjpg-1052707091_1200_800.webp\" class=\"img-responsive lazyload\" alt=\"Un hombre con traje aparece en un c\u00edrculo superpuesto sobre un cartel de la ANSES.\" title=\"Un hombre con traje aparece en un c\u00edrculo superpuesto sobre un cartel de la ANSES.\"><\/figure>\n<p>El ajuste se basa en el <strong>\u00cdndice de Precios al Consumidor (IPC)<\/strong> publicado por el <strong>Indec<\/strong>.<\/p>\n<h2><strong>Calendario de pagos de abril 2025 para jubilados con haberes m\u00ednimos<\/strong><\/h2>\n<ul>\n<li>\n<strong>DNI terminados en 0:<\/strong> 9 de abril<\/li>\n<li>\n<strong>DNI terminados en 1:<\/strong> 10 de abril<\/li>\n<li>\n<strong>DNI terminados en 2:<\/strong> 11 de abril<\/li>\n<li>\n<strong>DNI terminados en 3:<\/strong> 14 de abril<\/li>\n<li>\n<strong>DNI terminados en 4 y 5:<\/strong> 15 de abril<\/li>\n<li>\n<strong>DNI terminados en 6:<\/strong> 16 de abril<\/li>\n<li>\n<strong>17 de abril:<\/strong> Jueves Santo (sin actividad)<\/li>\n<li>\n<strong>18 de abril:<\/strong> Viernes Santo (sin actividad)<\/li>\n<li>\n<strong>DNI terminados en 7:<\/strong> 21 de abril<\/li>\n<li>\n<strong>DNI terminados en 8:<\/strong> 22 de abril<\/li>\n<li>\n<strong>DNI terminados en 9:<\/strong> 23 de abril<\/li>\n<\/ul>\n<figure><img decoding=\"async\" src=\"https:\/\/derechadiario.com.ar\/filesedc\/uploads\/image\/post\/jubilados-anses-3jpg_1200_800.webp\" class=\"img-responsive lazyload\" alt=\"Un grupo de personas camina por una acera en un entorno urbano, con una mujer mayor en primer plano llevando un bolso claro.\" title=\"Un grupo de personas camina por una acera en un entorno urbano, con una mujer mayor en primer plano llevando un bolso claro.\"><\/figure>\n<h2><strong>Fecha de cobro de la AUH en abril 2025<\/strong><\/h2>\n<ul>\n<li>\n<strong>DNI terminados en 0:<\/strong> 9 de abril<\/li>\n<li>\n<strong>DNI terminados en 1:<\/strong> 10 de abril<\/li>\n<li>\n<strong>DNI terminados en 2:<\/strong> 11 de abril<\/li>\n<li>\n<strong>DNI terminados en 3:<\/strong> 14 de abril<\/li>\n<li>\n<strong>DNI terminados en 4:<\/strong> 15 de abril<\/li>\n<li>\n<strong>DNI terminados en 5:<\/strong> 16 de abril<\/li>\n<li>\n<strong>17 de abril:<\/strong> Jueves Santo (sin actividad)<\/li>\n<li>\n<strong>18 de abril:<\/strong> Viernes Santo (sin actividad)<\/li>\n<li>\n<strong>DNI terminados en 6:<\/strong> 21 de abril<\/li>\n<li>\n<strong>DNI terminados en 7:<\/strong> 22 de abril<\/li>\n<li>\n<strong>DNI terminados en 8:<\/strong> 23 de abril<\/li>\n<li>\n<strong>DNI terminados en 9:<\/strong> 24 de abril<\/li>\n<\/ul>\n<aside class=\"whatsappChannelText\"><a href=\"https:\/\/whatsapp.com\/channel\/0029VagEjILGE56eKjedWF2U\" rel=\"nofollow\" title=\"WhatsApp Link\"><img alt=\"Logo de WhatsApp\" class=\"lazyload\" data-src=\"https:\/\/derechadiario.com.ar\/filesedc\/uploads\/other\/whatsapp_icon_mid_article.png\" width=\"32\" height=\"32\"><\/a> <a href=\"https:\/\/whatsapp.com\/channel\/0029VagEjILGE56eKjedWF2U\" rel=\"nofollow\" title=\"WhatsApp Link\"><strong>NO SE PIERDAN NINGUNA NOTICIA<\/strong>: Click aqu\u00ed para sumarte <strong>GRATIS<\/strong> al canal de noticias de <strong>La Derecha Diario en WhatsApp.<\/strong><\/a><\/aside>\n<h2><strong>\u00bfD\u00f3nde consultar la fecha exacta de cobro?<\/strong><\/h2>\n<p>Las fechas pueden verificarse en la web oficial de <strong>ANSES<\/strong> o llamando al <strong>130<\/strong>.<\/p>\n<figure><img decoding=\"async\" src=\"https:\/\/derechadiario.com.ar\/filesedc\/uploads\/image\/post\/auh-anses-cuando-cobro-febrero_1200_800.webp\" class=\"img-responsive lazyload\" alt=\"Una mujer con dos ni\u00f1os peque\u00f1os mirando una computadora port\u00e1til juntos en un ambiente hogare\u00f1o.\" title=\"Una mujer con dos ni\u00f1os peque\u00f1os mirando una computadora port\u00e1til juntos en un ambiente hogare\u00f1o.\"><\/figure>\n<p>Se recomienda revisar con anticipaci\u00f3n para evitar confusiones durante los feriados.<\/p>\n<aside class=\"are-you-interested-container-photo\"><\/aside>\n","protected":false},"excerpt":{"rendered":"<p>Los feriados del jueves 17 y viernes 18 de abril por Semana Santa obligan a modificar el cronograma. Las oficinas de ANSES estar\u00e1n cerradas y los pagos previstos para esos d\u00edas se reprograman. Los beneficiarios deber\u00e1n esperar hasta el lunes 21 de abril para cobrar si les tocaba en esos d\u00edas. Los pagos previstos para [&hellip;]<\/p>\n","protected":false},"author":2,"featured_media":1496,"comment_status":"open","ping_status":"open","sticky":false,"template":"","format":"standard","meta":{"_et_pb_use_builder":"","_et_pb_old_content":"","_et_gb_content_width":"","footnotes":""},"categories":[80],"tags":[],"class_list":["post-1495","post","type-post","status-publish","format-standard","has-post-thumbnail","hentry","category-economia-2"],"_links":{"self":[{"href":"https:\/\/verdadincomodadiario.ar\/index.php?rest_route=\/wp\/v2\/posts\/1495","targetHints":{"allow":["GET"]}}],"collection":[{"href":"https:\/\/verdadincomodadiario.ar\/index.php?rest_route=\/wp\/v2\/posts"}],"about":[{"href":"https:\/\/verdadincomodadiario.ar\/index.php?rest_route=\/wp\/v2\/types\/post"}],"author":[{"embeddable":true,"href":"https:\/\/verdadincomodadiario.ar\/index.php?rest_route=\/wp\/v2\/users\/2"}],"replies":[{"embeddable":true,"href":"https:\/\/verdadincomodadiario.ar\/index.php?rest_route=%2Fwp%2Fv2%2Fcomments&post=1495"}],"version-history":[{"count":0,"href":"https:\/\/verdadincomodadiario.ar\/index.php?rest_route=\/wp\/v2\/posts\/1495\/revisions"}],"wp:featuredmedia":[{"embeddable":true,"href":"https:\/\/verdadincomodadiario.ar\/index.php?rest_route=\/wp\/v2\/media\/1496"}],"wp:attachment":[{"href":"https:\/\/verdadincomodadiario.ar\/index.php?rest_route=%2Fwp%2Fv2%2Fmedia&parent=1495"}],"wp:term":[{"taxonomy":"category","embeddable":true,"href":"https:\/\/verdadincomodadiario.ar\/index.php?rest_route=%2Fwp%2Fv2%2Fcategories&post=1495"},{"taxonomy":"post_tag","embeddable":true,"href":"https:\/\/verdadincomodadiario.ar\/index.php?rest_route=%2Fwp%2Fv2%2Ftags&post=1495"}],"curies":[{"name":"wp","href":"https:\/\/api.w.org\/{rel}","templated":true}]}}