{"id":1491,"date":"2025-04-07T17:59:05","date_gmt":"2025-04-07T17:59:05","guid":{"rendered":"https:\/\/verdadincomodadiario.ar\/?p=1491"},"modified":"2025-04-07T17:59:05","modified_gmt":"2025-04-07T17:59:05","slug":"el-saqueo-pensional-de-petro-como-esta-quebrando-el-futuro-de-los-colombianos","status":"publish","type":"post","link":"https:\/\/verdadincomodadiario.ar\/?p=1491","title":{"rendered":"El saqueo pensional de Petro: c\u00f3mo est\u00e1 quebrando el futuro de los colombianos"},"content":{"rendered":"<p><strong>Petro repite la historia del fracaso al impulsar una reforma que no solo elimina la libertad de elecci\u00f3n en materia pensional<\/strong>, sino que adem\u00e1s convierte los ahorros de los trabajadores en un bot\u00edn pol\u00edtico. <strong>Lo que presenta como justicia social es, en realidad, un acto descarado de populismo que repite el error de Argentina en 2008<\/strong>, cuando se estatizaron los fondos privados de pensiones con promesas falsas que solo trajeron miseria a los jubilados.<\/p>\n<p>Lejos de modernizar el sistema, <strong>el gobierno de Petro ha optado por dinamitar el r\u00e9gimen de capitalizaci\u00f3n individual para imponer un modelo estatista, centralizado y pol\u00edticamente manipulado<\/strong>. As\u00ed, el Estado se convierte en el gran administrador de los recursos de millones de colombianos, no para garantizar su retiro digno, sino para financiar programas clientelistas y consolidar poder a costa del esfuerzo ajeno.<\/p>\n<div class=\"inter_image image_horizontal\">\n<picture><source class=\"img-responsive\" type=\"image\/webp\" data-srcset=\"\/filesedc\/uploads\/image\/post\/fl7hzf6vl3stohdiv3qtad5xrq_300_200.webp 300w, \n\/filesedc\/uploads\/image\/post\/fl7hzf6vl3stohdiv3qtad5xrq_630_420.webp 630w,\n                                \/filesedc\/uploads\/image\/post\/fl7hzf6vl3stohdiv3qtad5xrq_760_507.webp 760w,\n                                \/filesedc\/uploads\/image\/post\/fl7hzf6vl3stohdiv3qtad5xrq_1200_800.webp 1200w,\n                                \/filesedc\/uploads\/image\/post\/fl7hzf6vl3stohdiv3qtad5xrq_1600_1067.webp 1600w\"><img decoding=\"async\" src=\"https:\/\/derechadiario.com.ar\/filesedc\/uploads\/image\/post\/fl7hzf6vl3stohdiv3qtad5xrq_1200_800.webp\" class=\"img-responsive lazyload\" alt=\"Un hombre con mascarilla sostiene un cartel de protesta en una calle, con edificios de fondo y una bandera amarilla detr\u00e1s.\" title=\"Un hombre con mascarilla sostiene un cartel de protesta en una calle, con edificios de fondo y una bandera amarilla detr\u00e1s.\"><\/picture>\n<div>\n<span class=\"img_footer\">Protestas contra Petro <\/span>| <span class=\"img_author\">La Derecha Diario<\/span>\n<\/div>\n<\/div>\n<h2>El plan: confiscar los ahorros y eliminar la libertad<\/h2>\n<p><strong>El plan: confiscar los ahorros y eliminar la libertad es el verdadero objetivo detr\u00e1s de la reforma pensional de Petro<\/strong>. Obligar a los trabajadores a cotizar en Colpensiones hasta 2,3 salarios m\u00ednimos destruye por completo el principio de elecci\u00f3n individual. Bajo este esquema, el Estado se convierte en el \u00fanico administrador de los fondos, anulando la posibilidad de que cada colombiano construya su propia jubilaci\u00f3n. Es una maniobra pol\u00edtica para controlar recursos ajenos con fines clientelistas.<\/p>\n<p><strong>Esta imposici\u00f3n vulnera el derecho de cada ciudadano a decidir sobre su futuro financiero. Lo m\u00e1s grave es que esta centralizaci\u00f3n de aportes no solo pone en riesgo la sostenibilidad del sistema, sino que crea una dependencia absoluta del Estado<\/strong>. Cuando los gobiernos cambian y los recursos se agotan, los afectados no ser\u00e1n los pol\u00edticos, sino los millones de colombianos que confiaron en un sistema ahora secuestrado.<\/p>\n<figure><img decoding=\"async\" src=\"https:\/\/derechadiario.com.ar\/filesedc\/uploads\/image\/post\/petro-preocupado_1200_800.webp\" class=\"img-responsive lazyload\" alt=\"Un hombre con gafas y expresi\u00f3n pensativa apoya su barbilla en la mano.\" title=\"Un hombre con gafas y expresi\u00f3n pensativa apoya su barbilla en la mano.\"><\/figure>\n<h2>Un robo institucionalizado<\/h2>\n<p>Un robo institucionalizado es lo que realmente representa esta reforma. <strong>No se trata de solidaridad, se trata de convertir los aportes de los trabajadores en dinero disponible para financiar rentas b\u00e1sicas populistas.<\/strong>\u00a0 Petro est\u00e1 institucionalizando el saqueo: se apropia de fondos privados para repartirlos como limosna electoral, sacrificando la sostenibilidad del sistema y enga\u00f1ando a los colombianos con un discurso de equidad.<\/p>\n<p>Este nuevo sistema castiga al que trabaja, al que ahorra, al que proyecta su futuro con responsabilidad. \u00a0<strong>La l\u00f3gica de esta reforma es perversa: si ahorras, te lo quitan; si no ahorras, el Estado te premia.<\/strong> Esta perversi\u00f3n destruye los incentivos del esfuerzo y el m\u00e9rito, base fundamental de una econom\u00eda sana. Adem\u00e1s, deja la puerta abierta a una utilizaci\u00f3n pol\u00edtica y discrecional de los recursos, como ya ha ocurrido en otros pa\u00edses donde el populismo arras\u00f3 con los fondos de pensiones.<\/p>\n<h2>Argentina, el espejo que Petro decidi\u00f3 ignorar<\/h2>\n<p>Argentina, el espejo que Petro decidi\u00f3 ignorar muestra con claridad el desenlace de este tipo de reformas. En 2008, el kirchnerismo destruy\u00f3 las AFJP con promesas de bienestar que jam\u00e1s llegaron. <strong>Petro sigue el mismo camino, ignorando las lecciones del pasado por mero fanatismo ideol\u00f3gico.<\/strong><\/p>\n<p>El resultado en Argentina fue devastador: los fondos fueron utilizados para cubrir d\u00e9ficit, pagar planes sociales y financiar campa\u00f1as electorales. Nada qued\u00f3 de los ahorros que millones de argentinos acumularon durante a\u00f1os. \u00a0<strong>Esa es la receta que Petro quiere importar a Colombia, ignorando deliberadamente el fracaso argentino y condenando a una nueva generaci\u00f3n al mismo destino.<\/strong><\/p>\n<h2>Petro y su cruzada contra el ahorro<\/h2>\n<figure><img decoding=\"async\" src=\"https:\/\/derechadiario.com.ar\/filesedc\/uploads\/image\/post\/protesta-opositora-en-bogota-photo-by-raul-nxdhbgutyzbwbgson6pgkqb6qi_1200_800.webp\" class=\"img-responsive lazyload\" alt=\"Un grupo de personas marcha sosteniendo una pancarta con un mensaje pol\u00edtico, mientras ondean banderas de Colombia.\" title=\"Un grupo de personas marcha sosteniendo una pancarta con un mensaje pol\u00edtico, mientras ondean banderas de Colombia.\"><\/figure>\n<p><strong>Petro y su cruzada contra el ahorro reflejan el verdadero esp\u00edritu de esta reforma: destruir el sistema de capitalizaci\u00f3n individual y centralizar el poder econ\u00f3mico en manos del Estado<\/strong>. El mensaje es claro: no trabajes, no ahorres, que el gobierno te mantendr\u00e1&#8230; hasta que el modelo colapse. <strong>Es una estafa generacional disfrazada de pol\u00edtica social.<\/strong><\/p>\n<aside class=\"whatsappChannelText\"><a href=\"https:\/\/whatsapp.com\/channel\/0029VagEjILGE56eKjedWF2U\" rel=\"nofollow\" title=\"WhatsApp Link\"><img alt=\"Logo de WhatsApp\" class=\"lazyload\" data-src=\"https:\/\/derechadiario.com.ar\/filesedc\/uploads\/other\/whatsapp_icon_mid_article.png\" width=\"32\" height=\"32\"><\/a> <a href=\"https:\/\/whatsapp.com\/channel\/0029VagEjILGE56eKjedWF2U\" rel=\"nofollow\" title=\"WhatsApp Link\"><strong>NO SE PIERDAN NINGUNA NOTICIA<\/strong>: Click aqu\u00ed para sumarte <strong>GRATIS<\/strong> al canal de noticias de <strong>La Derecha Diario en WhatsApp.<\/strong><\/a><\/aside>\n<p>El presidente no solo ataca el ahorro individual, sino que lanza un mensaje destructivo para el tejido productivo del pa\u00eds. <strong>En lugar de premiar el esfuerzo, Petro impone un sistema de castigo al que produce, y recompensa al que depende del Estado<\/strong>. Esta cruzada ideol\u00f3gica contra el m\u00e9rito y la responsabilidad no solo es econ\u00f3micamente inviable, sino moralmente corrosiva. Un pa\u00eds que destruye el ahorro destruye su futuro.<\/p>\n<p>En conclusi\u00f3n, <strong>Petro repite la historia del fracaso al promover una reforma que socava los cimientos del ahorro, elimina la responsabilidad individual y pone en riesgo el futuro de millones de colombianos.<\/strong>\u00a0 Es un saqueo disfrazado de solidaridad que, como en Argentina, solo traer\u00e1 pobreza, dependencia y crisis. Colombia a\u00fan est\u00e1 a tiempo de frenar esta locura populista. Lo que est\u00e1 en juego no es solo una pensi\u00f3n: es la libertad de decidir c\u00f3mo vivir y c\u00f3mo envejecer.<\/p>\n","protected":false},"excerpt":{"rendered":"<p>Petro repite la historia del fracaso al impulsar una reforma que no solo elimina la libertad de elecci\u00f3n en materia pensional, sino que adem\u00e1s convierte los ahorros de los trabajadores en un bot\u00edn pol\u00edtico. Lo que presenta como justicia social es, en realidad, un acto descarado de populismo que repite el error de Argentina en [&hellip;]<\/p>\n","protected":false},"author":2,"featured_media":1492,"comment_status":"open","ping_status":"open","sticky":false,"template":"","format":"standard","meta":{"_et_pb_use_builder":"","_et_pb_old_content":"","_et_gb_content_width":"","footnotes":""},"categories":[80],"tags":[],"class_list":["post-1491","post","type-post","status-publish","format-standard","has-post-thumbnail","hentry","category-economia-2"],"_links":{"self":[{"href":"https:\/\/verdadincomodadiario.ar\/index.php?rest_route=\/wp\/v2\/posts\/1491","targetHints":{"allow":["GET"]}}],"collection":[{"href":"https:\/\/verdadincomodadiario.ar\/index.php?rest_route=\/wp\/v2\/posts"}],"about":[{"href":"https:\/\/verdadincomodadiario.ar\/index.php?rest_route=\/wp\/v2\/types\/post"}],"author":[{"embeddable":true,"href":"https:\/\/verdadincomodadiario.ar\/index.php?rest_route=\/wp\/v2\/users\/2"}],"replies":[{"embeddable":true,"href":"https:\/\/verdadincomodadiario.ar\/index.php?rest_route=%2Fwp%2Fv2%2Fcomments&post=1491"}],"version-history":[{"count":0,"href":"https:\/\/verdadincomodadiario.ar\/index.php?rest_route=\/wp\/v2\/posts\/1491\/revisions"}],"wp:featuredmedia":[{"embeddable":true,"href":"https:\/\/verdadincomodadiario.ar\/index.php?rest_route=\/wp\/v2\/media\/1492"}],"wp:attachment":[{"href":"https:\/\/verdadincomodadiario.ar\/index.php?rest_route=%2Fwp%2Fv2%2Fmedia&parent=1491"}],"wp:term":[{"taxonomy":"category","embeddable":true,"href":"https:\/\/verdadincomodadiario.ar\/index.php?rest_route=%2Fwp%2Fv2%2Fcategories&post=1491"},{"taxonomy":"post_tag","embeddable":true,"href":"https:\/\/verdadincomodadiario.ar\/index.php?rest_route=%2Fwp%2Fv2%2Ftags&post=1491"}],"curies":[{"name":"wp","href":"https:\/\/api.w.org\/{rel}","templated":true}]}}