{"id":1463,"date":"2025-04-07T13:39:46","date_gmt":"2025-04-07T13:39:46","guid":{"rendered":"https:\/\/www.verdadincomodadiario.ar\/?p=1463"},"modified":"2025-04-07T13:39:46","modified_gmt":"2025-04-07T13:39:46","slug":"cuando-cobro-anses-quienes-reciben-pagos-este-lunes-7-de-abril","status":"publish","type":"post","link":"https:\/\/verdadincomodadiario.ar\/?p=1463","title":{"rendered":"Cu\u00e1ndo cobro ANSES: qui\u00e9nes reciben pagos este lunes 7 de abril"},"content":{"rendered":"<p><strong>Hoy reciben sus pagos beneficiarios de distintas l\u00edneas de ayuda social de <a href=\"https:\/\/derechadiario.com.ar\/economia\/programa-hogar-anses-abril-por-que-podrias-quedar-excluido-y-como-solucionarlo\" title=\"Programa Hogar ANSES en abril: por qu\u00e9 podr\u00edas quedar excluido y c\u00f3mo solucionarlo\">ANSES<\/a><\/strong>. Algunas se abonan por \u00fanica vez y otras forman parte de los pagos mensuales habituales.<\/p>\n<p>Los dep\u00f3sitos se realizan autom\u00e1ticamente en las cuentas bancarias vinculadas.<\/p>\n<div class=\"inter_image image_horizontal\">\n<picture><source class=\"img-responsive\" type=\"image\/webp\" data-srcset=\"\/filesedc\/uploads\/image\/post\/anses-1-jpg_300_200.webp 300w, \n\/filesedc\/uploads\/image\/post\/anses-1-jpg_630_420.webp 630w,\n                                \/filesedc\/uploads\/image\/post\/anses-1-jpg_760_507.webp 760w,\n                                \/filesedc\/uploads\/image\/post\/anses-1-jpg_1200_800.webp 1200w,\n                                \/filesedc\/uploads\/image\/post\/anses-1-jpg_1600_1067.webp 1600w\"><img decoding=\"async\" src=\"https:\/\/derechadiario.com.ar\/filesedc\/uploads\/image\/post\/anses-1-jpg_1200_800.webp\" class=\"img-responsive lazyload\" alt=\"Fachada de una oficina de ANSES con un cartel azul y un coraz\u00f3n naranja.\" title=\"Fachada de una oficina de ANSES con un cartel azul y un coraz\u00f3n naranja.\"><\/picture>\n<div>\n<span class=\"img_footer\">Qui\u00e9nes cobran hoy seg\u00fan la terminaci\u00f3n del DNI <\/span>| <span class=\"img_author\">La Derecha Diario<\/span>\n<\/div>\n<\/div>\n<h3><strong>Asignaciones de pago \u00fanico: matrimonio, adopci\u00f3n y nacimiento<\/strong><\/h3>\n<p>El pago corresponde a <strong>todas las terminaciones de DNI<\/strong>. Estar\u00e1 disponible hasta el jueves 10 de abril.<\/p>\n<figure><img decoding=\"async\" src=\"https:\/\/derechadiario.com.ar\/filesedc\/uploads\/image\/post\/asignacion-pago-unico-marzo-anses_1200_800.webp\" class=\"img-responsive lazyload\" alt=\"Asignaciones de pago \u00fanico para matrimonio, adopci\u00f3n y nacimiento, mes a cobrar marzo, con fechas de cobro del 13\/3 al 10\/4 para la primera quincena y del 26\/3 al 10\/4 para la segunda quincena.\" title=\"Asignaciones de pago \u00fanico para matrimonio, adopci\u00f3n y nacimiento, mes a cobrar marzo, con fechas de cobro del 13\/3 al 10\/4 para la primera quincena y del 26\/3 al 10\/4 para la segunda quincena.\"><\/figure>\n<h3><strong>Asignaciones familiares de Pensiones No Contributivas (PNC)<\/strong><\/h3>\n<p>Tambi\u00e9n acceden al cobro quienes perciben asignaciones familiares por PNC. Aplica a <strong>todas las terminaciones de documentos<\/strong> y estar\u00e1 vigente hasta el jueves 10.<\/p>\n<aside class=\"whatsappChannelText\"><a href=\"https:\/\/whatsapp.com\/channel\/0029VagEjILGE56eKjedWF2U\" rel=\"nofollow\" title=\"WhatsApp Link\"><img alt=\"Logo de WhatsApp\" class=\"lazyload\" data-src=\"https:\/\/derechadiario.com.ar\/filesedc\/uploads\/other\/whatsapp_icon_mid_article.png\" width=\"32\" height=\"32\"><\/a> <a href=\"https:\/\/whatsapp.com\/channel\/0029VagEjILGE56eKjedWF2U\" rel=\"nofollow\" title=\"WhatsApp Link\"><strong>NO SE PIERDAN NINGUNA NOTICIA<\/strong>: Click aqu\u00ed para sumarte <strong>GRATIS<\/strong> al canal de noticias de <strong>La Derecha Diario en WhatsApp.<\/strong><\/a><\/aside>\n<aside class=\"are-you-interested-container-photo\"><\/aside>\n<figure><img decoding=\"async\" src=\"https:\/\/derechadiario.com.ar\/filesedc\/uploads\/image\/post\/pnc-marzo-anses-1741775808628_1200_800.webp\" class=\"img-responsive lazyload\" alt=\"Asignaciones familiares de pensiones no contributivas para marzo, todas las terminaciones de DNI del 12 de marzo al 10 de abril.\" title=\"Asignaciones familiares de pensiones no contributivas para marzo, todas las terminaciones de DNI del 12 de marzo al 10 de abril.\"><\/figure>\n<h3><strong>Prestaci\u00f3n por desempleo<\/strong><\/h3>\n<p>Quienes est\u00e1n dentro de la prestaci\u00f3n por desempleo pueden cobrar desde hoy. El calendario es el mismo: <strong>todas las terminaciones de DNI<\/strong> hasta el 10 de abril.<\/p>\n<figure><img decoding=\"async\" src=\"https:\/\/derechadiario.com.ar\/filesedc\/uploads\/image\/post\/desempleo-plan-2-anses-abril_1200_800.webp\" class=\"img-responsive lazyload\" alt=\"Plan de desempleo 2 para cobrar en marzo, todas las terminaciones de DNI del 4 al 10 de abril.\" title=\"Plan de desempleo 2 para cobrar en marzo, todas las terminaciones de DNI del 4 al 10 de abril.\"><\/figure>\n<h2><strong>Jubilaciones ANSES: cu\u00e1nto se cobra en abril con el aumento<\/strong><\/h2>\n<p>Desde abril, las <a href=\"https:\/\/derechadiario.com.ar\/economia\/anses-confirmo-cuanto-sera-aumento-jubilaciones-y-pensiones-para-abril-2025\" title=\"ANSES confirm\u00f3 de cu\u00e1nto ser\u00e1 el aumento en jubilaciones y pensiones para abril 2025\">jubilaciones y pensiones<\/a> se actualizan con el nuevo <strong>aumento por inflaci\u00f3n<\/strong> determinado por el dato del IPC de enero.<\/p>\n<p>El incremento para este mes es del <strong>2,40%<\/strong>. As\u00ed quedan los valores actualizados:<\/p>\n<ul>\n<li>\n<strong>Jubilaci\u00f3n m\u00ednima:<\/strong> $285.820,63<\/li>\n<li>\n<strong>Jubilaci\u00f3n m\u00e1xima:<\/strong> $1.923.302,29<\/li>\n<li>\n<strong>Pensi\u00f3n Universal para el Adulto Mayor (PUAM):<\/strong> $228.656,50<\/li>\n<li>\n<strong>Pensiones No Contributivas (PNC):<\/strong> $200.074,44<\/li>\n<li>\n<strong>Prestaci\u00f3n B\u00e1sica Universal (PBU):<\/strong> $228.656<\/li>\n<\/ul>\n","protected":false},"excerpt":{"rendered":"<p>Hoy reciben sus pagos beneficiarios de distintas l\u00edneas de ayuda social de ANSES. Algunas se abonan por \u00fanica vez y otras forman parte de los pagos mensuales habituales. Los dep\u00f3sitos se realizan autom\u00e1ticamente en las cuentas bancarias vinculadas. Qui\u00e9nes cobran hoy seg\u00fan la terminaci\u00f3n del DNI | La Derecha Diario Asignaciones de pago \u00fanico: matrimonio, [&hellip;]<\/p>\n","protected":false},"author":2,"featured_media":1464,"comment_status":"open","ping_status":"open","sticky":false,"template":"","format":"standard","meta":{"_et_pb_use_builder":"","_et_pb_old_content":"","_et_gb_content_width":"","footnotes":""},"categories":[80],"tags":[],"class_list":["post-1463","post","type-post","status-publish","format-standard","has-post-thumbnail","hentry","category-economia-2"],"_links":{"self":[{"href":"https:\/\/verdadincomodadiario.ar\/index.php?rest_route=\/wp\/v2\/posts\/1463","targetHints":{"allow":["GET"]}}],"collection":[{"href":"https:\/\/verdadincomodadiario.ar\/index.php?rest_route=\/wp\/v2\/posts"}],"about":[{"href":"https:\/\/verdadincomodadiario.ar\/index.php?rest_route=\/wp\/v2\/types\/post"}],"author":[{"embeddable":true,"href":"https:\/\/verdadincomodadiario.ar\/index.php?rest_route=\/wp\/v2\/users\/2"}],"replies":[{"embeddable":true,"href":"https:\/\/verdadincomodadiario.ar\/index.php?rest_route=%2Fwp%2Fv2%2Fcomments&post=1463"}],"version-history":[{"count":0,"href":"https:\/\/verdadincomodadiario.ar\/index.php?rest_route=\/wp\/v2\/posts\/1463\/revisions"}],"wp:featuredmedia":[{"embeddable":true,"href":"https:\/\/verdadincomodadiario.ar\/index.php?rest_route=\/wp\/v2\/media\/1464"}],"wp:attachment":[{"href":"https:\/\/verdadincomodadiario.ar\/index.php?rest_route=%2Fwp%2Fv2%2Fmedia&parent=1463"}],"wp:term":[{"taxonomy":"category","embeddable":true,"href":"https:\/\/verdadincomodadiario.ar\/index.php?rest_route=%2Fwp%2Fv2%2Fcategories&post=1463"},{"taxonomy":"post_tag","embeddable":true,"href":"https:\/\/verdadincomodadiario.ar\/index.php?rest_route=%2Fwp%2Fv2%2Ftags&post=1463"}],"curies":[{"name":"wp","href":"https:\/\/api.w.org\/{rel}","templated":true}]}}