{"id":14434,"date":"2025-08-13T13:24:17","date_gmt":"2025-08-13T13:24:17","guid":{"rendered":"https:\/\/verdadincomodadiario.ar\/?p=14434"},"modified":"2025-08-13T13:24:17","modified_gmt":"2025-08-13T13:24:17","slug":"polemica-en-uruguay-el-congreso-avanza-hacia-la-legalizacion-de-la-eutanasia","status":"publish","type":"post","link":"https:\/\/verdadincomodadiario.ar\/?p=14434","title":{"rendered":"Pol\u00e9mica en Uruguay: el Congreso avanza hacia la legalizaci\u00f3n de la eutanasia"},"content":{"rendered":"<p>En una sesi\u00f3n que se extendi\u00f3 durante m\u00e1s de cinco horas, <strong>la C\u00e1mara de Diputados de <a href=\"https:\/\/derechadiario.com.ar\/politica\/uruguay-bajo-amenaza-fiscal-contra-ahorristas-kirchnerismo-tributario\" title=\"Uruguay bajo amenaza fiscal contra ahorristas: el 'kirchnerismo tributario'\">Uruguay<\/a> aprob\u00f3 en la madrugada de este mi\u00e9rcoles un proyecto de ley que legaliza la eutanasia<\/strong>, con 64 votos a favor y 29 en contra. La medida, que ahora deber\u00e1 ser evaluada por el <strong>Senado<\/strong>, podr\u00eda convertir al pa\u00eds en el tercero de Am\u00e9rica Latina en permitir la muerte asistida, junto con <strong>Colombia y Ecuador.<\/strong><\/p>\n<p>Sin embargo, lejos de generar consenso, <strong>la iniciativa ha despertado fuertes cuestionamientos.<\/strong> Especialistas en bio\u00e9tica, organizaciones religiosas y sectores pol\u00edticos advierten que la norma abre la puerta a <strong>pr\u00e1cticas peligrosas y de dif\u00edcil control<\/strong>, afectando el valor intr\u00ednseco de la vida humana.<\/p>\n<h2><strong>Riesgos y cuestionamientos \u00e9ticos<\/strong><\/h2>\n<p><strong>El proyecto establece que podr\u00e1n solicitar la eutanasia personas mayores de edad con plena capacidad ps\u00edquica que enfrenten una enfermedad incurable o dolores insoportables<\/strong>, previa evaluaci\u00f3n de dos profesionales de la salud.<\/p>\n<div class=\"inter_image image_horizontal\">\n<picture><source class=\"img-responsive\" type=\"image\/webp\" data-srcset=\"https:\/\/filesedc.com\/uploads\/image\/post\/2025\/08\/screenshot-2025-08-13-095706_300_200.webp 300w, https:\/\/filesedc.com\/uploads\/image\/post\/2025\/08\/screenshot-2025-08-13-095706_630_420.webp 630w, https:\/\/filesedc.com\/uploads\/image\/post\/2025\/08\/screenshot-2025-08-13-095706_760_507.webp 760w, https:\/\/filesedc.com\/uploads\/image\/post\/2025\/08\/screenshot-2025-08-13-095706_1200_800.webp 1200w, https:\/\/filesedc.com\/uploads\/image\/post\/2025\/08\/screenshot-2025-08-13-095706_1600_1067.webp 1600w, \"><img decoding=\"async\" src=\"https:\/\/derechadiario.com.ar\/filesedc\/uploads\/image\/post\/2025\/08\/screenshot-2025-08-13-095706_1200_800.webp\" class=\"img-responsive lazyload\" alt=\"Vista interior de un parlamento con varias personas sentadas en sus bancas y un gran mural al fondo\" title=\"Vista interior de un parlamento con varias personas sentadas en sus bancas y un gran mural al fondo\"><\/picture>\n<div>\n<span class=\"img_footer\">Pol\u00e9mica en Uruguay: el Congreso avanza hacia la legalizaci\u00f3n de la eutanasia <\/span>| <span class=\"img_author\">La Derecha Diario<\/span>\n<\/div>\n<\/div>\n<p>Cr\u00edticos del texto sostienen que estas definiciones son ambiguas y que la ley podr\u00eda derivar en abusos o presiones sobre pacientes vulnerables, especialmente aquellos con <strong>pocos recursos o en situaci\u00f3n de dependencia<\/strong>. Adem\u00e1s, subrayan que Uruguay cuenta con cuidados paliativos avanzados que podr\u00edan fortalecerse en lugar de optar por terminar la vida del paciente.<\/p>\n<h2><strong>Apoyo pol\u00edtico con oposici\u00f3n firme<\/strong><\/h2>\n<p>La propuesta, impulsada por el partido izquierdista\u00a0<strong>Frente Amplio<\/strong> y respaldada por sectores de la oposici\u00f3n, fue <strong>avalada por la Comisi\u00f3n de Salud en julio.<\/strong> Sus defensores afirman que se trata de un derecho individual, mientras que sus detractores alertan sobre un cambio cultural que podr\u00eda banalizar la muerte y debilitar la responsabilidad del <strong>Estado en la protecci\u00f3n de la vida.<\/strong><\/p>\n<p><strong>Aunque una encuesta de Factum de 2022 indic\u00f3 que el 77% de los consultados apoyaba la eutanasia en casos extremos<\/strong>, voces contrarias insisten en que las mayor\u00edas circunstanciales no deben definir <strong>cuestiones \u00e9ticas de fondo.<\/strong><\/p>\n<h2><strong>Un precedente complejo en la regi\u00f3n<\/strong><\/h2>\n<p><strong>Colombia y Ecuador ya cuentan con marcos legales que permiten la eutanasia<\/strong>, pero en ambos pa\u00edses el debate sigue abierto y se registran controversias judiciales y m\u00e9dicas.<\/p>\n<figure><img decoding=\"async\" src=\"https:\/\/derechadiario.com.ar\/filesedc\/uploads\/image\/post\/2025\/08\/screenshot-2025-08-13-095712_1200_800.webp\" class=\"img-responsive lazyload\" alt=\"Gr\u00e1fico de votaci\u00f3n parlamentaria con 64 votos afirmativos y 29 negativos representados por c\u00edrculos azules y grises en un hemiciclo, con un edificio al centro inferior\" title=\"Gr\u00e1fico de votaci\u00f3n parlamentaria con 64 votos afirmativos y 29 negativos representados por c\u00edrculos azules y grises en un hemiciclo, con un edificio al centro inferior\"><\/figure>\n<p>Para los cr\u00edticos <a href=\"https:\/\/derechadiario.com.ar\/deportes\/uruguay-quiere-sede-finalissima-2026-argentina-y-espana\" title=\"Uruguay quiere ser sede de la Finalissima 2026 entre Argentina y Espa\u00f1a\"><strong>uruguayos<\/strong><\/a>, avanzar en la misma direcci\u00f3n es <strong>\u201ccopiar problemas\u201d en lugar de fortalecer pol\u00edticas de salud que prioricen la vida.<\/strong><\/p>\n<h2><strong>Pr\u00f3xima definici\u00f3n en el Senado<\/strong><\/h2>\n<p><strong>El oficialismo espera votar el proyecto antes de fin de a\u00f1o.<\/strong> De aprobarse, \u00a0<strong>Uruguay pasar\u00eda de considerar la eutanasia como \u201chomicidio piadoso\u201d a legalizarla<\/strong>, lo que marcar\u00eda un cambio legislativo profundo y, para muchos, peligroso.<\/p>\n<aside class=\"whatsappChannelText\"><a href=\"https:\/\/whatsapp.com\/channel\/0029VagEjILGE56eKjedWF2U\" rel=\"nofollow\" title=\"WhatsApp Link\"><img alt=\"Logo de WhatsApp\" class=\"lazyload\" data-src=\"https:\/\/derechadiario.com.ar\/filesedc\/uploads\/other\/whatsapp_icon_mid_article.png\" width=\"32\" height=\"32\"><\/a> <a href=\"https:\/\/whatsapp.com\/channel\/0029VagEjILGE56eKjedWF2U\" rel=\"nofollow\" title=\"WhatsApp Link\"><strong>NO SE PIERDAN NINGUNA NOTICIA<\/strong>: Click aqu\u00ed para sumarte <strong>GRATIS<\/strong> al canal de noticias de <strong>La Derecha Diario en WhatsApp.<\/strong><\/a><\/aside>\n<p><strong>Quienes rechazan la medida llaman a los senadores a frenar el avance de esta ley<\/strong> y abrir un debate m\u00e1s amplio sobre cuidados paliativos, asistencia integral y acompa\u00f1amiento a pacientes y familias en situaciones cr\u00edticas.<\/p>\n","protected":false},"excerpt":{"rendered":"<p>En una sesi\u00f3n que se extendi\u00f3 durante m\u00e1s de cinco horas, la C\u00e1mara de Diputados de Uruguay aprob\u00f3 en la madrugada de este mi\u00e9rcoles un proyecto de ley que legaliza la eutanasia, con 64 votos a favor y 29 en contra. La medida, que ahora deber\u00e1 ser evaluada por el Senado, podr\u00eda convertir al pa\u00eds [&hellip;]<\/p>\n","protected":false},"author":2,"featured_media":14435,"comment_status":"open","ping_status":"open","sticky":false,"template":"","format":"standard","meta":{"_et_pb_use_builder":"","_et_pb_old_content":"","_et_gb_content_width":"","footnotes":""},"categories":[79,940,941],"tags":[],"class_list":["post-14434","post","type-post","status-publish","format-standard","has-post-thumbnail","hentry","category-internacionales","category-polemica","category-uruguay"],"_links":{"self":[{"href":"https:\/\/verdadincomodadiario.ar\/index.php?rest_route=\/wp\/v2\/posts\/14434","targetHints":{"allow":["GET"]}}],"collection":[{"href":"https:\/\/verdadincomodadiario.ar\/index.php?rest_route=\/wp\/v2\/posts"}],"about":[{"href":"https:\/\/verdadincomodadiario.ar\/index.php?rest_route=\/wp\/v2\/types\/post"}],"author":[{"embeddable":true,"href":"https:\/\/verdadincomodadiario.ar\/index.php?rest_route=\/wp\/v2\/users\/2"}],"replies":[{"embeddable":true,"href":"https:\/\/verdadincomodadiario.ar\/index.php?rest_route=%2Fwp%2Fv2%2Fcomments&post=14434"}],"version-history":[{"count":0,"href":"https:\/\/verdadincomodadiario.ar\/index.php?rest_route=\/wp\/v2\/posts\/14434\/revisions"}],"wp:featuredmedia":[{"embeddable":true,"href":"https:\/\/verdadincomodadiario.ar\/index.php?rest_route=\/wp\/v2\/media\/14435"}],"wp:attachment":[{"href":"https:\/\/verdadincomodadiario.ar\/index.php?rest_route=%2Fwp%2Fv2%2Fmedia&parent=14434"}],"wp:term":[{"taxonomy":"category","embeddable":true,"href":"https:\/\/verdadincomodadiario.ar\/index.php?rest_route=%2Fwp%2Fv2%2Fcategories&post=14434"},{"taxonomy":"post_tag","embeddable":true,"href":"https:\/\/verdadincomodadiario.ar\/index.php?rest_route=%2Fwp%2Fv2%2Ftags&post=14434"}],"curies":[{"name":"wp","href":"https:\/\/api.w.org\/{rel}","templated":true}]}}