{"id":1419,"date":"2025-04-06T19:49:18","date_gmt":"2025-04-06T19:49:18","guid":{"rendered":"https:\/\/verdadincomodadiario.ar\/?p=1419"},"modified":"2025-04-06T19:49:18","modified_gmt":"2025-04-06T19:49:18","slug":"las-ventas-de-las-pymes-se-siguen-recuperando-y-crecieron-105-interanual-en-marzo","status":"publish","type":"post","link":"https:\/\/verdadincomodadiario.ar\/?p=1419","title":{"rendered":"Las ventas de las pymes se siguen recuperando y crecieron 10,5% interanual en marzo"},"content":{"rendered":"<p>Seg\u00fan datos de la Confederaci\u00f3n Argentina de la Mediana Empresa (CAME), las ventas minoristas Pymes <strong>crecieron un s\u00f3lido 10,5% interanual en marzo<\/strong>, a precios constantes. Adem\u00e1s, en la <strong>comparaci\u00f3n mensual desestacionalizada<\/strong>, tambi\u00e9n se observ\u00f3 una <a href=\"https:\/\/derechadiario.com.ar\/economia\/consumo-alza-crecio-venta-carne-vino-y-yerba\" target=\"_blank\" title=\"Consumo en alza: creci\u00f3 la venta de carne, vino y yerba\">mejora<\/a>, con un <strong>incremento del 0,1% respecto de febrero<\/strong>.<\/p>\n<p>Este crecimiento consolida un primer trimestre positivo, con una <strong>suba acumulada del 19,4%<\/strong>, lo que genera entusiasmo y expectativa en el sector comercial, que ya nota la recuperaci\u00f3n econ\u00f3mica lograda por el Gobierno de <a href=\"https:\/\/derechadiario.com.ar\/economia\/argentina-negociando-desembolso-inicial-usd-12000-millones-con-fmi\" target=\"_blank\" title=\"Argentina est\u00e1 negociando un desembolso inicial de USD 12.000 millones con el FMI\"><strong>Javier Milei<\/strong><\/a>.<\/p>\n<p>Entre los factores que dinamizaron la actividad se destacaron el cierre exitoso de la temporada de verano, el inicio del ciclo lectivo y diversas acciones comerciales inteligentes, como descuentos, cuotas sin inter\u00e9s y promociones especiales en fechas clave.<\/p>\n<div class=\"inter_image image_horizontal\">\n<picture><source class=\"img-responsive\" type=\"image\/webp\" data-srcset=\"\/filesedc\/uploads\/image\/post\/textil17306821939923_300_200.webp 300w, \n\/filesedc\/uploads\/image\/post\/textil17306821939923_630_420.webp 630w,\n                                \/filesedc\/uploads\/image\/post\/textil17306821939923_760_507.webp 760w,\n                                \/filesedc\/uploads\/image\/post\/textil17306821939923_1200_800.webp 1200w,\n                                \/filesedc\/uploads\/image\/post\/textil17306821939923_1600_1067.webp 1600w\"><img decoding=\"async\" src=\"https:\/\/derechadiario.com.ar\/filesedc\/uploads\/image\/post\/textil17306821939923_1200_800.webp\" class=\"img-responsive lazyload\" alt=\"Una mujer elige ropa de colores en una tienda de moda.\" title=\"Una mujer elige ropa de colores en una tienda de moda.\"><\/picture>\n<div>\n<span class=\"img_footer\">Las ventas de las pymes crecen notablemente. <\/span>| <span class=\"img_author\">La Derecha Diario<\/span>\n<\/div>\n<\/div>\n<p>En todos los rubros relevados por CAME se observaron <strong>mejoras<\/strong>, marcando un <strong>avance generalizado en el comercio pyme<\/strong>. Entre ellos, Perfumer\u00eda lider\u00f3 el <strong>crecimiento con un destacado 23,6%<\/strong>, seguido por <strong>Farmacia con un 16,8%<\/strong> y <strong>Alimentos y Bebidas con un 13,7%<\/strong>. Este \u00faltimo rubro tambi\u00e9n mostr\u00f3 un s\u00f3lido desempe\u00f1o en lo que va del a\u00f1o, con una <strong>suba acumulada del 25,3%<\/strong> en el primer trimestre.<\/p>\n<aside class=\"are-you-interested-container-photo\"><\/aside>\n<p>Los sectores estacionales tambi\u00e9n aprovecharon el contexto favorable, especialmente aquellos vinculados al regreso a clases, que supieron capitalizar la demanda con ofertas atractivas, variedad de productos y excelente atenci\u00f3n al cliente.<\/p>\n<p>CAME subray\u00f3 la importancia de las estrategias de venta adaptadas a cada localidad. Los comercios que ofrecieron precios accesibles, promociones propias y una buena experiencia de compra lograron mantenerse activos y captar nuevos clientes. El uso de medios de pago financiados, como cuotas sin inter\u00e9s, result\u00f3 clave para ampliar el alcance del consumo.<\/p>\n<aside class=\"whatsappChannelText\"><a href=\"https:\/\/whatsapp.com\/channel\/0029VagEjILGE56eKjedWF2U\" rel=\"nofollow\" title=\"WhatsApp Link\"><img alt=\"Logo de WhatsApp\" class=\"lazyload\" data-src=\"https:\/\/derechadiario.com.ar\/filesedc\/uploads\/other\/whatsapp_icon_mid_article.png\" width=\"32\" height=\"32\"><\/a> <a href=\"https:\/\/whatsapp.com\/channel\/0029VagEjILGE56eKjedWF2U\" rel=\"nofollow\" title=\"WhatsApp Link\"><strong>NO SE PIERDAN NINGUNA NOTICIA<\/strong>: Click aqu\u00ed para sumarte <strong>GRATIS<\/strong> al canal de noticias de <strong>La Derecha Diario en WhatsApp.<\/strong><\/a><\/aside>\n<figure><img decoding=\"async\" src=\"https:\/\/derechadiario.com.ar\/filesedc\/uploads\/image\/post\/e3996a35-cd54-4c68-9f15-e3af74799079-16-9-discover-aspect-ratio-default-0_1200_800.webp\" class=\"img-responsive lazyload\" alt=\"Un hombre con gafas y traje oscuro trabaja en una computadora port\u00e1til en una oficina elegante con una bandera argentina de fondo.\" title=\"Un hombre con gafas y traje oscuro trabaja en una computadora port\u00e1til en una oficina elegante con una bandera argentina de fondo.\"><\/figure>\n<p>A pesar de los desaf\u00edos estructurales que a\u00fan persisten, el comercio minorista muestra una renovada confianza. Seg\u00fan CAME, muchos comerciantes <strong>proyectan una mejora\u00a0de cara al futuro<\/strong>, destacando el valor de mantener promociones, fortalecer el v\u00ednculo con los consumidores y aprovechar las herramientas digitales para expandir su alcance y eficiencia operativa.<\/p>\n<p>Desde la entidad empresaria se destac\u00f3 que la capacidad de adaptaci\u00f3n de las pymes ser\u00e1 uno de los pilares fundamentales para consolidar la recuperaci\u00f3n a lo largo de 2025.<\/p>\n","protected":false},"excerpt":{"rendered":"<p>Seg\u00fan datos de la Confederaci\u00f3n Argentina de la Mediana Empresa (CAME), las ventas minoristas Pymes crecieron un s\u00f3lido 10,5% interanual en marzo, a precios constantes. Adem\u00e1s, en la comparaci\u00f3n mensual desestacionalizada, tambi\u00e9n se observ\u00f3 una mejora, con un incremento del 0,1% respecto de febrero. Este crecimiento consolida un primer trimestre positivo, con una suba acumulada [&hellip;]<\/p>\n","protected":false},"author":2,"featured_media":1420,"comment_status":"open","ping_status":"open","sticky":false,"template":"","format":"standard","meta":{"_et_pb_use_builder":"","_et_pb_old_content":"","_et_gb_content_width":"","footnotes":""},"categories":[80],"tags":[],"class_list":["post-1419","post","type-post","status-publish","format-standard","has-post-thumbnail","hentry","category-economia-2"],"_links":{"self":[{"href":"https:\/\/verdadincomodadiario.ar\/index.php?rest_route=\/wp\/v2\/posts\/1419","targetHints":{"allow":["GET"]}}],"collection":[{"href":"https:\/\/verdadincomodadiario.ar\/index.php?rest_route=\/wp\/v2\/posts"}],"about":[{"href":"https:\/\/verdadincomodadiario.ar\/index.php?rest_route=\/wp\/v2\/types\/post"}],"author":[{"embeddable":true,"href":"https:\/\/verdadincomodadiario.ar\/index.php?rest_route=\/wp\/v2\/users\/2"}],"replies":[{"embeddable":true,"href":"https:\/\/verdadincomodadiario.ar\/index.php?rest_route=%2Fwp%2Fv2%2Fcomments&post=1419"}],"version-history":[{"count":0,"href":"https:\/\/verdadincomodadiario.ar\/index.php?rest_route=\/wp\/v2\/posts\/1419\/revisions"}],"wp:featuredmedia":[{"embeddable":true,"href":"https:\/\/verdadincomodadiario.ar\/index.php?rest_route=\/wp\/v2\/media\/1420"}],"wp:attachment":[{"href":"https:\/\/verdadincomodadiario.ar\/index.php?rest_route=%2Fwp%2Fv2%2Fmedia&parent=1419"}],"wp:term":[{"taxonomy":"category","embeddable":true,"href":"https:\/\/verdadincomodadiario.ar\/index.php?rest_route=%2Fwp%2Fv2%2Fcategories&post=1419"},{"taxonomy":"post_tag","embeddable":true,"href":"https:\/\/verdadincomodadiario.ar\/index.php?rest_route=%2Fwp%2Fv2%2Ftags&post=1419"}],"curies":[{"name":"wp","href":"https:\/\/api.w.org\/{rel}","templated":true}]}}