{"id":1337,"date":"2025-04-05T17:15:51","date_gmt":"2025-04-05T17:15:51","guid":{"rendered":"https:\/\/verdadincomodadiario.ar\/?p=1337"},"modified":"2025-04-05T17:15:51","modified_gmt":"2025-04-05T17:15:51","slug":"amazon-lanzara-su-propio-internet-satelital-y-llegara-a-la-argentina-en-diciembre","status":"publish","type":"post","link":"https:\/\/verdadincomodadiario.ar\/?p=1337","title":{"rendered":"Amazon lanzar\u00e1 su propio internet satelital y llegar\u00e1 a la Argentina en diciembre"},"content":{"rendered":"<p>La <a href=\"https:\/\/derechadiario.com.ar\/politica\/milei-confirmo-argentina-modificara-su-legislacion-para-reducir-los-aranceles-con-eeuu\" title=\"Milei buscar\u00e1 modificar la legislaci\u00f3n de Argentina para reducir las tarifas con EEUU\">Argentina <\/a>da un paso hist\u00f3rico hacia el futuro de la conectividad. En un contexto de apertura de mercados impulsado por el presidente <a href=\"https:\/\/derechadiario.com.ar\/economia\/argentina-negociando-desembolso-inicial-usd-12000-millones-con-fmi\" title=\"Argentina est\u00e1 negociando un desembolso inicial de USD 12.000 millones con el FMI\">Javier Milei<\/a>, el gigante tecnol\u00f3gico <strong>Amazon anunci\u00f3 la llegada de su internet satelital de alta velocidad al pa\u00eds<\/strong>, de la mano de <strong>Directv<\/strong>. La tecnolog\u00eda de punta desarrollada bajo el nombre \u00a0<strong>Project Kuiper<\/strong>\u00a0 se lanzar\u00e1 regionalmente en <strong>diciembre de este a\u00f1o<\/strong>, abriendo una nueva etapa de inclusi\u00f3n digital en <strong>zonas postergadas y remotas.<\/strong><\/p>\n<p>La oferta de Project Kuiper \u00a0<strong>promete velocidades de hasta 1 Gbps<\/strong>, baja latencia, antenas port\u00e1tiles y prev\u00e9 un precio m\u00e1s accesible que el de <strong>Starlink<\/strong>, el servicio satelital de \u00a0<strong>Elon Musk<\/strong>. En di\u00e1logo con este medio, voceros de <strong>Directv Argentina<\/strong> afirmaron que el servicio costar\u00e1 menos que los <strong>$56.000<\/strong> <strong>mensuales<\/strong>\u00a0 que hoy cobra Starlink, y se \u00a0<strong>podr\u00e1 pagar en moneda local<\/strong>. Adem\u00e1s, contar\u00e1 con servicio t\u00e9cnico domiciliario, a pesar de que la antena ser\u00e1 autoinstalable. \u00a0<strong>\u201cCualquier problema va al domicilio a resolverlo\u201d<\/strong>, aseguraron desde la compa\u00f1\u00eda.<\/p>\n<p>Inicialmente, se ofrecer\u00e1n \u00a0<strong>dos modelos<\/strong> de terminales, una de ellas especialmente dise\u00f1ada para <strong>uso dom\u00e9stico<\/strong>: una antena cuadrada de <strong>18 cm, con un peso de solo 450 gramos, capaz de alcanzar velocidades de hasta 100 Mbps<\/strong>. Seg\u00fan explicaron desde Amazon, este modelo de \u00a0<strong>bajo costo<\/strong>\u00a0 permitir\u00e1 que \u00a0<strong>hogares, pymes e incluso gobiernos<\/strong>\u00a0 puedan acceder a conectividad robusta incluso en las regiones m\u00e1s aisladas. M\u00e1s adelante, Directv sumar\u00e1 un tercer modelo de antena, de mayores dimensiones, pensado para <strong>aplicaciones industriales y comerciales a gran escala.<\/strong><\/p>\n<div class=\"inter_image image_horizontal\">\n<picture><source class=\"img-responsive\" type=\"image\/webp\" data-srcset=\"\/filesedc\/uploads\/image\/post\/748685185-231652024-1024x576_300_200.webp 300w, \n\/filesedc\/uploads\/image\/post\/748685185-231652024-1024x576_630_420.webp 630w,\n                                \/filesedc\/uploads\/image\/post\/748685185-231652024-1024x576_760_507.webp 760w,\n                                \/filesedc\/uploads\/image\/post\/748685185-231652024-1024x576_1200_800.webp 1200w,\n                                \/filesedc\/uploads\/image\/post\/748685185-231652024-1024x576_1600_1067.webp 1600w\"><img decoding=\"async\" src=\"https:\/\/derechadiario.com.ar\/filesedc\/uploads\/image\/post\/748685185-231652024-1024x576_1200_800.webp\" class=\"img-responsive lazyload\" alt=\"Tres mesas blancas de diferentes tama\u00f1os con bases met\u00e1licas sobre un fondo azul.\" title=\"Tres mesas blancas de diferentes tama\u00f1os con bases met\u00e1licas sobre un fondo azul.\"><\/picture>\n<div>\n<span class=\"img_footer\">Los tres modelos de antena que promueve Amazon. <\/span>| <span class=\"img_author\">La Derecha Diario<\/span>\n<\/div>\n<\/div>\n<p>El proyecto, que representa una <strong>inversi\u00f3n global de 10.000 millones de d\u00f3lares<\/strong>, prev\u00e9 una constelaci\u00f3n de m\u00e1s de <strong>3.200 sat\u00e9lites<\/strong> para cubrir \u00e1reas desatendidas. En la regi\u00f3n, el servicio se implementar\u00e1 a trav\u00e9s de \u00a0<strong>Vrio Corp<\/strong>, empresa matriz de <strong>Directv Latin America y Sky Brasi<\/strong>l, con operaciones en \u00a0<strong>Argentina, Brasil, Colombia, Ecuador, Chile, Per\u00fa y Uruguay.<\/strong><\/p>\n<aside class=\"are-you-interested-container-photo\"><\/aside>\n<p>La fase inicial de <strong>despliegue<\/strong>\u00a0 comenzar\u00e1 el \u00a0<strong>9 de abril<\/strong>\u00a0 con el lanzamiento de la <strong>misi\u00f3n KA-01<\/strong>\u00a0 (Kuiper Atlas 1) desde la <strong>Estaci\u00f3n de la Fuerza Espacial de Cabo Ca\u00f1averal, Florida.<\/strong> Se enviar\u00e1n <strong>27<\/strong>\u00a0 sat\u00e9lites a una \u00f3rbita de <strong>450<\/strong>\u00a0 kil\u00f3metros utilizando un cohete <strong>Atlas V de United Launch Alliance<\/strong> (ULA) en su configuraci\u00f3n m\u00e1s potente, equipada con cinco propulsores de cohete s\u00f3lido. Esta ser\u00e1 la carga \u00fatil m\u00e1s pesada jam\u00e1s transportada por ese modelo de cohete.<\/p>\n<figure><img decoding=\"async\" src=\"https:\/\/derechadiario.com.ar\/filesedc\/uploads\/image\/post\/captura-de-pantalla-2025-04-04-225233_1200_800.webp\" class=\"img-responsive lazyload\" alt=\"Dos personas posan frente a un acuario con un fondo de plantas verdes.\" title=\"Dos personas posan frente a un acuario con un fondo de plantas verdes.\"><\/figure>\n<p><strong>Bruno Henriques<\/strong>, l\u00edder de desarrollo de negocios de <strong>Project Kuiper<\/strong> en <strong>Am\u00e9rica Latina<\/strong>, explic\u00f3 que los sat\u00e9lites dar\u00e1n una vuelta completa al planeta cada <strong>90 minutos<\/strong>, y que las antenas receptoras podr\u00e1n seguir sus movimientos autom\u00e1ticamente para garantizar una conexi\u00f3n continua. <strong>\u201cSiempre tiene que haber un sat\u00e9lite en el cielo disponible\u201d<\/strong>, subray\u00f3.<\/p>\n<aside class=\"whatsappChannelText\"><a href=\"https:\/\/whatsapp.com\/channel\/0029VagEjILGE56eKjedWF2U\" rel=\"nofollow\" title=\"WhatsApp Link\"><img alt=\"Logo de WhatsApp\" class=\"lazyload\" data-src=\"https:\/\/derechadiario.com.ar\/filesedc\/uploads\/other\/whatsapp_icon_mid_article.png\" width=\"32\" height=\"32\"><\/a> <a href=\"https:\/\/whatsapp.com\/channel\/0029VagEjILGE56eKjedWF2U\" rel=\"nofollow\" title=\"WhatsApp Link\"><strong>NO SE PIERDAN NINGUNA NOTICIA<\/strong>: Click aqu\u00ed para sumarte <strong>GRATIS<\/strong> al canal de noticias de <strong>La Derecha Diario en WhatsApp.<\/strong><\/a><\/aside>\n<p>La red utilizar\u00e1 enlaces \u00f3pticos <strong>intersatelitales<\/strong>, una tecnolog\u00eda avanzada que mantendr\u00e1 una <strong>conectividad fluida<\/strong>\u00a0 incluso en entornos donde no hay <strong>infraestructura terrestre<\/strong>. Asimismo, los sat\u00e9lites estar\u00e1n cubiertos por una pel\u00edcula diel\u00e9ctrica reflectiva desarrollada por <strong>Amazon<\/strong>, con el fin de reducir su visibilidad desde la Tierra y proteger el trabajo de los astr\u00f3nomos.<\/p>\n<p>Una vez en \u00f3rbita, los dispositivos ser\u00e1n operados desde el centro de control de <strong>Kuiper en Redmond, Washington<\/strong>, y reposicionados individualmente a una altitud de <strong>630<\/strong>\u00a0 kil\u00f3metros para brindar conectividad de extremo a extremo.<\/p>\n<p>El acuerdo fue firmado por \u00a0<strong>Dar\u00edo Werthein,<\/strong> presidente de <strong>Vrio Corp<\/strong>, junto a <strong>Rajeev Badyal,<\/strong> vicepresidente de tecnolog\u00eda y director del <strong>Project Kuiper<\/strong>, y \u00a0<strong>Panos Panay<\/strong>, l\u00edder del \u00e1rea de dispositivos y servicios de <strong>Amazon<\/strong>. En enero de 2024, Werthein describi\u00f3 este desarrollo como <strong>\u201cun hito fundacional\u201d<\/strong> y afirm\u00f3 que <strong>\u201cva a cambiar el mundo, poni\u00e9ndole fin a las fronteras en materia de conectividad\u201d.<\/strong><\/p>\n","protected":false},"excerpt":{"rendered":"<p>La Argentina da un paso hist\u00f3rico hacia el futuro de la conectividad. En un contexto de apertura de mercados impulsado por el presidente Javier Milei, el gigante tecnol\u00f3gico Amazon anunci\u00f3 la llegada de su internet satelital de alta velocidad al pa\u00eds, de la mano de Directv. La tecnolog\u00eda de punta desarrollada bajo el nombre \u00a0Project [&hellip;]<\/p>\n","protected":false},"author":2,"featured_media":1338,"comment_status":"open","ping_status":"open","sticky":false,"template":"","format":"standard","meta":{"_et_pb_use_builder":"","_et_pb_old_content":"","_et_gb_content_width":"","footnotes":""},"categories":[80],"tags":[],"class_list":["post-1337","post","type-post","status-publish","format-standard","has-post-thumbnail","hentry","category-economia-2"],"_links":{"self":[{"href":"https:\/\/verdadincomodadiario.ar\/index.php?rest_route=\/wp\/v2\/posts\/1337","targetHints":{"allow":["GET"]}}],"collection":[{"href":"https:\/\/verdadincomodadiario.ar\/index.php?rest_route=\/wp\/v2\/posts"}],"about":[{"href":"https:\/\/verdadincomodadiario.ar\/index.php?rest_route=\/wp\/v2\/types\/post"}],"author":[{"embeddable":true,"href":"https:\/\/verdadincomodadiario.ar\/index.php?rest_route=\/wp\/v2\/users\/2"}],"replies":[{"embeddable":true,"href":"https:\/\/verdadincomodadiario.ar\/index.php?rest_route=%2Fwp%2Fv2%2Fcomments&post=1337"}],"version-history":[{"count":0,"href":"https:\/\/verdadincomodadiario.ar\/index.php?rest_route=\/wp\/v2\/posts\/1337\/revisions"}],"wp:featuredmedia":[{"embeddable":true,"href":"https:\/\/verdadincomodadiario.ar\/index.php?rest_route=\/wp\/v2\/media\/1338"}],"wp:attachment":[{"href":"https:\/\/verdadincomodadiario.ar\/index.php?rest_route=%2Fwp%2Fv2%2Fmedia&parent=1337"}],"wp:term":[{"taxonomy":"category","embeddable":true,"href":"https:\/\/verdadincomodadiario.ar\/index.php?rest_route=%2Fwp%2Fv2%2Fcategories&post=1337"},{"taxonomy":"post_tag","embeddable":true,"href":"https:\/\/verdadincomodadiario.ar\/index.php?rest_route=%2Fwp%2Fv2%2Ftags&post=1337"}],"curies":[{"name":"wp","href":"https:\/\/api.w.org\/{rel}","templated":true}]}}