{"id":1275,"date":"2025-04-04T23:14:16","date_gmt":"2025-04-04T23:14:16","guid":{"rendered":"https:\/\/www.verdadincomodadiario.ar\/?p=1275"},"modified":"2025-04-04T23:14:16","modified_gmt":"2025-04-04T23:14:16","slug":"el-efecto-laffer-en-argentina-menos-impuestos-mas-recaudacion","status":"publish","type":"post","link":"https:\/\/verdadincomodadiario.ar\/?p=1275","title":{"rendered":"El efecto Laffer en Argentina: menos impuestos, m\u00e1s recaudaci\u00f3n"},"content":{"rendered":"<p>La Curva de Laffer y su impacto en la econom\u00eda han sido objeto de debate durante d\u00e9cadas. Esta teor\u00eda sostiene que existe un punto \u00f3ptimo en la relaci\u00f3n entre la carga tributaria y la recaudaci\u00f3n fiscal: <strong>cuando los impuestos son demasiado altos, desincentivan la producci\u00f3n y el consumo, reduciendo la base imponible y afectando negativamente los ingresos del Estado<\/strong>. En cambio, una reducci\u00f3n de impuestos puede incentivar la actividad econ\u00f3mica, ampliando la base de contribuyentes y generando, parad\u00f3jicamente, una mayor recaudaci\u00f3n.<\/p>\n<p>El caso de Argentina en marzo de 2025 ilustra esta din\u00e1mica. \u00a0<strong>A pesar de la reducci\u00f3n de impuestos implementada por el <a href=\"https:\/\/derechadiario.com.ar\/economia\/volkswagen-anuncio-las-inversiones-mas-grandes-decadas-argentina\" title=\"Gracias a Milei, Volkswagen anunci\u00f3 una inversi\u00f3n de USD 580 millones en Argentina\">gobierno<\/a>, la recaudaci\u00f3n creci\u00f3 en t\u00e9rminos reales<\/strong>. Este fen\u00f3meno refuerza la idea de que bajar la presi\u00f3n impositiva puede generar m\u00e1s actividad econ\u00f3mica y, en consecuencia, m\u00e1s ingresos para el Estado.<\/p>\n<h2><strong>Argentina y la evidencia de un cambio de paradigma<\/strong><\/h2>\n<p>Argentina y la evidencia de un cambio de paradigma se reflejan en los recientes datos de recaudaci\u00f3n fiscal. <strong>En el tercer mes del a\u00f1o, el <a href=\"https:\/\/derechadiario.com.ar\/politica\/gobierno-milei-le-puso-fin-otra-caja-politica-millonaria-derechos-humanos\" title=\"El Gobierno de Milei le puso fin a otra caja pol\u00edtica millonaria en Derechos Humanos\">gobierno<\/a> redujo o elimin\u00f3 tributos como el Impuesto PAIS y ciertas retenciones a las exportaciones.<\/strong> Contra todo pron\u00f3stico basado en modelos fiscales tradicionales, la recaudaci\u00f3n aument\u00f3 un 7% en t\u00e9rminos reales interanuales, alcanzando los $12,8 billones.<\/p>\n<div class=\"inter_image image_horizontal\">\n<picture><source class=\"img-responsive\" type=\"image\/webp\" data-srcset=\"\/filesedc\/uploads\/image\/post\/6c65194f-dfaa-404f-ab9a-c59bb3193cb3_300_200.webp 300w, \n\/filesedc\/uploads\/image\/post\/6c65194f-dfaa-404f-ab9a-c59bb3193cb3_630_420.webp 630w,\n                                \/filesedc\/uploads\/image\/post\/6c65194f-dfaa-404f-ab9a-c59bb3193cb3_760_507.webp 760w,\n                                \/filesedc\/uploads\/image\/post\/6c65194f-dfaa-404f-ab9a-c59bb3193cb3_1200_800.webp 1200w,\n                                \/filesedc\/uploads\/image\/post\/6c65194f-dfaa-404f-ab9a-c59bb3193cb3_1600_1067.webp 1600w\"><img decoding=\"async\" src=\"https:\/\/derechadiario.com.ar\/filesedc\/uploads\/image\/post\/6c65194f-dfaa-404f-ab9a-c59bb3193cb3_1200_800.webp\" class=\"img-responsive lazyload\" alt=\"Un grupo de personas vestidas formalmente se saludan y conversan en un elegante sal\u00f3n con una pintura en la pared.\" title=\"Un grupo de personas vestidas formalmente se saludan y conversan en un elegante sal\u00f3n con una pintura en la pared.\"><\/picture>\n<div>\n<span class=\"img_footer\">Milei y Laffer <\/span>| <span class=\"img_author\">La Derecha Diario<\/span>\n<\/div>\n<\/div>\n<p><strong>El aumento en la recaudaci\u00f3n, a pesar de la baja de impuestos, sugiere que la pol\u00edtica fiscal argentina est\u00e1 transitando un cambio significativo<\/strong>. Esta experiencia demuestra que reducir la presi\u00f3n tributaria puede traducirse en una econom\u00eda m\u00e1s din\u00e1mica, con mayor inversi\u00f3n y consumo, beneficiando tanto a los contribuyentes como al propio Estado.<\/p>\n<h2><strong>Factores que explican el incremento de la recaudaci\u00f3n<\/strong><\/h2>\n<p>Existen varios factores que pueden explicar por qu\u00e9 la reducci\u00f3n de impuestos ha llevado a un aumento en la recaudaci\u00f3n:<\/p>\n<ol>\n<li>\n<strong>Mayor formalizaci\u00f3n de la econom\u00eda<\/strong>: Con impuestos m\u00e1s bajos, muchas empresas y trabajadores han optado por ingresar a la econom\u00eda formal, aumentando la base imponible.<\/li>\n<li>\u00a0<strong>Aumento en la inversi\u00f3n y el consumo<\/strong>: La reducci\u00f3n de impuestos ha incentivado la inversi\u00f3n productiva y el gasto de los consumidores, impulsando la actividad econ\u00f3mica general.<\/li>\n<li>\u00a0<strong>Eliminaci\u00f3n de distorsiones tributarias<\/strong>: Al suprimir tributos que encarec\u00edan las exportaciones y otras actividades productivas, se ha permitido un crecimiento m\u00e1s equilibrado del sector privado.<\/li>\n<li>\u00a0<strong>Efecto sobre la confianza econ\u00f3mica<\/strong>: La previsibilidad y estabilidad en la pol\u00edtica fiscal han mejorado la confianza de inversores y empresarios, lo que ha llevado a un incremento en la producci\u00f3n y el empleo.<\/li>\n<\/ol>\n<h2><strong>Implicancias para el futuro de la pol\u00edtica fiscal<\/strong><\/h2>\n<figure><img decoding=\"async\" src=\"https:\/\/derechadiario.com.ar\/filesedc\/uploads\/image\/post\/3b3042db-482c-4ab4-8715-279600fe5ccc_1200_800.webp\" class=\"img-responsive lazyload\" alt=\"Gr\u00e1fico que muestra billetes argentinos con la palabra \" arca y un arco que representa la relaci entre tasa de impuestos los ingresos fiscales. title=\"Gr\u00e1fico que muestra billetes argentinos con la palabra \"><\/figure>\n<p>El caso argentino abre el debate sobre c\u00f3mo dise\u00f1ar estrategias fiscales m\u00e1s eficientes. Si bien la Curva de Laffer no es un principio universal aplicable en todos los escenarios, <strong>su aplicaci\u00f3n en Argentina sugiere que existen oportunidades para optimizar la carga tributaria sin comprometer la sostenibilidad fiscal.<\/strong><\/p>\n<aside class=\"whatsappChannelText\"><a href=\"https:\/\/whatsapp.com\/channel\/0029VagEjILGE56eKjedWF2U\" rel=\"nofollow\" title=\"WhatsApp Link\"><img alt=\"Logo de WhatsApp\" class=\"lazyload\" data-src=\"https:\/\/derechadiario.com.ar\/filesedc\/uploads\/other\/whatsapp_icon_mid_article.png\" width=\"32\" height=\"32\"><\/a> <a href=\"https:\/\/whatsapp.com\/channel\/0029VagEjILGE56eKjedWF2U\" rel=\"nofollow\" title=\"WhatsApp Link\"><strong>NO SE PIERDAN NINGUNA NOTICIA<\/strong>: Click aqu\u00ed para sumarte <strong>GRATIS<\/strong> al canal de noticias de <strong>La Derecha Diario en WhatsApp.<\/strong><\/a><\/aside>\n<h2><strong>Algunos desaf\u00edos clave para consolidar este modelo incluyen:<\/strong><\/h2>\n<ol>\n<li>Mantener un equilibrio entre reducci\u00f3n de impuestos y disciplina fiscal.<\/li>\n<li>Ampliar la base de contribuyentes sin recurrir a aumentos impositivos regresivos.<\/li>\n<li>Generar mecanismos que fomenten la inversi\u00f3n productiva y la creaci\u00f3n de empleo.<\/li>\n<li>Establecer pol\u00edticas tributarias predecibles que eviten cambios abruptos en la carga fiscal.<\/li>\n<\/ol>\n<p>En conclusi\u00f3n, <strong>la experiencia argentina en 2025 refuerza la idea de que una pol\u00edtica tributaria m\u00e1s racional y eficiente puede estimular el crecimiento econ\u00f3mico y, al mismo tiempo, aumentar la recaudaci\u00f3n.<\/strong> Este fen\u00f3meno podr\u00eda servir de referencia para otros pa\u00edses que buscan optimizar sus sistemas fiscales sin sofocar la actividad econ\u00f3mica.<\/p>\n","protected":false},"excerpt":{"rendered":"<p>La Curva de Laffer y su impacto en la econom\u00eda han sido objeto de debate durante d\u00e9cadas. Esta teor\u00eda sostiene que existe un punto \u00f3ptimo en la relaci\u00f3n entre la carga tributaria y la recaudaci\u00f3n fiscal: cuando los impuestos son demasiado altos, desincentivan la producci\u00f3n y el consumo, reduciendo la base imponible y afectando negativamente [&hellip;]<\/p>\n","protected":false},"author":2,"featured_media":1276,"comment_status":"open","ping_status":"open","sticky":false,"template":"","format":"standard","meta":{"_et_pb_use_builder":"","_et_pb_old_content":"","_et_gb_content_width":"","footnotes":""},"categories":[80],"tags":[],"class_list":["post-1275","post","type-post","status-publish","format-standard","has-post-thumbnail","hentry","category-economia-2"],"_links":{"self":[{"href":"https:\/\/verdadincomodadiario.ar\/index.php?rest_route=\/wp\/v2\/posts\/1275","targetHints":{"allow":["GET"]}}],"collection":[{"href":"https:\/\/verdadincomodadiario.ar\/index.php?rest_route=\/wp\/v2\/posts"}],"about":[{"href":"https:\/\/verdadincomodadiario.ar\/index.php?rest_route=\/wp\/v2\/types\/post"}],"author":[{"embeddable":true,"href":"https:\/\/verdadincomodadiario.ar\/index.php?rest_route=\/wp\/v2\/users\/2"}],"replies":[{"embeddable":true,"href":"https:\/\/verdadincomodadiario.ar\/index.php?rest_route=%2Fwp%2Fv2%2Fcomments&post=1275"}],"version-history":[{"count":0,"href":"https:\/\/verdadincomodadiario.ar\/index.php?rest_route=\/wp\/v2\/posts\/1275\/revisions"}],"wp:featuredmedia":[{"embeddable":true,"href":"https:\/\/verdadincomodadiario.ar\/index.php?rest_route=\/wp\/v2\/media\/1276"}],"wp:attachment":[{"href":"https:\/\/verdadincomodadiario.ar\/index.php?rest_route=%2Fwp%2Fv2%2Fmedia&parent=1275"}],"wp:term":[{"taxonomy":"category","embeddable":true,"href":"https:\/\/verdadincomodadiario.ar\/index.php?rest_route=%2Fwp%2Fv2%2Fcategories&post=1275"},{"taxonomy":"post_tag","embeddable":true,"href":"https:\/\/verdadincomodadiario.ar\/index.php?rest_route=%2Fwp%2Fv2%2Ftags&post=1275"}],"curies":[{"name":"wp","href":"https:\/\/api.w.org\/{rel}","templated":true}]}}