{"id":1273,"date":"2025-04-04T23:14:17","date_gmt":"2025-04-04T23:14:17","guid":{"rendered":"https:\/\/www.verdadincomodadiario.ar\/?p=1273"},"modified":"2025-04-04T23:14:17","modified_gmt":"2025-04-04T23:14:17","slug":"programa-hogar-anses-en-abril-por-que-podrias-quedar-excluido-y-como-solucionarlo","status":"publish","type":"post","link":"https:\/\/verdadincomodadiario.ar\/?p=1273","title":{"rendered":"Programa Hogar ANSES en abril: por qu\u00e9 podr\u00edas quedar excluido y c\u00f3mo solucionarlo"},"content":{"rendered":"<p>El <strong>Programa Hogar de <a href=\"https:\/\/derechadiario.com.ar\/economia\/anses-confirmo-cuanto-sera-aumento-jubilaciones-y-pensiones-para-abril-2025\" title=\"ANSES confirm\u00f3 de cu\u00e1nto ser\u00e1 el aumento en jubilaciones y pensiones para abril 2025\">ANSES<\/a><\/strong> es una ayuda estatal que subsidia la compra de garrafas para hogares sin conexi\u00f3n a la red de gas natural. Sin embargo, muchos beneficiarios pueden quedar <strong>excluidos del cobro<\/strong> por distintos motivos.<\/p>\n<p>Si no recibiste el pago o te suspendieron el beneficio, ac\u00e1 te contamos las principales razones por las que podr\u00edas haber quedado afuera y qu\u00e9 hacer para solucionarlo.<\/p>\n<div class=\"inter_image image_horizontal\">\n<picture><source class=\"img-responsive\" type=\"image\/webp\" data-srcset=\"\/filesedc\/uploads\/image\/post\/programa-hogar-anses-marzo-2025-quienes-lo-cobran_300_200.webp 300w, \n\/filesedc\/uploads\/image\/post\/programa-hogar-anses-marzo-2025-quienes-lo-cobran_630_420.webp 630w,\n                                \/filesedc\/uploads\/image\/post\/programa-hogar-anses-marzo-2025-quienes-lo-cobran_760_507.webp 760w,\n                                \/filesedc\/uploads\/image\/post\/programa-hogar-anses-marzo-2025-quienes-lo-cobran_1200_800.webp 1200w,\n                                \/filesedc\/uploads\/image\/post\/programa-hogar-anses-marzo-2025-quienes-lo-cobran_1600_1067.webp 1600w\"><img decoding=\"async\" src=\"https:\/\/derechadiario.com.ar\/filesedc\/uploads\/image\/post\/programa-hogar-anses-marzo-2025-quienes-lo-cobran_1200_800.webp\" class=\"img-responsive lazyload\" alt=\"Personas cargando cilindros de gas en la calle junto a un gr\u00e1fico que dice \" programa hogar del anses. title=\"Personas cargando cilindros de gas en la calle junto a un gr\u00e1fico que dice \"><\/picture>\n<div>\n<span class=\"img_footer\">las principales razones por las que podr\u00edas haber quedado afuera <\/span>| <span class=\"img_author\">La Derecha Diario<\/span>\n<\/div>\n<\/div>\n<h2><strong>Motivos por los que podr\u00edas quedar excluido del Programa Hogar ANSES<\/strong><\/h2>\n<ul>\n<li>\n<strong>Datos familiares incorrectos:<\/strong> errores en la informaci\u00f3n del grupo familiar registrada en ANSES pueden generar la suspensi\u00f3n del beneficio.<\/li>\n<li>\n<strong>Residencia en la Patagonia con ingresos superiores:<\/strong> para quienes viven en esta regi\u00f3n, los l\u00edmites son mayores: 2,8 SMVM o 4,2 SMVM si hay un integrante con CUD. Si los ingresos superan estos valores, el pago no se har\u00e1 efectivo.<\/li>\n<li>\n<strong>Informaci\u00f3n desactualizada en Mi ANSES:<\/strong> si el beneficiario cumple con los requisitos pero no actualiz\u00f3 sus datos en el sistema, el pago podr\u00eda no acreditarse.<\/li>\n<li>\n<strong>Medidor de gas a nombre del titular:<\/strong> si el beneficiario figura como titular de un medidor de gas natural, no se le asignar\u00e1 el subsidio.<\/li>\n<li>\n<strong>Duplicaci\u00f3n del subsidio dentro del mismo hogar:<\/strong> si otro integrante del grupo familiar ya percibe el Programa Hogar, no se otorgar\u00e1 nuevamente.<\/li>\n<li>\n<strong>Ingresos familiares por encima del l\u00edmite:<\/strong> si el ingreso del hogar supera los 2 SMVM, el beneficio no ser\u00e1 otorgado. Para familias con al menos un integrante con Certificado \u00danico de Discapacidad (CUD) registrado, el tope sube a 3 SMVM.<\/li>\n<li>\n<strong>Suspensi\u00f3n por falta de pagos anteriores:<\/strong> si hubo tres cuotas impagas seguidas, el subsidio se dar\u00e1 de baja autom\u00e1ticamente.<\/li>\n<li>\n<strong>Disponibilidad de red de gas natural:<\/strong> si tu vivienda est\u00e1 conectada a la red de gas natural, no podr\u00e1s acceder al subsidio.<\/li>\n<\/ul>\n<figure><img decoding=\"async\" src=\"https:\/\/derechadiario.com.ar\/filesedc\/uploads\/image\/post\/gas-programa-hogar-anses_1200_800.webp\" class=\"img-responsive lazyload\" alt=\"Hornillas de gas encendidas con llamas azules.\" title=\"Hornillas de gas encendidas con llamas azules.\"><\/figure>\n<h2><strong>\u00bfQu\u00e9 hacer si no cobr\u00e1s el Programa Hogar ANSES?<\/strong><\/h2>\n<ul>\n<li>\n<strong>Si ten\u00e9s gas natural pero no el servicio activo:<\/strong> solicit\u00e1 un <em>Certificado de Negativa de Servicio de Gas de Red<\/em> a la empresa correspondiente y presentalo en ANSES con turno.<\/li>\n<li>\n<strong>Si tus ingresos superan el l\u00edmite:<\/strong> consult\u00e1 si aplic\u00e1s a una excepci\u00f3n especial. Acercate a una oficina de ANSES con turno.<\/li>\n<li>\n<strong>Si viv\u00eds en la Regi\u00f3n Patag\u00f3nica y cumpl\u00eds con los requisitos de ingresos:<\/strong> ingres\u00e1 a <em>Mi ANSES<\/em> y actualiz\u00e1 tus datos.<\/li>\n<li>\n<strong>Si sos titular de un medidor de gas:<\/strong> solicit\u00e1 la baja ante la empresa prestadora para volver a aplicar al programa.<\/li>\n<li>\n<strong>Si hay errores en los datos del grupo familiar:<\/strong> pod\u00e9s corregirlos en ANSES sin necesidad de turno.<\/li>\n<li>\n<strong>Si otro miembro de tu familia ya recibe el subsidio:<\/strong> deber\u00e1s regularizar la situaci\u00f3n al solicitar un turno.<\/li>\n<li>\n<strong>Si te dieron de baja por falta de pago:<\/strong> pod\u00e9s realizar una nueva inscripci\u00f3n desde la web de ANSES.<\/li>\n<li>\n<strong>Si cumpl\u00eds con todos los requisitos pero no cobr\u00e1s el subsidio:<\/strong> revis\u00e1 tu estado en <em>Mi ANSES<\/em> y present\u00e1 la documentaci\u00f3n necesaria.<\/li>\n<\/ul>\n<aside class=\"whatsappChannelText\"><a href=\"https:\/\/whatsapp.com\/channel\/0029VagEjILGE56eKjedWF2U\" rel=\"nofollow\" title=\"WhatsApp Link\"><img alt=\"Logo de WhatsApp\" class=\"lazyload\" data-src=\"https:\/\/derechadiario.com.ar\/filesedc\/uploads\/other\/whatsapp_icon_mid_article.png\" width=\"32\" height=\"32\"><\/a> <a href=\"https:\/\/whatsapp.com\/channel\/0029VagEjILGE56eKjedWF2U\" rel=\"nofollow\" title=\"WhatsApp Link\"><strong>NO SE PIERDAN NINGUNA NOTICIA<\/strong>: Click aqu\u00ed para sumarte <strong>GRATIS<\/strong> al canal de noticias de <strong>La Derecha Diario en WhatsApp.<\/strong><\/a><\/aside>\n<figure><img decoding=\"async\" src=\"https:\/\/derechadiario.com.ar\/filesedc\/uploads\/image\/post\/anses-1-jpg_1200_800.webp\" class=\"img-responsive lazyload\" alt=\"Fachada de una oficina de ANSES con un cartel azul y un coraz\u00f3n naranja.\" title=\"Fachada de una oficina de ANSES con un cartel azul y un coraz\u00f3n naranja.\"><\/figure>\n<p>Para m\u00e1s informaci\u00f3n o dudas, ingres\u00e1 a la web oficial de <a href=\"https:\/\/derechadiario.com.ar\/economia\/asignaciones-suaf-anses-quienes-reciben-pago-adicional-108000-abril\" title=\"Asignaciones SUAF de ANSES: qui\u00e9nes reciben el pago adicional de $108.000 en abril\"><strong>ANSES<\/strong><\/a> o acercate a una oficina con turno previo.<\/p>\n","protected":false},"excerpt":{"rendered":"<p>El Programa Hogar de ANSES es una ayuda estatal que subsidia la compra de garrafas para hogares sin conexi\u00f3n a la red de gas natural. Sin embargo, muchos beneficiarios pueden quedar excluidos del cobro por distintos motivos. Si no recibiste el pago o te suspendieron el beneficio, ac\u00e1 te contamos las principales razones por las [&hellip;]<\/p>\n","protected":false},"author":2,"featured_media":1274,"comment_status":"open","ping_status":"open","sticky":false,"template":"","format":"standard","meta":{"_et_pb_use_builder":"","_et_pb_old_content":"","_et_gb_content_width":"","footnotes":""},"categories":[80],"tags":[],"class_list":["post-1273","post","type-post","status-publish","format-standard","has-post-thumbnail","hentry","category-economia-2"],"_links":{"self":[{"href":"https:\/\/verdadincomodadiario.ar\/index.php?rest_route=\/wp\/v2\/posts\/1273","targetHints":{"allow":["GET"]}}],"collection":[{"href":"https:\/\/verdadincomodadiario.ar\/index.php?rest_route=\/wp\/v2\/posts"}],"about":[{"href":"https:\/\/verdadincomodadiario.ar\/index.php?rest_route=\/wp\/v2\/types\/post"}],"author":[{"embeddable":true,"href":"https:\/\/verdadincomodadiario.ar\/index.php?rest_route=\/wp\/v2\/users\/2"}],"replies":[{"embeddable":true,"href":"https:\/\/verdadincomodadiario.ar\/index.php?rest_route=%2Fwp%2Fv2%2Fcomments&post=1273"}],"version-history":[{"count":0,"href":"https:\/\/verdadincomodadiario.ar\/index.php?rest_route=\/wp\/v2\/posts\/1273\/revisions"}],"wp:featuredmedia":[{"embeddable":true,"href":"https:\/\/verdadincomodadiario.ar\/index.php?rest_route=\/wp\/v2\/media\/1274"}],"wp:attachment":[{"href":"https:\/\/verdadincomodadiario.ar\/index.php?rest_route=%2Fwp%2Fv2%2Fmedia&parent=1273"}],"wp:term":[{"taxonomy":"category","embeddable":true,"href":"https:\/\/verdadincomodadiario.ar\/index.php?rest_route=%2Fwp%2Fv2%2Fcategories&post=1273"},{"taxonomy":"post_tag","embeddable":true,"href":"https:\/\/verdadincomodadiario.ar\/index.php?rest_route=%2Fwp%2Fv2%2Ftags&post=1273"}],"curies":[{"name":"wp","href":"https:\/\/api.w.org\/{rel}","templated":true}]}}