{"id":1271,"date":"2025-04-04T23:14:18","date_gmt":"2025-04-04T23:14:18","guid":{"rendered":"https:\/\/www.verdadincomodadiario.ar\/?p=1271"},"modified":"2025-04-04T23:14:18","modified_gmt":"2025-04-04T23:14:18","slug":"aerolineas-argentinas-logro-ganar-dinero-por-primera-vez-desde-la-estatizacion-de-2008","status":"publish","type":"post","link":"https:\/\/verdadincomodadiario.ar\/?p=1271","title":{"rendered":"Aerol\u00edneas Argentinas logr\u00f3 ganar dinero por primera vez desde la estatizaci\u00f3n de 2008"},"content":{"rendered":"<p>Por primera vez desde su reestatizaci\u00f3n, <strong>Aerol\u00edneas Argentinas<\/strong> cerr\u00f3 un a\u00f1o con un <strong>resultado econ\u00f3mico anual positivo<\/strong>. De acuerdo con datos oficiales de la Oficina Nacional de Presupuesto, la compa\u00f1\u00eda a\u00e9rea concluy\u00f3 2024 con un <strong>super\u00e1vit de $156.323,9 millones<\/strong>.<\/p>\n<p>Estos buenos resultados se lograron gracias a las medidas tomadas por la administraci\u00f3n del presidente <a href=\"https:\/\/derechadiario.com.ar\/economia\/efecto-laffer-argentina-menos-impuestos-mas-recaudacion\" target=\"_blank\" title=\"El efecto Laffer en Argentina: menos impuestos, m\u00e1s recaudaci\u00f3n\"><strong>Javier Milei<\/strong><\/a>, la cual se encarg\u00f3 de <strong>reducir su d\u00e9ficit<\/strong>, eliminando gastos innecesarios, y <strong>eficientizando<\/strong> la compa\u00f1\u00eda.\u00a0<\/p>\n<p>En t\u00e9rminos operativos, la firma registr\u00f3 un EBIT (beneficio antes de intereses e impuestos) de <a href=\"https:\/\/derechadiario.com.ar\/economia\/volkswagen-anuncio-las-inversiones-mas-grandes-decadas-argentina\" target=\"_blank\" title=\"Gracias a Milei, Volkswagen anunci\u00f3 una inversi\u00f3n de USD 580 millones en Argentina\"><strong>20,7 millones de d\u00f3lares<\/strong><\/a>. Este indicador es el m\u00e1s utilizado en el sector aerocomercial para medir la <strong>rentabilidad<\/strong> derivada del negocio principal, y permite una comparaci\u00f3n directa entre aerol\u00edneas.<\/p>\n<p>&#8220;<strong>El EBIT refleja \u00fanicamente la rentabilidad operativa antes de la deducci\u00f3n de impuestos e intereses y sin incluir ingresos no operativos. Es decir, muestra lo que la empresa genera estrictamente con su actividad principal en base a sus ingresos por venta de pasajes, cargas, y adicionales, menos el costo de operar todos esos productos<\/strong>&#8220;, indicaron desde la empresa.<\/p>\n<aside class=\"are-you-interested-container-photo\"><\/aside>\n<p>La diferencia entre el resultado econ\u00f3mico total \u2014los $156.000 millones de super\u00e1vit\u2014 y el EBIT de 20,7 millones de d\u00f3lares se explica por la inclusi\u00f3n de ingresos financieros, fiscales y otros componentes no relacionados directamente con la operaci\u00f3n principal.<\/p>\n<p>De acuerdo a fuentes del sector, la compa\u00f1\u00eda modific\u00f3 la forma en que presenta su ejecuci\u00f3n presupuestaria, con el objetivo de representar de manera <strong>m\u00e1s precisa<\/strong> el efecto econ\u00f3mico del desfase entre la fecha de compra de pasajes a\u00e9reos y el momento en que se realizan efectivamente los vuelos.<\/p>\n<div class=\"inter_image image_horizontal\">\n<picture><source class=\"img-responsive\" type=\"image\/webp\" data-srcset=\"\/filesedc\/uploads\/image\/post\/-1x-1-1739913552197_300_200.webp 300w, \n\/filesedc\/uploads\/image\/post\/-1x-1-1739913552197_630_420.webp 630w,\n                                \/filesedc\/uploads\/image\/post\/-1x-1-1739913552197_760_507.webp 760w,\n                                \/filesedc\/uploads\/image\/post\/-1x-1-1739913552197_1200_800.webp 1200w,\n                                \/filesedc\/uploads\/image\/post\/-1x-1-1739913552197_1600_1067.webp 1600w\"><img decoding=\"async\" src=\"https:\/\/derechadiario.com.ar\/filesedc\/uploads\/image\/post\/-1x-1-1739913552197_1200_800.webp\" class=\"img-responsive lazyload\" alt=\"Un hombre sonriente con el pu\u00f1o levantado en un evento en Nueva York.\" title=\"Un hombre sonriente con el pu\u00f1o levantado en un evento en Nueva York.\"><\/picture>\n<div>\n<span class=\"img_footer\">Javier Milei, presidente de Argentina. <\/span>| <span class=\"img_author\">La Derecha Diario<\/span>\n<\/div>\n<\/div>\n<p>Por otra parte, cifras oficiales indican que la firma recibi\u00f3 <strong>$58.732,7 millones<\/strong> provenientes del Tesoro Nacional, destinados a financiar un programa de <strong>reducci\u00f3n de personal<\/strong>. Hacia el cuarto trimestre de 2024, <strong>la dotaci\u00f3n de empleados se redujo a 10.401<\/strong>, lo que representa una <strong>disminuci\u00f3n interanual de 1.528 trabajadores<\/strong>.<\/p>\n<p>Voceros de la aerol\u00ednea indicaron que los avances logrados fueron producto de una pol\u00edtica firme de <strong>ajuste de gastos<\/strong>, que incluy\u00f3 una <strong>reducci\u00f3n del personal cercana al 15%<\/strong>.\u00a0Sin embargo, aclararon que se trata de cifras preliminares. &#8220;<strong>La cifra est\u00e1 siendo corroborada por un auditor externo y ser\u00e1 oficializada una vez finalizado dicho proceso y aprobada por la asamblea de accionistas<\/strong>&#8220;, se\u00f1alaron.<\/p>\n<figure><img decoding=\"async\" src=\"https:\/\/derechadiario.com.ar\/filesedc\/uploads\/image\/post\/a8b20c9684df5822fd9a910b6528acd4--800x578_1200_800.webp\" class=\"img-responsive lazyload\" alt=\"Un hombre con gafas y traje oscuro est\u00e1 sentado frente a una computadora port\u00e1til en una sala con cortinas doradas y una bandera argentina.\" title=\"Un hombre con gafas y traje oscuro est\u00e1 sentado frente a una computadora port\u00e1til en una sala con cortinas doradas y una bandera argentina.\"><\/figure>\n<p>Desde que fue estatizada en 2008, Aerol\u00edneas Argentinas registr\u00f3 un <strong>d\u00e9ficit operativo anual<\/strong> promedio de alrededor de <strong>400 millones de d\u00f3lares<\/strong>. En 2023, durante el \u00faltimo a\u00f1o del gobierno kirchnerista de <strong>Alberto Fern\u00e1ndez<\/strong>, esa p\u00e9rdida fue de <strong>390 millones<\/strong>.<\/p>\n<aside class=\"whatsappChannelText\"><a href=\"https:\/\/whatsapp.com\/channel\/0029VagEjILGE56eKjedWF2U\" rel=\"nofollow\" title=\"WhatsApp Link\"><img alt=\"Logo de WhatsApp\" class=\"lazyload\" data-src=\"https:\/\/derechadiario.com.ar\/filesedc\/uploads\/other\/whatsapp_icon_mid_article.png\" width=\"32\" height=\"32\"><\/a> <a href=\"https:\/\/whatsapp.com\/channel\/0029VagEjILGE56eKjedWF2U\" rel=\"nofollow\" title=\"WhatsApp Link\"><strong>NO SE PIERDAN NINGUNA NOTICIA<\/strong>: Click aqu\u00ed para sumarte <strong>GRATIS<\/strong> al canal de noticias de <strong>La Derecha Diario en WhatsApp.<\/strong><\/a><\/aside>\n<p>Sin embargo, &#8220;<strong>la gesti\u00f3n de la compa\u00f1\u00eda se enfoc\u00f3 desde diciembre de 2023 en realizar las transformaciones necesarias para dejar a la empresa en condiciones para ser privatizada<\/strong>\u201d, afirmaron.<\/p>\n","protected":false},"excerpt":{"rendered":"<p>Por primera vez desde su reestatizaci\u00f3n, Aerol\u00edneas Argentinas cerr\u00f3 un a\u00f1o con un resultado econ\u00f3mico anual positivo. De acuerdo con datos oficiales de la Oficina Nacional de Presupuesto, la compa\u00f1\u00eda a\u00e9rea concluy\u00f3 2024 con un super\u00e1vit de $156.323,9 millones. Estos buenos resultados se lograron gracias a las medidas tomadas por la administraci\u00f3n del presidente Javier [&hellip;]<\/p>\n","protected":false},"author":2,"featured_media":1272,"comment_status":"open","ping_status":"open","sticky":false,"template":"","format":"standard","meta":{"_et_pb_use_builder":"","_et_pb_old_content":"","_et_gb_content_width":"","footnotes":""},"categories":[80],"tags":[],"class_list":["post-1271","post","type-post","status-publish","format-standard","has-post-thumbnail","hentry","category-economia-2"],"_links":{"self":[{"href":"https:\/\/verdadincomodadiario.ar\/index.php?rest_route=\/wp\/v2\/posts\/1271","targetHints":{"allow":["GET"]}}],"collection":[{"href":"https:\/\/verdadincomodadiario.ar\/index.php?rest_route=\/wp\/v2\/posts"}],"about":[{"href":"https:\/\/verdadincomodadiario.ar\/index.php?rest_route=\/wp\/v2\/types\/post"}],"author":[{"embeddable":true,"href":"https:\/\/verdadincomodadiario.ar\/index.php?rest_route=\/wp\/v2\/users\/2"}],"replies":[{"embeddable":true,"href":"https:\/\/verdadincomodadiario.ar\/index.php?rest_route=%2Fwp%2Fv2%2Fcomments&post=1271"}],"version-history":[{"count":0,"href":"https:\/\/verdadincomodadiario.ar\/index.php?rest_route=\/wp\/v2\/posts\/1271\/revisions"}],"wp:featuredmedia":[{"embeddable":true,"href":"https:\/\/verdadincomodadiario.ar\/index.php?rest_route=\/wp\/v2\/media\/1272"}],"wp:attachment":[{"href":"https:\/\/verdadincomodadiario.ar\/index.php?rest_route=%2Fwp%2Fv2%2Fmedia&parent=1271"}],"wp:term":[{"taxonomy":"category","embeddable":true,"href":"https:\/\/verdadincomodadiario.ar\/index.php?rest_route=%2Fwp%2Fv2%2Fcategories&post=1271"},{"taxonomy":"post_tag","embeddable":true,"href":"https:\/\/verdadincomodadiario.ar\/index.php?rest_route=%2Fwp%2Fv2%2Ftags&post=1271"}],"curies":[{"name":"wp","href":"https:\/\/api.w.org\/{rel}","templated":true}]}}