{"id":1269,"date":"2025-04-04T23:14:19","date_gmt":"2025-04-04T23:14:19","guid":{"rendered":"https:\/\/www.verdadincomodadiario.ar\/?p=1269"},"modified":"2025-04-04T23:14:19","modified_gmt":"2025-04-04T23:14:19","slug":"vidal-y-marin-firmaron-acuerdo-por-el-traspaso-de-areas-convencionales-de-ypf","status":"publish","type":"post","link":"https:\/\/verdadincomodadiario.ar\/?p=1269","title":{"rendered":"Vidal y Mar\u00edn firmaron acuerdo por el traspaso de \u00e1reas convencionales de YPF"},"content":{"rendered":"<p>El gobernador de Santa Cruz<strong>, Claudio Vidal<\/strong>, y el presidente de <a href=\"https:\/\/derechadiario.com.ar\/politica\/pablo-gonzalez-y-su-gestion-ypf-ineptitud-que-causo-perdidas-millonarias\" title=\"Pablo Gonz\u00e1lez y su gesti\u00f3n en YPF: la ineptitud que caus\u00f3 p\u00e9rdidas millonarias\">YPF<\/a>, <strong>Horacio Mar\u00edn<\/strong>, firmaron un <strong>Memorando de Entendimiento (MOU) que marca el inicio de la cesi\u00f3n de 10 \u00e1reas convencionales que la petrolera opera en la provincia.<\/strong><\/p>\n<p>El acuerdo establece adem\u00e1s un compromiso para remediar el pasivo ambiental acumulado durante a\u00f1os.<\/p>\n<h2><strong>Traspaso estrat\u00e9gico con impacto local<\/strong><\/h2>\n<p>A trav\u00e9s del memorando, las partes \u2014Santa Cruz, Formicruz (empresa estatal provincial de energ\u00eda) e YPF\u2014 se comprometen a negociar un acuerdo definitivo que incluya la transferencia de las concesiones de explotaci\u00f3n a Formicruz, un programa de saneamiento ambiental y la formalizaci\u00f3n de los abandonos de pozos correspondientes.<\/p>\n<p><strong>\u201cLa provincia podr\u00e1 avanzar en el desarrollo de un nuevo ecosistema de pymes que continuar\u00e1 potenciando la actividad convencional\u201d<\/strong>, expres\u00f3 Horacio Mar\u00edn, titular de YPF, y subray\u00f3 que la compa\u00f1\u00eda enfocar\u00e1 sus esfuerzos en la estrategia 4&#215;4, su nuevo eje de expansi\u00f3n.<\/p>\n<aside class=\"are-you-interested-container-photo\"><\/aside>\n<div class=\"inter_image image_horizontal\">\n<picture><source class=\"img-responsive\" type=\"image\/webp\" data-srcset=\"\/filesedc\/uploads\/image\/post\/screenshot-2025-04-04-145506_300_200.webp 300w, \n\/filesedc\/uploads\/image\/post\/screenshot-2025-04-04-145506_630_420.webp 630w,\n                                \/filesedc\/uploads\/image\/post\/screenshot-2025-04-04-145506_760_507.webp 760w,\n                                \/filesedc\/uploads\/image\/post\/screenshot-2025-04-04-145506_1200_800.webp 1200w,\n                                \/filesedc\/uploads\/image\/post\/screenshot-2025-04-04-145506_1600_1067.webp 1600w\"><img decoding=\"async\" src=\"https:\/\/derechadiario.com.ar\/filesedc\/uploads\/image\/post\/screenshot-2025-04-04-145506_1200_800.webp\" class=\"img-responsive lazyload\" alt=\"Un hombre de traje oscuro habla en un podio con un micr\u00f3fono.\" title=\"Un hombre de traje oscuro habla en un podio con un micr\u00f3fono.\"><\/picture>\n<div>\n<span class=\"img_footer\">Vidal y Mar\u00edn firmaron acuerdo por el traspaso de \u00e1reas convencionales de YPF <\/span>| <span class=\"img_author\">La Derecha Diario<\/span>\n<\/div>\n<\/div>\n<p>Los bloques involucrados en el acuerdo son: Cerro Piedra-Cerro Guadal Norte, Barranca Yankowsky, Los Monos, El Guadal-Lomas del Cuy, Ca\u00f1ad\u00f3n Vasco, Ca\u00f1ad\u00f3n Yatel, Pico Truncado-El Cord\u00f3n, Los Perales\u2013Las Mesetas, Ca\u00f1ad\u00f3n Le\u00f3n-Meseta Espinosa, Ca\u00f1ad\u00f3n de la Escondida-Las Heras y las concesiones de transporte vinculadas.<\/p>\n<h2><strong>Compensaci\u00f3n millonaria y pasivo ambiental<\/strong><\/h2>\n<p>El gobierno santacruce\u00f1o anunci\u00f3 que cobrar\u00e1 USD 335 millones por compensaci\u00f3n y resarcimiento econ\u00f3mico. Adem\u00e1s, YPF se har\u00e1 cargo de los pasivos ambientales generados durante su operaci\u00f3n.<\/p>\n<p><strong>\u201cEn un hecho in\u00e9dito en el pa\u00eds, la operadora YPF se retira pero se hace cargo del pasivo ambiental que ha generado durante a\u00f1os\u201d,<\/strong>\u00a0 remarc\u00f3 Claudio Vidal.<\/p>\n<p><strong>El plan acordado contempla que YPF realice estudios t\u00e9cnicos previos y comience la contrataci\u00f3n de empresas de servicios para ejecutar las tareas de remediaci\u00f3n ambiental.<\/strong>\u00a0 En los pr\u00f3ximos d\u00edas se definir\u00e1 el cronograma de obras, que deber\u00e1 ser aprobado por el Directorio de YPF para su implementaci\u00f3n formal.<\/p>\n<figure><img decoding=\"async\" src=\"https:\/\/derechadiario.com.ar\/filesedc\/uploads\/image\/post\/screenshot-2025-04-04-145521_1200_800.webp\" class=\"img-responsive lazyload\" alt=\"Edificio moderno de cristal con el logo de YPF en una ciudad con rascacielos y \u00e1reas verdes.\" title=\"Edificio moderno de cristal con el logo de YPF en una ciudad con rascacielos y \u00e1reas verdes.\"><\/figure>\n<h2><strong>Nuevo impulso al desarrollo energ\u00e9tico provincial<\/strong><\/h2>\n<p>Desde la provincia destacaron que el acuerdo permitir\u00e1 potenciar la participaci\u00f3n de empresas locales y consolidar una mayor soberan\u00eda energ\u00e9tica. \u00a0<strong>El gobernador Vidal valor\u00f3 el entendimiento como un paso importante para sanear la situaci\u00f3n heredada en los yacimientos convencionales.<\/strong><\/p>\n<aside class=\"whatsappChannelText\"><a href=\"https:\/\/whatsapp.com\/channel\/0029VagEjILGE56eKjedWF2U\" rel=\"nofollow\" title=\"WhatsApp Link\"><img alt=\"Logo de WhatsApp\" class=\"lazyload\" data-src=\"https:\/\/derechadiario.com.ar\/filesedc\/uploads\/other\/whatsapp_icon_mid_article.png\" width=\"32\" height=\"32\"><\/a> <a href=\"https:\/\/whatsapp.com\/channel\/0029VagEjILGE56eKjedWF2U\" rel=\"nofollow\" title=\"WhatsApp Link\"><strong>NO SE PIERDAN NINGUNA NOTICIA<\/strong>: Click aqu\u00ed para sumarte <strong>GRATIS<\/strong> al canal de noticias de <strong>La Derecha Diario en WhatsApp.<\/strong><\/a><\/aside>\n<p><strong>\u201cEste principio de acuerdo nos abre la posibilidad de ir cerrando distintos temas dentro de lo que significa la sanidad de <a href=\"https:\/\/derechadiario.com.ar\/economia\/se-anuncio-inversion-ypf-con-us400-millones-energia-y-litio-para-norte\" title=\"YPF invertir\u00e1 USD 400 millones para el proyecto de electrificaci\u00f3n de la Puna\">YPF<\/a>\u201d,<\/strong> afirm\u00f3.<\/p>\n<p>El acto se llev\u00f3 a cabo en la Casa de la <strong>Provincia de Santa Cruz en Buenos Aires,<\/strong> con presencia de autoridades provinciales y ejecutivos de la petrolera estatal.<\/p>\n","protected":false},"excerpt":{"rendered":"<p>El gobernador de Santa Cruz, Claudio Vidal, y el presidente de YPF, Horacio Mar\u00edn, firmaron un Memorando de Entendimiento (MOU) que marca el inicio de la cesi\u00f3n de 10 \u00e1reas convencionales que la petrolera opera en la provincia. El acuerdo establece adem\u00e1s un compromiso para remediar el pasivo ambiental acumulado durante a\u00f1os. Traspaso estrat\u00e9gico con [&hellip;]<\/p>\n","protected":false},"author":2,"featured_media":1270,"comment_status":"open","ping_status":"open","sticky":false,"template":"","format":"standard","meta":{"_et_pb_use_builder":"","_et_pb_old_content":"","_et_gb_content_width":"","footnotes":""},"categories":[80],"tags":[],"class_list":["post-1269","post","type-post","status-publish","format-standard","has-post-thumbnail","hentry","category-economia-2"],"_links":{"self":[{"href":"https:\/\/verdadincomodadiario.ar\/index.php?rest_route=\/wp\/v2\/posts\/1269","targetHints":{"allow":["GET"]}}],"collection":[{"href":"https:\/\/verdadincomodadiario.ar\/index.php?rest_route=\/wp\/v2\/posts"}],"about":[{"href":"https:\/\/verdadincomodadiario.ar\/index.php?rest_route=\/wp\/v2\/types\/post"}],"author":[{"embeddable":true,"href":"https:\/\/verdadincomodadiario.ar\/index.php?rest_route=\/wp\/v2\/users\/2"}],"replies":[{"embeddable":true,"href":"https:\/\/verdadincomodadiario.ar\/index.php?rest_route=%2Fwp%2Fv2%2Fcomments&post=1269"}],"version-history":[{"count":0,"href":"https:\/\/verdadincomodadiario.ar\/index.php?rest_route=\/wp\/v2\/posts\/1269\/revisions"}],"wp:featuredmedia":[{"embeddable":true,"href":"https:\/\/verdadincomodadiario.ar\/index.php?rest_route=\/wp\/v2\/media\/1270"}],"wp:attachment":[{"href":"https:\/\/verdadincomodadiario.ar\/index.php?rest_route=%2Fwp%2Fv2%2Fmedia&parent=1269"}],"wp:term":[{"taxonomy":"category","embeddable":true,"href":"https:\/\/verdadincomodadiario.ar\/index.php?rest_route=%2Fwp%2Fv2%2Fcategories&post=1269"},{"taxonomy":"post_tag","embeddable":true,"href":"https:\/\/verdadincomodadiario.ar\/index.php?rest_route=%2Fwp%2Fv2%2Ftags&post=1269"}],"curies":[{"name":"wp","href":"https:\/\/api.w.org\/{rel}","templated":true}]}}