{"id":12660,"date":"2025-07-29T15:26:31","date_gmt":"2025-07-29T15:26:31","guid":{"rendered":"https:\/\/verdadincomodadiario.ar\/?p=12660"},"modified":"2025-07-29T15:26:31","modified_gmt":"2025-07-29T15:26:31","slug":"ecuador-prioriza-a-sus-ciudadanos-noboa-critica-privilegios-para-presos-extranjeros","status":"publish","type":"post","link":"https:\/\/verdadincomodadiario.ar\/?p=12660","title":{"rendered":"Ecuador prioriza a sus ciudadanos: Noboa critica privilegios para presos extranjeros"},"content":{"rendered":"<p>El presidente <a href=\"https:\/\/derechadiario.com.ar\/ecuador\/politica\/presidente-noboa-entrego-vehiculos-tacticos-para-fortalecer-seguridad-nacional\" title=\"El presidente Noboa entreg\u00f3 veh\u00edculos t\u00e1cticos para fortalecer la seguridad nacional\">Daniel Noboa<\/a> respondi\u00f3 este 28 de julio a las cr\u00edticas del mandatario colombiano Gustavo Petro por la repatriaci\u00f3n de m\u00e1s de 1.000 presos colombianos desde Ecuador.<\/p>\n<p>Durante una entrevista con Radio Sucre, <a href=\"https:\/\/derechadiario.com.ar\/ecuador\/politica\/presidente-olsen-impulso-desvinculacion-40-funcionarios-por-nepotismo\" title=\"El presidente Olsen impuls\u00f3 la desvinculaci\u00f3n de 40 funcionarios por nepotismo\">Noboa <\/a>defendi\u00f3 la legalidad del proceso y explic\u00f3 que se ha coordinado con la Canciller\u00eda para cumplir los procedimientos diplom\u00e1ticos requeridos.<\/p>\n<p>El mandatario ecuatoriano cuestion\u00f3 que mantener a los reclusos extranjeros implica una carga adicional para el sistema carcelario y social del pa\u00eds, aludiendo al impacto econ\u00f3mico de su permanencia.<\/p>\n<p>Noboa fue enf\u00e1tico en se\u00f1alar que no es aceptable que un preso extranjero tenga prioridad sobre j\u00f3venes ecuatorianos, especialmente en temas sensibles como el acceso a la <a href=\"https:\/\/derechadiario.com.ar\/ecuador\/economia\/sector-salud-recibio-403-millones-del-gobierno-semestre-2025\" title=\"Sector salud recibi\u00f3 $403 millones del Gobierno en el primer semestre de 2025\">salud p\u00fablica.<\/a><\/p>\n<div class=\"inter_image image_horizontal\">\n<picture><source class=\"img-responsive\" type=\"image\/webp\" data-srcset=\"https:\/\/filesedc.com\/uploads\/image\/post\/2025\/07\/presos-colombia_300_200.webp 300w, https:\/\/filesedc.com\/uploads\/image\/post\/2025\/07\/presos-colombia_630_420.webp 630w, https:\/\/filesedc.com\/uploads\/image\/post\/2025\/07\/presos-colombia_760_507.webp 760w, https:\/\/filesedc.com\/uploads\/image\/post\/2025\/07\/presos-colombia_1200_800.webp 1200w, https:\/\/filesedc.com\/uploads\/image\/post\/2025\/07\/presos-colombia_1600_1067.webp 1600w, \"><img decoding=\"async\" src=\"https:\/\/derechadiario.com.ar\/filesedc\/uploads\/image\/post\/2025\/07\/presos-colombia_1200_800.webp\" class=\"img-responsive lazyload\" alt=\"Varias personas est\u00e1n de pie junto a una baranda amarilla en un puente al aire libre rodeado de \u00e1rboles y cielo azul\" title=\"Varias personas est\u00e1n de pie junto a una baranda amarilla en un puente al aire libre rodeado de \u00e1rboles y cielo azul\"><\/picture>\n<div>\n<span class=\"img_footer\">Repatriaci\u00f3n colombianos <\/span>| <span class=\"img_author\">La Derecha Diario<\/span>\n<\/div>\n<\/div>\n<p>\u201cUn colombiano que tenga c\u00e1ncer puede ser tratado antes que un joven ecuatoriano sano, y que no sea delincuente\u201d, afirm\u00f3 el presidente, calificando esa situaci\u00f3n como inaceptable e injusta.<\/p>\n<p>El jefe de Estado responsabiliz\u00f3 a <a href=\"https:\/\/derechadiario.com.ar\/ecuador\/economia\/frutas-ecuatorianas-conquistan-estados-unidos\" title=\"Frutas ecuatorianas conquistan Estados Unidos\">convenios internacionales<\/a> que catalogan a los PPL (personas privadas de libertad) como grupos prioritarios, lo cual, seg\u00fan \u00e9l, ha distorsionado el principio de equidad.<\/p>\n<p>Al mismo tiempo, revel\u00f3 que al menos 700 reclusos colombianos ya han sido enviados de regreso a su pa\u00eds en lo que va del proceso, reafirmando que continuar\u00e1 con esta pol\u00edtica de repatriaci\u00f3n.<\/p>\n<p>Sobre la reacci\u00f3n del presidente Petro, Noboa manifest\u00f3 su desacuerdo con sus declaraciones y asegur\u00f3 que defender\u00e1 siempre los intereses de los ciudadanos ecuatorianos por encima de presiones externas.<\/p>\n<p>Con firmeza y claridad, Daniel Noboa defendi\u00f3 su pol\u00edtica de repatriaci\u00f3n de presos extranjeros, argumentando que el Estado ecuatoriano no puede seguir sosteniendo privilegios que afectan a su propia poblaci\u00f3n, especialmente a los <a href=\"https:\/\/derechadiario.com.ar\/ecuador\/economia\/frutas-ecuatorianas-conquistan-estados-unidos\" title=\"Frutas ecuatorianas conquistan Estados Unidos\">j\u00f3venes<\/a>. La prioridad, enfatiz\u00f3, debe estar del lado de los ecuatorianos.<\/p>\n","protected":false},"excerpt":{"rendered":"<p>El presidente Daniel Noboa respondi\u00f3 este 28 de julio a las cr\u00edticas del mandatario colombiano Gustavo Petro por la repatriaci\u00f3n de m\u00e1s de 1.000 presos colombianos desde Ecuador. Durante una entrevista con Radio Sucre, Noboa defendi\u00f3 la legalidad del proceso y explic\u00f3 que se ha coordinado con la Canciller\u00eda para cumplir los procedimientos diplom\u00e1ticos requeridos. [&hellip;]<\/p>\n","protected":false},"author":2,"featured_media":12661,"comment_status":"open","ping_status":"open","sticky":false,"template":"","format":"standard","meta":{"_et_pb_use_builder":"","_et_pb_old_content":"","_et_gb_content_width":"","footnotes":""},"categories":[84],"tags":[],"class_list":["post-12660","post","type-post","status-publish","format-standard","has-post-thumbnail","hentry","category-ultimomomento"],"_links":{"self":[{"href":"https:\/\/verdadincomodadiario.ar\/index.php?rest_route=\/wp\/v2\/posts\/12660","targetHints":{"allow":["GET"]}}],"collection":[{"href":"https:\/\/verdadincomodadiario.ar\/index.php?rest_route=\/wp\/v2\/posts"}],"about":[{"href":"https:\/\/verdadincomodadiario.ar\/index.php?rest_route=\/wp\/v2\/types\/post"}],"author":[{"embeddable":true,"href":"https:\/\/verdadincomodadiario.ar\/index.php?rest_route=\/wp\/v2\/users\/2"}],"replies":[{"embeddable":true,"href":"https:\/\/verdadincomodadiario.ar\/index.php?rest_route=%2Fwp%2Fv2%2Fcomments&post=12660"}],"version-history":[{"count":0,"href":"https:\/\/verdadincomodadiario.ar\/index.php?rest_route=\/wp\/v2\/posts\/12660\/revisions"}],"wp:featuredmedia":[{"embeddable":true,"href":"https:\/\/verdadincomodadiario.ar\/index.php?rest_route=\/wp\/v2\/media\/12661"}],"wp:attachment":[{"href":"https:\/\/verdadincomodadiario.ar\/index.php?rest_route=%2Fwp%2Fv2%2Fmedia&parent=12660"}],"wp:term":[{"taxonomy":"category","embeddable":true,"href":"https:\/\/verdadincomodadiario.ar\/index.php?rest_route=%2Fwp%2Fv2%2Fcategories&post=12660"},{"taxonomy":"post_tag","embeddable":true,"href":"https:\/\/verdadincomodadiario.ar\/index.php?rest_route=%2Fwp%2Fv2%2Ftags&post=12660"}],"curies":[{"name":"wp","href":"https:\/\/api.w.org\/{rel}","templated":true}]}}