{"id":12264,"date":"2025-07-25T12:25:04","date_gmt":"2025-07-25T12:25:04","guid":{"rendered":"https:\/\/verdadincomodadiario.ar\/?p=12264"},"modified":"2025-07-25T12:25:04","modified_gmt":"2025-07-25T12:25:04","slug":"sacha-baron-cohen-y-su-impresionante-cambio-fisico-para-ser-villano-de-marvel","status":"publish","type":"post","link":"https:\/\/verdadincomodadiario.ar\/?p=12264","title":{"rendered":"Sacha Baron Cohen y su impresionante cambio f\u00edsico para ser villano de Marvel"},"content":{"rendered":"<p><strong>Sacha Baron Cohen<\/strong> sorprendi\u00f3 con una transformaci\u00f3n f\u00edsica que no pas\u00f3 desapercibida.<\/p>\n<p>El <a href=\"https:\/\/derechadiario.com.ar\/entretenimiento\/actor-superman-critica-reboot-james-gunn-y-lo-tilda-woke\" title=\"Un actor de 'Superman' critica el reboot de James Gunn y lo tilda de woke\">actor<\/a> se prepara para encarnar a <strong>Mefisto<\/strong>, un villano del <a href=\"https:\/\/derechadiario.com.ar\/entretenimiento\/marvel-confirma-nuevos-actores-para-iron-man-y-capitan-america-y-reinicia-ucm\" title=\"Marvel confirma nuevos actores para Iron Man y Capit\u00e1n Am\u00e9rica y reinicia el UCM\"><strong>Universo Cinematogr\u00e1fico de Marvel<\/strong><\/a>, y su nuevo aspecto lo dej\u00f3 casi irreconocible.<\/p>\n<div class=\"inter_image image_horizontal\">\n<picture><source class=\"img-responsive\" type=\"image\/webp\" data-srcset=\"https:\/\/filesedc.com\/uploads\/image\/post\/2025\/07\/sacha-baron-cohen-cambio-fisico-marvel_300_200.webp 300w, https:\/\/filesedc.com\/uploads\/image\/post\/2025\/07\/sacha-baron-cohen-cambio-fisico-marvel_630_420.webp 630w, https:\/\/filesedc.com\/uploads\/image\/post\/2025\/07\/sacha-baron-cohen-cambio-fisico-marvel_760_507.webp 760w, https:\/\/filesedc.com\/uploads\/image\/post\/2025\/07\/sacha-baron-cohen-cambio-fisico-marvel_1200_800.webp 1200w, https:\/\/filesedc.com\/uploads\/image\/post\/2025\/07\/sacha-baron-cohen-cambio-fisico-marvel_1600_1067.webp 1600w, \"><img decoding=\"async\" src=\"https:\/\/derechadiario.com.ar\/filesedc\/uploads\/image\/post\/2025\/07\/sacha-baron-cohen-cambio-fisico-marvel_1200_800.webp\" class=\"img-responsive lazyload\" alt=\"Hombre de cabello rizado y oscuro con camiseta blanca sin mangas posando frente a un fondo negro\" title=\"Hombre de cabello rizado y oscuro con camiseta blanca sin mangas posando frente a un fondo negro\"><\/picture>\n<div>\n<span class=\"img_footer\">El actor se prepara para encarnar a Mefisto <\/span>| <span class=\"img_author\">La Derecha Diario<\/span>\n<\/div>\n<\/div>\n<h2><strong>Entrenamientos exigentes y una rutina personalizada<\/strong><\/h2>\n<p>La portada de la revista <em>Men\u2019s Fitness UK<\/em> mostr\u00f3 el resultado del intenso trabajo f\u00edsico que llev\u00f3 adelante el actor. En redes sociales, Baron Cohen brome\u00f3 con su nuevo personaje: \u201chombre de mediana edad que cambi\u00f3 la cerveza por batidos de prote\u00ednas\u201d.<\/p>\n<p>Adem\u00e1s, aclar\u00f3 que no us\u00f3 inteligencia artificial para la producci\u00f3n de las im\u00e1genes: <strong>\u201cEsto no es IA\u201d<\/strong>, asegur\u00f3. \u201cAlgunas celebridades usan Ozempic, otras chefs privados, otros entrenadores personales&#8230; <strong>yo us\u00e9 las tres cosas<\/strong>\u201d.<\/p>\n<aside class=\"whatsappChannelText\"><a href=\"https:\/\/whatsapp.com\/channel\/0029VagEjILGE56eKjedWF2U\" rel=\"nofollow\" title=\"WhatsApp Link\"><img alt=\"Logo de WhatsApp\" class=\"lazyload\" data-src=\"https:\/\/derechadiario.com.ar\/filesedc\/uploads\/other\/whatsapp_icon_mid_article.png\" width=\"32\" height=\"32\"><\/a> <a href=\"https:\/\/whatsapp.com\/channel\/0029VagEjILGE56eKjedWF2U\" rel=\"nofollow\" title=\"WhatsApp Link\"><strong>NO SE PIERDAN NINGUNA NOTICIA<\/strong>: Click aqu\u00ed para sumarte <strong>GRATIS<\/strong> al canal de noticias de <strong>La Derecha Diario en WhatsApp.<\/strong><\/a><\/aside>\n<aside class=\"are-you-interested-container-photo\"><\/aside>\n<h2><strong>El plan detr\u00e1s del cambio<\/strong><\/h2>\n<p>Para encarar esta transformaci\u00f3n, contact\u00f3 a <strong>Matthew McConaughey<\/strong>, quien le recomend\u00f3 a <strong>Alfonso Moretti<\/strong>, conocido como <em>@theangrytrainer<\/em> en Instagram. Tras una videollamada, el entrenador acept\u00f3 el desaf\u00edo.<\/p>\n<figure><img decoding=\"async\" src=\"https:\/\/derechadiario.com.ar\/filesedc\/uploads\/image\/post\/2025\/07\/sacha-baron-cohen-cambio-fisico_1200_800.webp\" class=\"img-responsive lazyload\" alt=\"Hombre musculoso entrenando con poleas en un gimnasio de boxeo\" title=\"Hombre musculoso entrenando con poleas en un gimnasio de boxeo\"><\/figure>\n<p>Seg\u00fan relat\u00f3 Moretti, comenzaron con un plan que inclu\u00eda <strong>100 flexiones diarias<\/strong>. A esto se sumaron sesiones de entrenamiento de <strong>25 minutos intensos<\/strong> que mantuvo incluso mientras grababa fuera del pa\u00eds.<\/p>\n<h3><strong>Resultados visibles en tiempo r\u00e9cord<\/strong><\/h3>\n<p>La constancia del actor oblig\u00f3 incluso a <strong>ajustar el traje de Mefisto dos veces<\/strong>, por los cambios en su cuerpo. Tambi\u00e9n adopt\u00f3 una dieta baja en az\u00facar y rica en fibra, que acompa\u00f1\u00f3 todo el proceso.<\/p>\n<figure><img decoding=\"async\" src=\"https:\/\/derechadiario.com.ar\/filesedc\/uploads\/image\/post\/2025\/07\/sacha-baron-cohen-cambio-fisico-nueva-pelicula-marvel_1200_1600.webp\" class=\"img-responsive lazyload\" alt=\"Hombre musculoso sentado en una banca de gimnasio con expresi\u00f3n seria y brazos cruzados\" title=\"Hombre musculoso sentado en una banca de gimnasio con expresi\u00f3n seria y brazos cruzados\"><\/figure>\n<p>El entrenador comparti\u00f3 el logro en su cuenta de Instagram, destacando el compromiso del actor: <strong>\u201cConfi\u00f3 en mi proceso y sigui\u00f3 el plan al pie de la letra\u201d<\/strong>. Moretti es famoso por lograr este tipo de resultados r\u00e1pidos, y entre sus clientes tambi\u00e9n figuran otras celebridades.<\/p>\n","protected":false},"excerpt":{"rendered":"<p>Sacha Baron Cohen sorprendi\u00f3 con una transformaci\u00f3n f\u00edsica que no pas\u00f3 desapercibida. El actor se prepara para encarnar a Mefisto, un villano del Universo Cinematogr\u00e1fico de Marvel, y su nuevo aspecto lo dej\u00f3 casi irreconocible. El actor se prepara para encarnar a Mefisto | La Derecha Diario Entrenamientos exigentes y una rutina personalizada La portada [&hellip;]<\/p>\n","protected":false},"author":2,"featured_media":12265,"comment_status":"open","ping_status":"open","sticky":false,"template":"","format":"standard","meta":{"_et_pb_use_builder":"","_et_pb_old_content":"","_et_gb_content_width":"","footnotes":""},"categories":[84],"tags":[],"class_list":["post-12264","post","type-post","status-publish","format-standard","has-post-thumbnail","hentry","category-ultimomomento"],"_links":{"self":[{"href":"https:\/\/verdadincomodadiario.ar\/index.php?rest_route=\/wp\/v2\/posts\/12264","targetHints":{"allow":["GET"]}}],"collection":[{"href":"https:\/\/verdadincomodadiario.ar\/index.php?rest_route=\/wp\/v2\/posts"}],"about":[{"href":"https:\/\/verdadincomodadiario.ar\/index.php?rest_route=\/wp\/v2\/types\/post"}],"author":[{"embeddable":true,"href":"https:\/\/verdadincomodadiario.ar\/index.php?rest_route=\/wp\/v2\/users\/2"}],"replies":[{"embeddable":true,"href":"https:\/\/verdadincomodadiario.ar\/index.php?rest_route=%2Fwp%2Fv2%2Fcomments&post=12264"}],"version-history":[{"count":0,"href":"https:\/\/verdadincomodadiario.ar\/index.php?rest_route=\/wp\/v2\/posts\/12264\/revisions"}],"wp:featuredmedia":[{"embeddable":true,"href":"https:\/\/verdadincomodadiario.ar\/index.php?rest_route=\/wp\/v2\/media\/12265"}],"wp:attachment":[{"href":"https:\/\/verdadincomodadiario.ar\/index.php?rest_route=%2Fwp%2Fv2%2Fmedia&parent=12264"}],"wp:term":[{"taxonomy":"category","embeddable":true,"href":"https:\/\/verdadincomodadiario.ar\/index.php?rest_route=%2Fwp%2Fv2%2Fcategories&post=12264"},{"taxonomy":"post_tag","embeddable":true,"href":"https:\/\/verdadincomodadiario.ar\/index.php?rest_route=%2Fwp%2Fv2%2Ftags&post=12264"}],"curies":[{"name":"wp","href":"https:\/\/api.w.org\/{rel}","templated":true}]}}