{"id":12258,"date":"2025-07-25T12:25:07","date_gmt":"2025-07-25T12:25:07","guid":{"rendered":"https:\/\/verdadincomodadiario.ar\/?p=12258"},"modified":"2025-07-25T12:25:07","modified_gmt":"2025-07-25T12:25:07","slug":"el-piloto-que-expulso-a-ninos-judios-habria-entrenado-a-los-terroristas-del-11-s","status":"publish","type":"post","link":"https:\/\/verdadincomodadiario.ar\/?p=12258","title":{"rendered":"El piloto que expuls\u00f3 a ni\u00f1os jud\u00edos habr\u00eda entrenado a los terroristas del 11-S"},"content":{"rendered":"<p>En acto propio de una pel\u00edcula, <strong>el caso de <a href=\"https:\/\/derechadiario.com.ar\/israel\/politica\/escandalo-espana-expulsan-52-ninos-judios-vuelo-solo-por-cantar-hebreo\" title=\"Esc\u00e1ndalo en Espa\u00f1a: expulsan a 52 ni\u00f1os jud\u00edos de un vuelo s\u00f3lo por cantar en hebreo\">antisemitismo en el vuelo<\/a> de la empresa Vueling<\/strong>\u00a0 contra ni\u00f1os jud\u00edos dio un giro inesperado: <strong>el piloto del avi\u00f3n ser\u00eda el entrenador de los terroristas que atacaron las Torres Gemelas el 11-S<\/strong>.<\/p>\n<p><strong>Se trata de Iv\u00e1n Chirivella<\/strong>, que habr\u00eda sido el instructor de vuelo de los criminales isl\u00e1micos que atentaron contra el centro de Nueva York.<\/p>\n<p>El mi\u00e9rcoles, <strong>un grupo de 52 adolescentes jud\u00edos franceses, de entre 13 y 15 a\u00f1os, fue expulsado de un vuelo con destino a Par\u00eds por cantar canciones tradicionales en hebreo antes del despegue<\/strong>.<\/p>\n<p>Los j\u00f3venes, que formaban parte de un campamento de verano organizado por la empresa Kinneret, regresaban a Francia tras su estad\u00eda en Espa\u00f1a.<\/p>\n<div class=\"inter_image image_horizontal\">\n<picture><source class=\"img-responsive\" type=\"image\/webp\" data-srcset=\"https:\/\/filesedc.com\/uploads\/image\/post\/2025\/07\/ataquevueling-1753441523660_300_200.webp 300w, https:\/\/filesedc.com\/uploads\/image\/post\/2025\/07\/ataquevueling-1753441523660_630_420.webp 630w, https:\/\/filesedc.com\/uploads\/image\/post\/2025\/07\/ataquevueling-1753441523660_760_507.webp 760w, https:\/\/filesedc.com\/uploads\/image\/post\/2025\/07\/ataquevueling-1753441523660_1200_800.webp 1200w, https:\/\/filesedc.com\/uploads\/image\/post\/2025\/07\/ataquevueling-1753441523660_1600_1067.webp 1600w, \"><img decoding=\"async\" src=\"https:\/\/derechadiario.com.ar\/filesedc\/uploads\/image\/post\/2025\/07\/ataquevueling-1753441523660_1200_800.webp\" class=\"img-responsive lazyload\" alt=\"Un agente de seguridad reduce en el suelo a una persona mientras le coloca esposas en un espacio interior.\" title=\"Un agente de seguridad reduce en el suelo a una persona mientras le coloca esposas en un espacio interior.\"><\/picture>\n<div>\n<span class=\"img_footer\">Im\u00e1genes de la violencia contra los j\u00f3venes <\/span>| <span class=\"img_author\">La Derecha Diario<\/span>\n<\/div>\n<\/div>\n<p>De acuerdo con el testimonio de Karine Lamy, madre de uno de los adolescentes, <strong>la reacci\u00f3n de la tripulaci\u00f3n fue de una \u201ccreciente hostilidad\u201d. \u201cUno de los ni\u00f1os empez\u00f3 a cantar una canci\u00f3n en hebreo, y enseguida les advirtieron que, si segu\u00edan cantando o haciendo ruido, llamar\u00edan a la polic\u00eda\u201d<\/strong>, relat\u00f3 en una entrevista.<\/p>\n<p>Aunque los menores se calmaron, minutos despu\u00e9s la polic\u00eda irrumpi\u00f3 en el avi\u00f3n y oblig\u00f3 a todo el grupo a desalojar la aeronave. <strong>La directora del grupo, una joven de 21 a\u00f1os, fue arrestada tras negarse a entregar los tel\u00e9fonos de los adolescentes<\/strong>. Un video difundido en redes muestra a la joven esposada y boca abajo en el pasillo del avi\u00f3n, rodeada de chicos conmocionados.<\/p>\n<p>Seg\u00fan testigos, <strong>miembros de la tripulaci\u00f3n llegaron a comparar a los adolescentes con \u201cterroristas\u201d y a calificar a Israel como un \u201cEstado asesino\u201d<\/strong>.<\/p>\n<p>La presencia de un piloto con v\u00ednculos directos con el entrenamiento de dos secuestradores del 11-S ha elevado el caso <strong>a un nivel de controversia internacional<\/strong>.<\/p>\n<p>Un pasajero independiente que viajaba con su hija declar\u00f3 en Instagram: \u201cNadie entend\u00eda qu\u00e9 estaba pasando. Los chicos subieron tranquilos, incluso callados para ser adolescentes. Durante las instrucciones de seguridad llamaron a la polic\u00eda por un supuesto problema\u2026 <strong>pero nadie vio nada anormal. Se comportaron con educaci\u00f3n y se bajaron del avi\u00f3n con calma<\/strong>\u201d.<\/p>\n<p>Tras el desembarco, <strong>los agentes intentaron confiscar los tel\u00e9fonos de los menores para borrar posibles grabaciones, lo que desencaden\u00f3 la detenci\u00f3n de la directora<\/strong>.<\/p>\n","protected":false},"excerpt":{"rendered":"<p>En acto propio de una pel\u00edcula, el caso de antisemitismo en el vuelo de la empresa Vueling\u00a0 contra ni\u00f1os jud\u00edos dio un giro inesperado: el piloto del avi\u00f3n ser\u00eda el entrenador de los terroristas que atacaron las Torres Gemelas el 11-S. Se trata de Iv\u00e1n Chirivella, que habr\u00eda sido el instructor de vuelo de los [&hellip;]<\/p>\n","protected":false},"author":2,"featured_media":12259,"comment_status":"open","ping_status":"open","sticky":false,"template":"","format":"standard","meta":{"_et_pb_use_builder":"","_et_pb_old_content":"","_et_gb_content_width":"","footnotes":""},"categories":[84],"tags":[],"class_list":["post-12258","post","type-post","status-publish","format-standard","has-post-thumbnail","hentry","category-ultimomomento"],"_links":{"self":[{"href":"https:\/\/verdadincomodadiario.ar\/index.php?rest_route=\/wp\/v2\/posts\/12258","targetHints":{"allow":["GET"]}}],"collection":[{"href":"https:\/\/verdadincomodadiario.ar\/index.php?rest_route=\/wp\/v2\/posts"}],"about":[{"href":"https:\/\/verdadincomodadiario.ar\/index.php?rest_route=\/wp\/v2\/types\/post"}],"author":[{"embeddable":true,"href":"https:\/\/verdadincomodadiario.ar\/index.php?rest_route=\/wp\/v2\/users\/2"}],"replies":[{"embeddable":true,"href":"https:\/\/verdadincomodadiario.ar\/index.php?rest_route=%2Fwp%2Fv2%2Fcomments&post=12258"}],"version-history":[{"count":0,"href":"https:\/\/verdadincomodadiario.ar\/index.php?rest_route=\/wp\/v2\/posts\/12258\/revisions"}],"wp:featuredmedia":[{"embeddable":true,"href":"https:\/\/verdadincomodadiario.ar\/index.php?rest_route=\/wp\/v2\/media\/12259"}],"wp:attachment":[{"href":"https:\/\/verdadincomodadiario.ar\/index.php?rest_route=%2Fwp%2Fv2%2Fmedia&parent=12258"}],"wp:term":[{"taxonomy":"category","embeddable":true,"href":"https:\/\/verdadincomodadiario.ar\/index.php?rest_route=%2Fwp%2Fv2%2Fcategories&post=12258"},{"taxonomy":"post_tag","embeddable":true,"href":"https:\/\/verdadincomodadiario.ar\/index.php?rest_route=%2Fwp%2Fv2%2Ftags&post=12258"}],"curies":[{"name":"wp","href":"https:\/\/api.w.org\/{rel}","templated":true}]}}