{"id":12236,"date":"2025-07-24T23:30:34","date_gmt":"2025-07-24T23:30:34","guid":{"rendered":"https:\/\/verdadincomodadiario.ar\/?p=12236"},"modified":"2025-07-24T23:30:34","modified_gmt":"2025-07-24T23:30:34","slug":"sector-salud-recibio-403-millones-del-gobierno-en-el-primer-semestre-de-2025","status":"publish","type":"post","link":"https:\/\/verdadincomodadiario.ar\/?p=12236","title":{"rendered":"Sector salud recibi\u00f3 $403 millones del Gobierno en el primer semestre de 2025"},"content":{"rendered":"<article>\n<p>El Gobierno nacional destin\u00f3 $403 millones al sector salud entre enero y junio de 2025. El anuncio se realiz\u00f3 el 24 de julio como parte del compromiso por asegurar el acceso a servicios m\u00e9dicos en todo el pa\u00eds.<\/p>\n<p>Esta inversi\u00f3n fue coordinada entre el Ministerio de Econom\u00eda y Finanzas y el Ministerio de Salud P\u00fablica, permitiendo que se cubran necesidades urgentes y se mantenga la operatividad del sistema sanitario.<\/p>\n<p>Durante el primer trimestre se desembolsaron <a href=\"https:\/\/derechadiario.com.ar\/ecuador\/economia\/gobierno-noboa-acuerda-con-fmi-mas-reformas-fiscales\" title=\"Gobierno de Noboa acuerda con el FMI m\u00e1s reformas fiscales\">$108 millones<\/a> destinados a servicios esenciales como di\u00e1lisis, alimentaci\u00f3n, limpieza y seguridad, garantizando el funcionamiento b\u00e1sico de los hospitales p\u00fablicos.<\/p>\n<p>En el segundo trimestre, el monto ascendi\u00f3 a $247 millones, lo que representa un incremento significativo respecto al periodo anterior. Este aumento refleja una estrategia sostenida de fortalecimiento del sistema.<\/p>\n<div class=\"inter_image image_vertical\">\n<picture><source class=\"img-responsive\" type=\"image\/webp\" data-srcset=\"https:\/\/filesedc.com\/uploads\/image\/post\/2025\/07\/img-20240322-wa0111-1_300_400.webp 300w, https:\/\/filesedc.com\/uploads\/image\/post\/2025\/07\/img-20240322-wa0111-1_630_840.webp 630w, https:\/\/filesedc.com\/uploads\/image\/post\/2025\/07\/img-20240322-wa0111-1_760_1013.webp 760w, https:\/\/filesedc.com\/uploads\/image\/post\/2025\/07\/img-20240322-wa0111-1_1200_1600.webp 1200w, https:\/\/filesedc.com\/uploads\/image\/post\/2025\/07\/img-20240322-wa0111-1_1600_2133.webp 1600w, \"><img decoding=\"async\" src=\"https:\/\/derechadiario.com.ar\/filesedc\/uploads\/image\/post\/2025\/07\/img-20240322-wa0111-1_1200_1600.webp\" class=\"img-responsive lazyload\" alt=\"Tres personas en una oficina m\u00e9dica observan y comentan un documento mientras una computadora est\u00e1 encendida al fondo\" title=\"Tres personas en una oficina m\u00e9dica observan y comentan un documento mientras una computadora est\u00e1 encendida al fondo\"><\/picture>\n<div>\n<span class=\"img_footer\">Daniel noboa  <\/span>| <span class=\"img_author\">La Derecha Diario<\/span>\n<\/div>\n<\/div>\n<p>Adicionalmente, hasta el 18 de julio se sumaron otros $48 millones, dirigidos a ampliar el acceso gratuito a la salud como parte de una pol\u00edtica de cobertura universal impulsada por el Ejecutivo.<\/p>\n<p>El Gobierno asegura que estos recursos permiten mejorar la calidad de la atenci\u00f3n m\u00e9dica, ampliar la <a href=\"https:\/\/derechadiario.com.ar\/ecuador\/economia\/gobierno-proyecta-reactivacion-del-sote-y-ocp-para-finales-julio\" title=\"Gobierno proyecta reactivaci\u00f3n del SOTE y OCP para finales de julio\">cobertura de servicios<\/a> y garantizar que todos los ecuatorianos tengan derecho a una atenci\u00f3n digna y oportuna.<\/p>\n<p>Seg\u00fan las autoridades, este esfuerzo refleja un manejo eficiente de los recursos p\u00fablicos, enfocado en la transparencia y en el impacto directo para los ciudadanos.<\/p>\n<p>Se prev\u00e9 que el financiamiento al sistema de salud contin\u00fae en el segundo semestre, con nuevas asignaciones que consoliden la estructura sanitaria nacional y garanticen servicios sostenidos a largo plazo.<\/p>\n<\/article>\n","protected":false},"excerpt":{"rendered":"<p>El Gobierno nacional destin\u00f3 $403 millones al sector salud entre enero y junio de 2025. El anuncio se realiz\u00f3 el 24 de julio como parte del compromiso por asegurar el acceso a servicios m\u00e9dicos en todo el pa\u00eds. Esta inversi\u00f3n fue coordinada entre el Ministerio de Econom\u00eda y Finanzas y el Ministerio de Salud P\u00fablica, [&hellip;]<\/p>\n","protected":false},"author":2,"featured_media":12237,"comment_status":"open","ping_status":"open","sticky":false,"template":"","format":"standard","meta":{"_et_pb_use_builder":"","_et_pb_old_content":"","_et_gb_content_width":"","footnotes":""},"categories":[84],"tags":[],"class_list":["post-12236","post","type-post","status-publish","format-standard","has-post-thumbnail","hentry","category-ultimomomento"],"_links":{"self":[{"href":"https:\/\/verdadincomodadiario.ar\/index.php?rest_route=\/wp\/v2\/posts\/12236","targetHints":{"allow":["GET"]}}],"collection":[{"href":"https:\/\/verdadincomodadiario.ar\/index.php?rest_route=\/wp\/v2\/posts"}],"about":[{"href":"https:\/\/verdadincomodadiario.ar\/index.php?rest_route=\/wp\/v2\/types\/post"}],"author":[{"embeddable":true,"href":"https:\/\/verdadincomodadiario.ar\/index.php?rest_route=\/wp\/v2\/users\/2"}],"replies":[{"embeddable":true,"href":"https:\/\/verdadincomodadiario.ar\/index.php?rest_route=%2Fwp%2Fv2%2Fcomments&post=12236"}],"version-history":[{"count":0,"href":"https:\/\/verdadincomodadiario.ar\/index.php?rest_route=\/wp\/v2\/posts\/12236\/revisions"}],"wp:featuredmedia":[{"embeddable":true,"href":"https:\/\/verdadincomodadiario.ar\/index.php?rest_route=\/wp\/v2\/media\/12237"}],"wp:attachment":[{"href":"https:\/\/verdadincomodadiario.ar\/index.php?rest_route=%2Fwp%2Fv2%2Fmedia&parent=12236"}],"wp:term":[{"taxonomy":"category","embeddable":true,"href":"https:\/\/verdadincomodadiario.ar\/index.php?rest_route=%2Fwp%2Fv2%2Fcategories&post=12236"},{"taxonomy":"post_tag","embeddable":true,"href":"https:\/\/verdadincomodadiario.ar\/index.php?rest_route=%2Fwp%2Fv2%2Ftags&post=12236"}],"curies":[{"name":"wp","href":"https:\/\/api.w.org\/{rel}","templated":true}]}}