{"id":12234,"date":"2025-07-24T23:30:35","date_gmt":"2025-07-24T23:30:35","guid":{"rendered":"https:\/\/verdadincomodadiario.ar\/?p=12234"},"modified":"2025-07-24T23:30:35","modified_gmt":"2025-07-24T23:30:35","slug":"ecuador-y-peru-fortalecen-la-vigilancia-epidemiologica-en-la-frontera","status":"publish","type":"post","link":"https:\/\/verdadincomodadiario.ar\/?p=12234","title":{"rendered":"Ecuador y Per\u00fa fortalecen la vigilancia epidemiol\u00f3gica en la frontera"},"content":{"rendered":"<article>\n<p>En una acci\u00f3n conjunta, los ministerios de salud de Ecuador y Per\u00fa impulsan una nueva cohorte del Programa de Entrenamiento en Epidemiolog\u00eda de Campo (FETP) Frontline, con el objetivo de reforzar la vigilancia sanitaria en zonas lim\u00edtrofes.<\/p>\n<p>Este esfuerzo binacional, con el respaldo del Proyecto PROTECT, busca mejorar la detecci\u00f3n temprana de brotes y la reacci\u00f3n oportuna ante emergencias sanitarias, fortaleciendo as\u00ed la capacidad de respuesta del <a href=\"https:\/\/derechadiario.com.ar\/ecuador\/economia\/power-china-pagara-400-millones-ecuador-por-fallas-coca-codo-sinclair\" title=\"Power China pagar\u00e1 $400 millones a Ecuador por fallas en Coca Codo Sinclair\">sistema p\u00fablico de salud<\/a>.<\/p>\n<p>Participan t\u00e9cnicos de vigilancia epidemiol\u00f3gica de Ecuador y profesionales peruanos de Tumbes y Piura. La capacitaci\u00f3n pone \u00e9nfasis en la aplicaci\u00f3n de protocolos y el uso de herramientas clave para enfrentar situaciones de riesgo.<\/p>\n<p>Una de las prioridades es optimizar la coordinaci\u00f3n entre ambos pa\u00edses, a trav\u00e9s del an\u00e1lisis conjunto de datos y una comunicaci\u00f3n fluida para ejecutar acciones articuladas ante brotes transfronterizos.<\/p>\n<div class=\"inter_image image_horizontal\">\n<picture><source class=\"img-responsive\" type=\"image\/webp\" data-srcset=\"https:\/\/filesedc.com\/uploads\/image\/post\/2025\/07\/capacitacion_300_200.webp 300w, https:\/\/filesedc.com\/uploads\/image\/post\/2025\/07\/capacitacion_630_420.webp 630w, https:\/\/filesedc.com\/uploads\/image\/post\/2025\/07\/capacitacion_760_507.webp 760w, https:\/\/filesedc.com\/uploads\/image\/post\/2025\/07\/capacitacion_1200_800.webp 1200w, https:\/\/filesedc.com\/uploads\/image\/post\/2025\/07\/capacitacion_1600_1067.webp 1600w, \"><img decoding=\"async\" src=\"https:\/\/derechadiario.com.ar\/filesedc\/uploads\/image\/post\/2025\/07\/capacitacion_1200_800.webp\" class=\"img-responsive lazyload\" alt=\"Cinco personas con cubrebocas posan juntas frente a un cartel azul de UNICEF en un ambiente interior.\" title=\"Cinco personas con cubrebocas posan juntas frente a un cartel azul de UNICEF en un ambiente interior.\"><\/picture>\n<div>\n<span class=\"img_footer\">Salud P\u00fablica Ecuador y Per\u00fa <\/span>| <span class=\"img_author\">La Derecha Diario<\/span>\n<\/div>\n<\/div>\n<p>Durante tres meses, los participantes desarrollar\u00e1n investigaciones de campo y propondr\u00e1n mejoras en sus territorios. Este modelo pr\u00e1ctico fortalece la capacidad del talento humano frente a amenazas sanitarias reales.<\/p>\n<p>El primer taller se realiz\u00f3 del 14 al 18 de julio en Tumbes, Per\u00fa; el segundo ser\u00e1 en Macar\u00e1, <a href=\"https:\/\/derechadiario.com.ar\/ecuador\/economia\/ecuador-impulsa-ley-para-desarrollo-energia-atomica\" title=\"Ecuador impulsa ley para el desarrollo de energ\u00eda at\u00f3mica\">Ecuador<\/a>, del 1 al 5 de septiembre; y el tercero del 13 al 17 de octubre nuevamente en Tumbes. Cada fase cuenta con tutores especializados.<\/p>\n<p>El MSP de Ecuador, a trav\u00e9s de sus delegados y coordinadores como la Dra. Ximena Castillo, lidera este proceso de fortalecimiento institucional, que apuesta por el trabajo colaborativo como respuesta eficaz a los desaf\u00edos sanitarios.<\/p>\n<p>Esta iniciativa demuestra el compromiso del Gobierno ecuatoriano con la salud p\u00fablica y la cooperaci\u00f3n internacional, consolidando un sistema m\u00e1s preparado para proteger la vida en las zonas m\u00e1s vulnerables del pa\u00eds.<\/p>\n<\/article>\n","protected":false},"excerpt":{"rendered":"<p>En una acci\u00f3n conjunta, los ministerios de salud de Ecuador y Per\u00fa impulsan una nueva cohorte del Programa de Entrenamiento en Epidemiolog\u00eda de Campo (FETP) Frontline, con el objetivo de reforzar la vigilancia sanitaria en zonas lim\u00edtrofes. Este esfuerzo binacional, con el respaldo del Proyecto PROTECT, busca mejorar la detecci\u00f3n temprana de brotes y la [&hellip;]<\/p>\n","protected":false},"author":2,"featured_media":12235,"comment_status":"open","ping_status":"open","sticky":false,"template":"","format":"standard","meta":{"_et_pb_use_builder":"","_et_pb_old_content":"","_et_gb_content_width":"","footnotes":""},"categories":[84],"tags":[],"class_list":["post-12234","post","type-post","status-publish","format-standard","has-post-thumbnail","hentry","category-ultimomomento"],"_links":{"self":[{"href":"https:\/\/verdadincomodadiario.ar\/index.php?rest_route=\/wp\/v2\/posts\/12234","targetHints":{"allow":["GET"]}}],"collection":[{"href":"https:\/\/verdadincomodadiario.ar\/index.php?rest_route=\/wp\/v2\/posts"}],"about":[{"href":"https:\/\/verdadincomodadiario.ar\/index.php?rest_route=\/wp\/v2\/types\/post"}],"author":[{"embeddable":true,"href":"https:\/\/verdadincomodadiario.ar\/index.php?rest_route=\/wp\/v2\/users\/2"}],"replies":[{"embeddable":true,"href":"https:\/\/verdadincomodadiario.ar\/index.php?rest_route=%2Fwp%2Fv2%2Fcomments&post=12234"}],"version-history":[{"count":0,"href":"https:\/\/verdadincomodadiario.ar\/index.php?rest_route=\/wp\/v2\/posts\/12234\/revisions"}],"wp:featuredmedia":[{"embeddable":true,"href":"https:\/\/verdadincomodadiario.ar\/index.php?rest_route=\/wp\/v2\/media\/12235"}],"wp:attachment":[{"href":"https:\/\/verdadincomodadiario.ar\/index.php?rest_route=%2Fwp%2Fv2%2Fmedia&parent=12234"}],"wp:term":[{"taxonomy":"category","embeddable":true,"href":"https:\/\/verdadincomodadiario.ar\/index.php?rest_route=%2Fwp%2Fv2%2Fcategories&post=12234"},{"taxonomy":"post_tag","embeddable":true,"href":"https:\/\/verdadincomodadiario.ar\/index.php?rest_route=%2Fwp%2Fv2%2Ftags&post=12234"}],"curies":[{"name":"wp","href":"https:\/\/api.w.org\/{rel}","templated":true}]}}