{"id":12230,"date":"2025-07-24T23:30:37","date_gmt":"2025-07-24T23:30:37","guid":{"rendered":"https:\/\/verdadincomodadiario.ar\/?p=12230"},"modified":"2025-07-24T23:30:37","modified_gmt":"2025-07-24T23:30:37","slug":"macron-premia-al-terrorismo-anuncio-que-francia-reconocera-un-estado-palestino","status":"publish","type":"post","link":"https:\/\/verdadincomodadiario.ar\/?p=12230","title":{"rendered":"Macron premia al terrorismo: anunci\u00f3 que Francia reconocer\u00e1 un estado palestino"},"content":{"rendered":"<p><strong>El presidente franc\u00e9s Emmanuel Macron anunci\u00f3 que Francia reconocer\u00e1 oficialmente al Estado palestino<\/strong>.\u00a0Lo describi\u00f3 como un paso \u201cfiel a su compromiso hist\u00f3rico con una paz justa y duradera en Medio Oriente\u201d, ignorando que de esta manera <strong>Francia <a href=\"https:\/\/derechadiario.com.ar\/israel\/politica\/estados-unidos-se-retira-las-negociaciones-hamas-no-desea-alto-al-fuego\" title=\"Estados Unidos se retira de las negociaciones: Hamas no desea un alto al fuego\">est\u00e1 premiando al terrorismo<\/a><\/strong>.<\/p>\n<p>Macron explic\u00f3 en un mensaje en X\/Twitter que <strong>formalizar\u00e1 este reconocimiento en septiembre, durante la Asamblea General de la ONU<\/strong>.<\/p>\n<p>\u201cHoy la urgencia es poner fin a la guerra en Gaza y asistir a la poblaci\u00f3n civil. La paz es posible\u201d, afirm\u00f3, subrayando que es necesario un alto el fuego inmediato, la liberaci\u00f3n de todos los rehenes y una amplia ayuda humanitaria.<\/p>\n<p><strong>El mensaje, de todas maneras, es claro: <a href=\"https:\/\/derechadiario.com.ar\/israel\/politica\/saluden-francia-que-se-le-abren-puerta-refugiados-gaza\" title=\"Saluden a Francia que se va: le abren la puerta a refugiados palestinos de Gaza\">el presidente franc\u00e9s premia<\/a> a aquellos que atacan a Israel<\/strong>.<\/p>\n<div class=\"inter_image image_vertical\">\n<picture><source class=\"img-responsive\" type=\"image\/webp\" data-srcset=\"https:\/\/filesedc.com\/uploads\/image\/post\/2025\/07\/cartafrancia_300_400.webp 300w, https:\/\/filesedc.com\/uploads\/image\/post\/2025\/07\/cartafrancia_630_840.webp 630w, https:\/\/filesedc.com\/uploads\/image\/post\/2025\/07\/cartafrancia_760_1013.webp 760w, https:\/\/filesedc.com\/uploads\/image\/post\/2025\/07\/cartafrancia_1200_1600.webp 1200w, https:\/\/filesedc.com\/uploads\/image\/post\/2025\/07\/cartafrancia_1600_2133.webp 1600w, \"><img decoding=\"async\" src=\"https:\/\/derechadiario.com.ar\/filesedc\/uploads\/image\/post\/2025\/07\/cartafrancia_1200_1600.webp\" class=\"img-responsive lazyload\" alt=\"Carta oficial en franc\u00e9s dirigida a Mahmoud Abbas, presidente de la Autoridad Palestina, fechada el 24 de julio de 2025 en Par\u00eds, con texto mecanografiado y firmas manuscritas en azul en la parte superior\" title=\"Carta oficial en franc\u00e9s dirigida a Mahmoud Abbas, presidente de la Autoridad Palestina, fechada el 24 de julio de 2025 en Par\u00eds, con texto mecanografiado y firmas manuscritas en azul en la parte superior\"><\/picture>\n<div>\n<span class=\"img_footer\">La carta con el anuncio <\/span>| <span class=\"img_author\">La Derecha Diario<\/span>\n<\/div>\n<\/div>\n<p>Macron pidi\u00f3 la desmilitarizaci\u00f3n de Hamas y la reconstrucci\u00f3n de Gaza. \u201cEs esencial construir el Estado de Palestina, asegurar su viabilidad y permitir que, aceptando su desmilitarizaci\u00f3n y el pleno reconocimiento de Israel, contribuya a la seguridad de todos en Medio Oriente\u201d, agreg\u00f3.<\/p>\n<p>La reacci\u00f3n en Israel, obviamente, no se hizo esperar.<\/p>\n<p><strong>El primer ministro Benjam\u00edn Netanyahu conden\u00f3<\/strong>\u00a0 duramente la decisi\u00f3n: \u201cRecompensa al terror y arriesga crear otro proxy iran\u00ed, como ocurri\u00f3 con Gaza. Un Estado palestino en estas condiciones ser\u00eda una plataforma para aniquilar a Israel, no para vivir en paz a su lado. <strong>Los palestinos no buscan un Estado junto a Israel, sino en lugar de Israel<\/strong>\u201d, advirti\u00f3.<\/p>\n<p><strong>El ministro de Defensa, Israel Katz<\/strong>, calific\u00f3 el anuncio como \u201cuna verg\u00fcenza y <strong>una rendici\u00f3n al terrorismo<\/strong>\u201d, acusando a Macron de alentar a los \u201casesinos y violadores de Hamas\u201d.<\/p>\n<p>Por su parte, <strong>el presidente de la Knesset, Amir Ohana<\/strong>, fue a\u00fan m\u00e1s duro: \u201c<strong>Macron acaba de premiar a Hamas por la masacre del 7 de octubre<\/strong>. Este acto vergonzoso es una traici\u00f3n. Macron ser\u00e1 recordado como un colaborador del mal, del lado equivocado de la historia\u201d.<\/p>\n<p><strong>El ministro de Exteriores, Gideon Sa\u2019ar, tild\u00f3 la medida de \u201cabsurda y poco seria\u201d<\/strong>, se\u00f1alando que un Estado palestino terminar\u00eda siendo un \u201cEstado Hamas\u201d como Gaza tras la retirada de 2005.<\/p>\n<p>Finalmente, el ministro de Cultura y Deportes, <strong>Miki Zohar, fue el gran descriptor\u00a0 y acus\u00f3 a Macron de \u201cvender Francia al islam radical\u201d<\/strong>.<\/p>\n","protected":false},"excerpt":{"rendered":"<p>El presidente franc\u00e9s Emmanuel Macron anunci\u00f3 que Francia reconocer\u00e1 oficialmente al Estado palestino.\u00a0Lo describi\u00f3 como un paso \u201cfiel a su compromiso hist\u00f3rico con una paz justa y duradera en Medio Oriente\u201d, ignorando que de esta manera Francia est\u00e1 premiando al terrorismo. Macron explic\u00f3 en un mensaje en X\/Twitter que formalizar\u00e1 este reconocimiento en septiembre, durante [&hellip;]<\/p>\n","protected":false},"author":2,"featured_media":12231,"comment_status":"open","ping_status":"open","sticky":false,"template":"","format":"standard","meta":{"_et_pb_use_builder":"","_et_pb_old_content":"","_et_gb_content_width":"","footnotes":""},"categories":[84],"tags":[],"class_list":["post-12230","post","type-post","status-publish","format-standard","has-post-thumbnail","hentry","category-ultimomomento"],"_links":{"self":[{"href":"https:\/\/verdadincomodadiario.ar\/index.php?rest_route=\/wp\/v2\/posts\/12230","targetHints":{"allow":["GET"]}}],"collection":[{"href":"https:\/\/verdadincomodadiario.ar\/index.php?rest_route=\/wp\/v2\/posts"}],"about":[{"href":"https:\/\/verdadincomodadiario.ar\/index.php?rest_route=\/wp\/v2\/types\/post"}],"author":[{"embeddable":true,"href":"https:\/\/verdadincomodadiario.ar\/index.php?rest_route=\/wp\/v2\/users\/2"}],"replies":[{"embeddable":true,"href":"https:\/\/verdadincomodadiario.ar\/index.php?rest_route=%2Fwp%2Fv2%2Fcomments&post=12230"}],"version-history":[{"count":0,"href":"https:\/\/verdadincomodadiario.ar\/index.php?rest_route=\/wp\/v2\/posts\/12230\/revisions"}],"wp:featuredmedia":[{"embeddable":true,"href":"https:\/\/verdadincomodadiario.ar\/index.php?rest_route=\/wp\/v2\/media\/12231"}],"wp:attachment":[{"href":"https:\/\/verdadincomodadiario.ar\/index.php?rest_route=%2Fwp%2Fv2%2Fmedia&parent=12230"}],"wp:term":[{"taxonomy":"category","embeddable":true,"href":"https:\/\/verdadincomodadiario.ar\/index.php?rest_route=%2Fwp%2Fv2%2Fcategories&post=12230"},{"taxonomy":"post_tag","embeddable":true,"href":"https:\/\/verdadincomodadiario.ar\/index.php?rest_route=%2Fwp%2Fv2%2Ftags&post=12230"}],"curies":[{"name":"wp","href":"https:\/\/api.w.org\/{rel}","templated":true}]}}