{"id":12214,"date":"2025-07-24T20:24:26","date_gmt":"2025-07-24T20:24:26","guid":{"rendered":"https:\/\/verdadincomodadiario.ar\/?p=12214"},"modified":"2025-07-24T20:24:26","modified_gmt":"2025-07-24T20:24:26","slug":"polemica-en-cordoba-denuncian-abuso-judicial-tras-pelea-callejera-en-zona-centrica","status":"publish","type":"post","link":"https:\/\/verdadincomodadiario.ar\/?p=12214","title":{"rendered":"Pol\u00e9mica en C\u00f3rdoba: denuncian abuso judicial tras pelea callejera en zona c\u00e9ntrica"},"content":{"rendered":"<p>Un hecho ocurrido en pleno centro de C\u00f3rdoba volvi\u00f3 a poner en discusi\u00f3n el rol de la Justicia frente a la <a href=\"https:\/\/derechadiario.com.ar\/sociedad\/crece-delincuencia-menores-choferes-apps-transporte-alerta\" title=\"Crece la delincuencia de menores en C\u00f3rdoba: choferes de apps de transporte en alerta\">inseguridad<\/a> urbana. <strong>Un trabajador que intentaba preservar un espacio de estacionamiento fue agredido por un automovilista.<\/strong>\u00a0 A pesar de que fue golpeado primero, es \u00e9l quien lleva m\u00e1s de una semana preso.<\/p>\n<p>El video muestra claramente c\u00f3mo el conflicto se inici\u00f3 por un lugar reservado para un micro de transporte. <strong>El conductor de una Tracker blanca baj\u00f3 del veh\u00edculo y lo agredi\u00f3 f\u00edsicamente.<\/strong>\u00a0 El trabajador intent\u00f3 defenderse, pero la Justicia decidi\u00f3 detenerlo a \u00e9l.<\/p>\n<p>El hecho ocurri\u00f3 en calle Balcarce, entre Entre R\u00edos y San Jer\u00f3nimo, en plena zona c\u00e9ntrica de la ciudad. <strong>La v\u00edctima trabaja en un dep\u00f3sito de encomiendas de la zona.<\/strong> Desde el momento de su detenci\u00f3n, permanece alojado en la Unidad de Contenci\u00f3n del Aprehendido (UCA).<\/p>\n<div class=\"inter_image image_horizontal\">\n<picture><source class=\"img-responsive\" type=\"image\/webp\" data-srcset=\"https:\/\/filesedc.com\/uploads\/image\/post\/2025\/07\/2-1753384427485_300_200.webp 300w, https:\/\/filesedc.com\/uploads\/image\/post\/2025\/07\/2-1753384427485_630_420.webp 630w, https:\/\/filesedc.com\/uploads\/image\/post\/2025\/07\/2-1753384427485_760_507.webp 760w, https:\/\/filesedc.com\/uploads\/image\/post\/2025\/07\/2-1753384427485_1200_800.webp 1200w, https:\/\/filesedc.com\/uploads\/image\/post\/2025\/07\/2-1753384427485_1600_1067.webp 1600w, \"><img decoding=\"async\" src=\"https:\/\/derechadiario.com.ar\/filesedc\/uploads\/image\/post\/2025\/07\/2-1753384427485_1200_800.webp\" class=\"img-responsive lazyload\" alt=\"Un polic\u00eda de C\u00f3rdoba de espaldas junto a una patrulla azul y blanca\" title=\"Un polic\u00eda de C\u00f3rdoba de espaldas junto a una patrulla azul y blanca\"><\/picture>\n<div>\n<span class=\"img_footer\">El hecho ocurri\u00f3 en calle Balcarce, entre Entre R\u00edos y San Jer\u00f3nimo, en plena zona c\u00e9ntrica de la ciudad. <\/span>| <span class=\"img_author\">La Derecha Diario<\/span>\n<\/div>\n<\/div>\n<h2>\u00bfY la leg\u00edtima defensa?<\/h2>\n<p>Los abogados defensores, Diego Rodi Bustos y Jos\u00e9 Manuel Roque, <strong>aseguran que su cliente actu\u00f3 en leg\u00edtima defensa.<\/strong> \u201cFue agredido por una persona de mayor contextura f\u00edsica y actu\u00f3 para protegerse\u201d, declararon. Tambi\u00e9n remarcaron que <strong>el agresor est\u00e1 libre y que el video es contundente.<\/strong><\/p>\n<aside class=\"are-you-interested-container-photo\"><\/aside>\n<p>El caso plantea una vez m\u00e1s el uso arbitrario del poder judicial frente a quienes no tienen contactos ni recursos. <strong>El trabajador detenido es sost\u00e9n de familia y no tiene antecedentes.<\/strong> Sin embargo, lleva 10 d\u00edas preso mientras el agresor sigue sin imputaci\u00f3n formal.<\/p>\n<p>Seg\u00fan la defensa, el conductor involucrado ser\u00eda conserje de un hotel cercano. La camioneta pertenece a la due\u00f1a del establecimiento. <strong>Para los abogados,<\/strong> <strong>hay un trato diferencial por v\u00ednculos personales o intereses econ\u00f3micos.<\/strong><\/p>\n<figure><img decoding=\"async\" src=\"https:\/\/derechadiario.com.ar\/filesedc\/uploads\/image\/post\/2025\/07\/3-1753384456530_1200_800.webp\" class=\"img-responsive lazyload\" alt=\"Dos personas con trajes conversan en una mesa de oficina con un mazo de juez y documentos sobre la superficie\" title=\"Dos personas con trajes conversan en una mesa de oficina con un mazo de juez y documentos sobre la superficie\"><\/figure>\n<h2>El derecho a defenderse no puede ser delito<\/h2>\n<p>En una rep\u00fablica, defenderse de una agresi\u00f3n no puede transformarse en motivo de encierro. Si la evidencia demuestra qui\u00e9n inici\u00f3 el ataque, no hay excusas. La Justicia no puede mirar para otro lado cuando la v\u00edctima termina tratada como criminal.<\/p>\n<p>El monopolio leg\u00edtimo de la fuerza del Estado no debe aplicarse contra los ciudadanos comunes que act\u00faan con prudencia frente a una agresi\u00f3n. <strong>El trabajador fue empujado, golpeado y reaccion\u00f3.<\/strong> No es justo que quien sufri\u00f3 la violencia termine privado de su libertad.<\/p>\n<aside class=\"whatsappChannelText\"><a href=\"https:\/\/whatsapp.com\/channel\/0029VagEjILGE56eKjedWF2U\" rel=\"nofollow\" title=\"WhatsApp Link\"><img alt=\"Logo de WhatsApp\" class=\"lazyload\" data-src=\"https:\/\/derechadiario.com.ar\/filesedc\/uploads\/other\/whatsapp_icon_mid_article.png\" width=\"32\" height=\"32\"><\/a> <a href=\"https:\/\/whatsapp.com\/channel\/0029VagEjILGE56eKjedWF2U\" rel=\"nofollow\" title=\"WhatsApp Link\"><strong>NO SE PIERDAN NINGUNA NOTICIA<\/strong>: Click aqu\u00ed para sumarte <strong>GRATIS<\/strong> al canal de noticias de <strong>La Derecha Diario en WhatsApp.<\/strong><\/a><\/aside>\n<p><strong>Los abogados ya presentaron una <a href=\"https:\/\/derechadiario.com.ar\/sociedad\/alquileres-temporarios-y-robos-crece-nueva-modalidad-delictiva-cordoba\" title=\"Alquileres temporarios y robos: crece una nueva modalidad delictiva en C\u00f3rdoba\">denuncia penal<\/a> contra el conductor de la Tracker.<\/strong>\u00a0 Esperan que la fiscal\u00eda act\u00fae de oficio y valore el video como prueba principal. La expectativa de la defensa es que el trabajador recupere su libertad en las pr\u00f3ximas horas.<\/p>\n<figure><img decoding=\"async\" src=\"https:\/\/derechadiario.com.ar\/filesedc\/uploads\/image\/post\/2025\/07\/1-1753384398037_1200_800.webp\" class=\"img-responsive lazyload\" alt=\"Polic\u00eda de C\u00f3rdoba de espaldas junto a un veh\u00edculo patrulla\" title=\"Polic\u00eda de C\u00f3rdoba de espaldas junto a un veh\u00edculo patrulla\"><\/figure>\n<h2>La ley debe ser igual para todos, no solo para algunos<\/h2>\n<p>El abuso judicial no solo lastima derechos individuales: tambi\u00e9n env\u00eda un mensaje equivocado a toda la sociedad. \u00bfC\u00f3mo confiar en un sistema que encierra a quien se defiende y libera al que agrede?<\/p>\n<p>En este caso, lo que est\u00e1 en juego es m\u00e1s que la libertad de un hombre. <strong>Se trata del principio b\u00e1sico de igualdad ante la ley.<\/strong> Si no se corrige a tiempo, el da\u00f1o ser\u00e1 mucho mayor que una injusticia puntual.<\/p>\n","protected":false},"excerpt":{"rendered":"<p>Un hecho ocurrido en pleno centro de C\u00f3rdoba volvi\u00f3 a poner en discusi\u00f3n el rol de la Justicia frente a la inseguridad urbana. Un trabajador que intentaba preservar un espacio de estacionamiento fue agredido por un automovilista.\u00a0 A pesar de que fue golpeado primero, es \u00e9l quien lleva m\u00e1s de una semana preso. El video [&hellip;]<\/p>\n","protected":false},"author":2,"featured_media":12215,"comment_status":"open","ping_status":"open","sticky":false,"template":"","format":"standard","meta":{"_et_pb_use_builder":"","_et_pb_old_content":"","_et_gb_content_width":"","footnotes":""},"categories":[84],"tags":[],"class_list":["post-12214","post","type-post","status-publish","format-standard","has-post-thumbnail","hentry","category-ultimomomento"],"_links":{"self":[{"href":"https:\/\/verdadincomodadiario.ar\/index.php?rest_route=\/wp\/v2\/posts\/12214","targetHints":{"allow":["GET"]}}],"collection":[{"href":"https:\/\/verdadincomodadiario.ar\/index.php?rest_route=\/wp\/v2\/posts"}],"about":[{"href":"https:\/\/verdadincomodadiario.ar\/index.php?rest_route=\/wp\/v2\/types\/post"}],"author":[{"embeddable":true,"href":"https:\/\/verdadincomodadiario.ar\/index.php?rest_route=\/wp\/v2\/users\/2"}],"replies":[{"embeddable":true,"href":"https:\/\/verdadincomodadiario.ar\/index.php?rest_route=%2Fwp%2Fv2%2Fcomments&post=12214"}],"version-history":[{"count":0,"href":"https:\/\/verdadincomodadiario.ar\/index.php?rest_route=\/wp\/v2\/posts\/12214\/revisions"}],"wp:featuredmedia":[{"embeddable":true,"href":"https:\/\/verdadincomodadiario.ar\/index.php?rest_route=\/wp\/v2\/media\/12215"}],"wp:attachment":[{"href":"https:\/\/verdadincomodadiario.ar\/index.php?rest_route=%2Fwp%2Fv2%2Fmedia&parent=12214"}],"wp:term":[{"taxonomy":"category","embeddable":true,"href":"https:\/\/verdadincomodadiario.ar\/index.php?rest_route=%2Fwp%2Fv2%2Fcategories&post=12214"},{"taxonomy":"post_tag","embeddable":true,"href":"https:\/\/verdadincomodadiario.ar\/index.php?rest_route=%2Fwp%2Fv2%2Ftags&post=12214"}],"curies":[{"name":"wp","href":"https:\/\/api.w.org\/{rel}","templated":true}]}}