{"id":12200,"date":"2025-07-24T19:24:33","date_gmt":"2025-07-24T19:24:33","guid":{"rendered":"https:\/\/verdadincomodadiario.ar\/?p=12200"},"modified":"2025-07-24T19:24:33","modified_gmt":"2025-07-24T19:24:33","slug":"el-comunista-narciso-isa-conde-exige-al-presidente-frenar-al-movimiento-antigua-orden","status":"publish","type":"post","link":"https:\/\/verdadincomodadiario.ar\/?p=12200","title":{"rendered":"El comunista Narciso Isa Conde exige al presidente frenar al movimiento Antigua Orden"},"content":{"rendered":"<p>El dirigente de izquierda <strong>Narciso Isa Conde<\/strong>, denunci\u00f3 al movimiento La antigua Orden, calificandolos como &#8220;amenaza ultraderechista&#8221;, a los que el gobierno, especificamente el presidente Abinader debe ponerle un alto.<\/p>\n<p>A trav\u00e9s de un comunicado, Isa Conde\u00a0exigi\u00f3 a <strong>Luis Abinader<\/strong>\u00a0 que tome acciones inmediantas en contra de este grupo, a los que acuso de ser una organizaci\u00f3n &#8220;paramilitar&#8221;, con protecci\u00f3n estatal y v\u00ednculos internacionales.<\/p>\n<p>Isa Conde relata que el\u00a027 de abril de 2025, durante una marcha conmemorativa del\u00a060 aniversario de la Revoluci\u00f3n de Abril, fue v\u00edctima de un\u00a0intento de apu\u00f1alamiento\u00a0por parte de presuntos miembros de la Antigua Orden.<\/p>\n<p>Este acontecimiento se di\u00f3 en\u00a0la calle Beller (Santo Domingo). Sus acompa\u00f1antes lograron desarmar a dos agresores.<\/p>\n<p>Tambi\u00e9n denuncia que el grupo actu\u00f3 con\u00a0machetes, cuchillos y bloques de hormig\u00f3n\u00a0cerca del canal Telemicro, amenazando a manifestantes a quienes llamaban &#8220;comunistas pro-Hait\u00ed&#8221;.<\/p>\n<p>Acusa a la\u00a0Polic\u00eda Nacional\u00a0de proteger a <strong>La Antigua Orden<\/strong>, permitiendo su despliegue violento y cambiando rutas de la marcha para favorecerlos. Incluso se\u00f1ala que agentes intentaron disolver a manifestantes con bombas lacrim\u00f3genas.<\/p>\n<p>Las reacciones en las redes sociales no se hicieron esperar en defensa de la organizaci\u00f3n, la cual califican como un grupo que promueven valores nacionalistas.\u00a0<\/p>\n","protected":false},"excerpt":{"rendered":"<p>El dirigente de izquierda Narciso Isa Conde, denunci\u00f3 al movimiento La antigua Orden, calificandolos como &#8220;amenaza ultraderechista&#8221;, a los que el gobierno, especificamente el presidente Abinader debe ponerle un alto. A trav\u00e9s de un comunicado, Isa Conde\u00a0exigi\u00f3 a Luis Abinader\u00a0 que tome acciones inmediantas en contra de este grupo, a los que acuso de ser [&hellip;]<\/p>\n","protected":false},"author":2,"featured_media":12201,"comment_status":"open","ping_status":"open","sticky":false,"template":"","format":"standard","meta":{"_et_pb_use_builder":"","_et_pb_old_content":"","_et_gb_content_width":"","footnotes":""},"categories":[84],"tags":[],"class_list":["post-12200","post","type-post","status-publish","format-standard","has-post-thumbnail","hentry","category-ultimomomento"],"_links":{"self":[{"href":"https:\/\/verdadincomodadiario.ar\/index.php?rest_route=\/wp\/v2\/posts\/12200","targetHints":{"allow":["GET"]}}],"collection":[{"href":"https:\/\/verdadincomodadiario.ar\/index.php?rest_route=\/wp\/v2\/posts"}],"about":[{"href":"https:\/\/verdadincomodadiario.ar\/index.php?rest_route=\/wp\/v2\/types\/post"}],"author":[{"embeddable":true,"href":"https:\/\/verdadincomodadiario.ar\/index.php?rest_route=\/wp\/v2\/users\/2"}],"replies":[{"embeddable":true,"href":"https:\/\/verdadincomodadiario.ar\/index.php?rest_route=%2Fwp%2Fv2%2Fcomments&post=12200"}],"version-history":[{"count":0,"href":"https:\/\/verdadincomodadiario.ar\/index.php?rest_route=\/wp\/v2\/posts\/12200\/revisions"}],"wp:featuredmedia":[{"embeddable":true,"href":"https:\/\/verdadincomodadiario.ar\/index.php?rest_route=\/wp\/v2\/media\/12201"}],"wp:attachment":[{"href":"https:\/\/verdadincomodadiario.ar\/index.php?rest_route=%2Fwp%2Fv2%2Fmedia&parent=12200"}],"wp:term":[{"taxonomy":"category","embeddable":true,"href":"https:\/\/verdadincomodadiario.ar\/index.php?rest_route=%2Fwp%2Fv2%2Fcategories&post=12200"},{"taxonomy":"post_tag","embeddable":true,"href":"https:\/\/verdadincomodadiario.ar\/index.php?rest_route=%2Fwp%2Fv2%2Ftags&post=12200"}],"curies":[{"name":"wp","href":"https:\/\/api.w.org\/{rel}","templated":true}]}}