{"id":12198,"date":"2025-07-24T19:24:34","date_gmt":"2025-07-24T19:24:34","guid":{"rendered":"https:\/\/verdadincomodadiario.ar\/?p=12198"},"modified":"2025-07-24T19:24:34","modified_gmt":"2025-07-24T19:24:34","slug":"escuelas-publicas-saturadas-de-haitianos-ilegales","status":"publish","type":"post","link":"https:\/\/verdadincomodadiario.ar\/?p=12198","title":{"rendered":"Escuelas p\u00fablicas saturadas de haitianos ilegales"},"content":{"rendered":"<p>A trav\u00e9s de una publicaci\u00f3n algunos padres denunciaron que sus hijos podr\u00edan quedarse\u00a0fuera del<a href=\"https:\/\/derechadiario.com.ar\/republica-dominicana\/sociedad\/republica-dominicana-crisis-educativa-que-condena-generacion\" title=\"\u00bfA qu\u00e9 se debe la crisis educativa que vive Rep\u00fablica Dominicana?\"> \u00a0<strong>a\u00f1o escolar 2025-2026<\/strong><\/a>, debido a que las <a href=\"https:\/\/derechadiario.com.ar\/republica-dominicana\/sociedad\/republica-dominicana-crisis-educativa-que-condena-generacion\" title=\"\u00bfA qu\u00e9 se debe la crisis educativa que vive Rep\u00fablica Dominicana?\"><strong>escuelas est\u00e1n abarrotadas de haitianos ilegales<\/strong><\/a>, mostrando las deficiencias del sistema educativo dominicano.<\/p>\n<p>El aumento de ni\u00f1os haitianos o dominico-haitianos en las escuelas p\u00fablicas ha generado preocupaci\u00f3n entre algunos padres dominicanos, quienes alegan que las aulas est\u00e1n <strong>sobrepobladas<\/strong> y los recursos son insuficientes.<\/p>\n<p>Esto se agrava en comunidades con alta concentraci\u00f3n de migrantes haitianos, donde la infraestructura escolar no se ha ampliado proporcionalmente.<\/p>\n<p>Aunque la ley no proh\u00edbe que ni\u00f1os haitianos\u00a0ilegales asistan a las escuelas, el problema surge porque debido a la cantidad que hay en sectores espec\u00edficos e impiden que los ni\u00f1os dominicanos tenga acceso a la educaci\u00f3n.<\/p>\n<p>Esta situaci\u00f3n ha generado tensi\u00f3n entre los padres dominicanos,\u00a0las instituciones educacionales y el estado, porque ven a los ni\u00f1os haitianos como un problema.<\/p>\n<p>Las recientes medidas migratorias dr\u00e1sticas del gobierno dominicano, como las redadas masivas y deportaciones, han generado caos en comunidades donde familias haitianas tienen hijos en escuelas.<\/p>\n<p>Algunos padres dominicanos han interpretado estas acciones como una &#8220;<strong>limpieza necesaria<\/strong>&#8221; , alegando que la presencia irregular de haitianos afecta la calidad educativa\u00a0<\/p>\n","protected":false},"excerpt":{"rendered":"<p>A trav\u00e9s de una publicaci\u00f3n algunos padres denunciaron que sus hijos podr\u00edan quedarse\u00a0fuera del \u00a0a\u00f1o escolar 2025-2026, debido a que las escuelas est\u00e1n abarrotadas de haitianos ilegales, mostrando las deficiencias del sistema educativo dominicano. El aumento de ni\u00f1os haitianos o dominico-haitianos en las escuelas p\u00fablicas ha generado preocupaci\u00f3n entre algunos padres dominicanos, quienes alegan que [&hellip;]<\/p>\n","protected":false},"author":2,"featured_media":12199,"comment_status":"open","ping_status":"open","sticky":false,"template":"","format":"standard","meta":{"_et_pb_use_builder":"","_et_pb_old_content":"","_et_gb_content_width":"","footnotes":""},"categories":[84],"tags":[],"class_list":["post-12198","post","type-post","status-publish","format-standard","has-post-thumbnail","hentry","category-ultimomomento"],"_links":{"self":[{"href":"https:\/\/verdadincomodadiario.ar\/index.php?rest_route=\/wp\/v2\/posts\/12198","targetHints":{"allow":["GET"]}}],"collection":[{"href":"https:\/\/verdadincomodadiario.ar\/index.php?rest_route=\/wp\/v2\/posts"}],"about":[{"href":"https:\/\/verdadincomodadiario.ar\/index.php?rest_route=\/wp\/v2\/types\/post"}],"author":[{"embeddable":true,"href":"https:\/\/verdadincomodadiario.ar\/index.php?rest_route=\/wp\/v2\/users\/2"}],"replies":[{"embeddable":true,"href":"https:\/\/verdadincomodadiario.ar\/index.php?rest_route=%2Fwp%2Fv2%2Fcomments&post=12198"}],"version-history":[{"count":0,"href":"https:\/\/verdadincomodadiario.ar\/index.php?rest_route=\/wp\/v2\/posts\/12198\/revisions"}],"wp:featuredmedia":[{"embeddable":true,"href":"https:\/\/verdadincomodadiario.ar\/index.php?rest_route=\/wp\/v2\/media\/12199"}],"wp:attachment":[{"href":"https:\/\/verdadincomodadiario.ar\/index.php?rest_route=%2Fwp%2Fv2%2Fmedia&parent=12198"}],"wp:term":[{"taxonomy":"category","embeddable":true,"href":"https:\/\/verdadincomodadiario.ar\/index.php?rest_route=%2Fwp%2Fv2%2Fcategories&post=12198"},{"taxonomy":"post_tag","embeddable":true,"href":"https:\/\/verdadincomodadiario.ar\/index.php?rest_route=%2Fwp%2Fv2%2Ftags&post=12198"}],"curies":[{"name":"wp","href":"https:\/\/api.w.org\/{rel}","templated":true}]}}