{"id":12196,"date":"2025-07-24T19:24:35","date_gmt":"2025-07-24T19:24:35","guid":{"rendered":"https:\/\/verdadincomodadiario.ar\/?p=12196"},"modified":"2025-07-24T19:24:35","modified_gmt":"2025-07-24T19:24:35","slug":"senado-aprueba-en-segunda-lectura-codigo-penal","status":"publish","type":"post","link":"https:\/\/verdadincomodadiario.ar\/?p=12196","title":{"rendered":"Senado aprueba en segunda lectura C\u00f3digo Penal"},"content":{"rendered":"<p>La <strong>C\u00e1mara de Diputados<\/strong>\u00a0 de la Rep\u00fablica Dominicana aprob\u00f3 este viernes en\u00a0<a href=\"https:\/\/derechadiario.com.ar\/republica-dominicana\/politica\/aprueban-primera-lectura-nuevo-codigo-procesal-penal-dominicano\" title=\"Aprueban en primera lectura el nuevo c\u00f3digo procesal penal dominicano\"><strong>segunda lectura\u00a0el proyecto de\u00a0Ley de Alquileres de Bienes Inmuebles<\/strong><\/a>, introduciendo cambios significativos que buscan equilibrar los derechos de inquilinos y propietarios.<\/p>\n<p>La iniciativa, impulsada por el presidente de la C\u00e1mara, Alfredo Pacheco, establece nuevas reglas para dep\u00f3sitos, aumentos de renta y procedimientos de desalojo, tras recibir cr\u00edticas de sectores inmobiliarios y sociales.<\/p>\n<p>La C\u00e1mara de Diputados de la Rep\u00fablica Dominicana aprob\u00f3 este viernes en\u00a0segunda lectura\u00a0el proyecto de\u00a0Ley de Alquileres de Bienes Inmuebles, introduciendo cambios significativos que buscan equilibrar los derechos de inquilinos y propietarios.<\/p>\n<p>La iniciativa, impulsada por el presidente de la C\u00e1mara, Alfredo Pacheco, establece nuevas reglas para dep\u00f3sitos, aumentos de renta y procedimientos de desalojo, tras recibir cr\u00edticas de sectores inmobiliarios y sociales.<\/p>\n<p>En viviendas, los reajustes anuales <strong>no podr\u00e1n superar el\u00a010%<\/strong>, siempre que ambas partes lo acuerden. Anteriormente, no exist\u00eda un tope expl\u00edcito, tambi\u00e9n se elimin\u00f3 la obligaci\u00f3n de ofrecer al inquilino la compra prioritaria del inmueble en caso de venta.\u00a0<\/p>\n<p>Las modificaciones responden a cr\u00edticas de\u00a0inversionistas, bancos y asociaciones de propietarios, quienes argumentaban que la versi\u00f3n inicial desincentivaba la oferta de viviendas en alquiler.<\/p>\n<p>El diputado Amado D\u00edaz, presidente de la comisi\u00f3n especial, destac\u00f3 que el 90% de las sugerencias en vistas p\u00fablicas fueron incorporadas.<\/p>\n","protected":false},"excerpt":{"rendered":"<p>La C\u00e1mara de Diputados\u00a0 de la Rep\u00fablica Dominicana aprob\u00f3 este viernes en\u00a0segunda lectura\u00a0el proyecto de\u00a0Ley de Alquileres de Bienes Inmuebles, introduciendo cambios significativos que buscan equilibrar los derechos de inquilinos y propietarios. La iniciativa, impulsada por el presidente de la C\u00e1mara, Alfredo Pacheco, establece nuevas reglas para dep\u00f3sitos, aumentos de renta y procedimientos de desalojo, [&hellip;]<\/p>\n","protected":false},"author":2,"featured_media":12197,"comment_status":"open","ping_status":"open","sticky":false,"template":"","format":"standard","meta":{"_et_pb_use_builder":"","_et_pb_old_content":"","_et_gb_content_width":"","footnotes":""},"categories":[84],"tags":[],"class_list":["post-12196","post","type-post","status-publish","format-standard","has-post-thumbnail","hentry","category-ultimomomento"],"_links":{"self":[{"href":"https:\/\/verdadincomodadiario.ar\/index.php?rest_route=\/wp\/v2\/posts\/12196","targetHints":{"allow":["GET"]}}],"collection":[{"href":"https:\/\/verdadincomodadiario.ar\/index.php?rest_route=\/wp\/v2\/posts"}],"about":[{"href":"https:\/\/verdadincomodadiario.ar\/index.php?rest_route=\/wp\/v2\/types\/post"}],"author":[{"embeddable":true,"href":"https:\/\/verdadincomodadiario.ar\/index.php?rest_route=\/wp\/v2\/users\/2"}],"replies":[{"embeddable":true,"href":"https:\/\/verdadincomodadiario.ar\/index.php?rest_route=%2Fwp%2Fv2%2Fcomments&post=12196"}],"version-history":[{"count":0,"href":"https:\/\/verdadincomodadiario.ar\/index.php?rest_route=\/wp\/v2\/posts\/12196\/revisions"}],"wp:featuredmedia":[{"embeddable":true,"href":"https:\/\/verdadincomodadiario.ar\/index.php?rest_route=\/wp\/v2\/media\/12197"}],"wp:attachment":[{"href":"https:\/\/verdadincomodadiario.ar\/index.php?rest_route=%2Fwp%2Fv2%2Fmedia&parent=12196"}],"wp:term":[{"taxonomy":"category","embeddable":true,"href":"https:\/\/verdadincomodadiario.ar\/index.php?rest_route=%2Fwp%2Fv2%2Fcategories&post=12196"},{"taxonomy":"post_tag","embeddable":true,"href":"https:\/\/verdadincomodadiario.ar\/index.php?rest_route=%2Fwp%2Fv2%2Ftags&post=12196"}],"curies":[{"name":"wp","href":"https:\/\/api.w.org\/{rel}","templated":true}]}}