{"id":12194,"date":"2025-07-24T19:24:36","date_gmt":"2025-07-24T19:24:36","guid":{"rendered":"https:\/\/verdadincomodadiario.ar\/?p=12194"},"modified":"2025-07-24T19:24:36","modified_gmt":"2025-07-24T19:24:36","slug":"marco-rubio-advierte-que-deportaran-a-quienes-apoyen-bandas-haitianas","status":"publish","type":"post","link":"https:\/\/verdadincomodadiario.ar\/?p=12194","title":{"rendered":"Marco Rubio advierte que deportaran a quienes apoyen bandas haitianas"},"content":{"rendered":"<p>\u00a0El secretario de Estado de EE.UU.,\u00a0<a href=\"https:\/\/derechadiario.com.ar\/republica-dominicana\/economia\/marco-rubio-arremete-contra-oea-por-crisis-haitiana\" title=\"Marco Rubio arremete contra la OEA por la crisis haitiana\"><strong>Marco Rubio<\/strong><\/a>, anunci\u00f3 este lunes una pol\u00edtica de\u00a0cero tolerancia\u00a0contra residentes permanentes legales en el pa\u00eds que apoyen a pandillas haitianas violentas.<\/p>\n<p>Como\u00a0<strong>Viv Ansanm<\/strong>, designada como organizaci\u00f3n terrorista extranjera (FTO) en mayo de 2025. La advertencia incluye la expulsi\u00f3n inmediata de quienes colaboren con estos grupos, incluso si poseen estatus migratorio legal.<\/p>\n<p>La medida se ampara en el\u00a0Art\u00edculo 237(a)(4)(C) de la Ley de Inmigraci\u00f3n y Nacionalidad, que permite la deportaci\u00f3n de residentes legales cuyas actividades &#8220;afecten adversamente la pol\u00edtica exterior de EE.UU.&#8221;<\/p>\n<p>El Departamento de Estado ya identific\u00f3 a individuos con\u00a0green card\u00a0que habr\u00edan colaborado con l\u00edderes de Viv Ansanm, acusados de perpetrar masacres, secuestros y controlar el 85% de Puerto Pr\u00edncipe.<\/p>\n<p>Viv Ansanm y Gran Grif (tambi\u00e9n designada FTO) son responsables de\u00a04.864 muertes\u00a0entre octubre de 2024 y junio de 2025, seg\u00fan la ONU. Controlan infraestructuras clave y extorsionan a empresas, agravando la crisis humanitaria.<\/p>\n<p>La administraci\u00f3n Trump busca cortar flujos financieros a estas pandillas, incluso sancionando a empresas o ONGs que paguen &#8220;peajes&#8221; a cambio de operar en zonas bajo su control.<\/p>\n<p>&#8220;EE.UU. no permitir\u00e1 que personas disfruten de beneficios migratorios mientras faciliten acciones de organizaciones terroristas. Esto protege nuestra seguridad nacional y la estabilidad regional&#8221;, advirti\u00f3 el secretario.<\/p>\n","protected":false},"excerpt":{"rendered":"<p>\u00a0El secretario de Estado de EE.UU.,\u00a0Marco Rubio, anunci\u00f3 este lunes una pol\u00edtica de\u00a0cero tolerancia\u00a0contra residentes permanentes legales en el pa\u00eds que apoyen a pandillas haitianas violentas. Como\u00a0Viv Ansanm, designada como organizaci\u00f3n terrorista extranjera (FTO) en mayo de 2025. La advertencia incluye la expulsi\u00f3n inmediata de quienes colaboren con estos grupos, incluso si poseen estatus migratorio [&hellip;]<\/p>\n","protected":false},"author":2,"featured_media":12195,"comment_status":"open","ping_status":"open","sticky":false,"template":"","format":"standard","meta":{"_et_pb_use_builder":"","_et_pb_old_content":"","_et_gb_content_width":"","footnotes":""},"categories":[84],"tags":[],"class_list":["post-12194","post","type-post","status-publish","format-standard","has-post-thumbnail","hentry","category-ultimomomento"],"_links":{"self":[{"href":"https:\/\/verdadincomodadiario.ar\/index.php?rest_route=\/wp\/v2\/posts\/12194","targetHints":{"allow":["GET"]}}],"collection":[{"href":"https:\/\/verdadincomodadiario.ar\/index.php?rest_route=\/wp\/v2\/posts"}],"about":[{"href":"https:\/\/verdadincomodadiario.ar\/index.php?rest_route=\/wp\/v2\/types\/post"}],"author":[{"embeddable":true,"href":"https:\/\/verdadincomodadiario.ar\/index.php?rest_route=\/wp\/v2\/users\/2"}],"replies":[{"embeddable":true,"href":"https:\/\/verdadincomodadiario.ar\/index.php?rest_route=%2Fwp%2Fv2%2Fcomments&post=12194"}],"version-history":[{"count":0,"href":"https:\/\/verdadincomodadiario.ar\/index.php?rest_route=\/wp\/v2\/posts\/12194\/revisions"}],"wp:featuredmedia":[{"embeddable":true,"href":"https:\/\/verdadincomodadiario.ar\/index.php?rest_route=\/wp\/v2\/media\/12195"}],"wp:attachment":[{"href":"https:\/\/verdadincomodadiario.ar\/index.php?rest_route=%2Fwp%2Fv2%2Fmedia&parent=12194"}],"wp:term":[{"taxonomy":"category","embeddable":true,"href":"https:\/\/verdadincomodadiario.ar\/index.php?rest_route=%2Fwp%2Fv2%2Fcategories&post=12194"},{"taxonomy":"post_tag","embeddable":true,"href":"https:\/\/verdadincomodadiario.ar\/index.php?rest_route=%2Fwp%2Fv2%2Ftags&post=12194"}],"curies":[{"name":"wp","href":"https:\/\/api.w.org\/{rel}","templated":true}]}}