{"id":12192,"date":"2025-07-24T19:24:37","date_gmt":"2025-07-24T19:24:37","guid":{"rendered":"https:\/\/verdadincomodadiario.ar\/?p=12192"},"modified":"2025-07-24T19:24:37","modified_gmt":"2025-07-24T19:24:37","slug":"uruguay-se-encamina-hacia-un-ministerio-de-las-mujeres","status":"publish","type":"post","link":"https:\/\/verdadincomodadiario.ar\/?p=12192","title":{"rendered":"Uruguay se encamina hacia un Ministerio de las Mujeres"},"content":{"rendered":"<p><strong>El colapso municipal en Uruguay: Un r\u00e9quiem por el estatismo parasitario<\/strong><\/p>\n<p><strong>La debacle de las intendencias uruguayas es un monumento al fracaso del estatismo<\/strong>, esa enfermedad cr\u00f3nica que infecta a todos los partidos pol\u00edticos, desde los supuestos &#8220;conservadores&#8221; del Partido Nacional hasta los abiertamente socialistas del Frente Amplio. No hay distinci\u00f3n de colores cuando se trata de despilfarro, clientelismo y una obsesi\u00f3n enfermiza por el poder a costa del ciudadano. <strong>Este desastre no es solo una crisis fiscal; es la prueba irrefutable de que el modelo estatal, hinchado y corrupto, es un par\u00e1sito que devora la libertad y la prosperidad de Uruguay.<\/strong><\/p>\n<p><a href=\"https:\/\/derechadiario.com.ar\/uruguay\/politica\/mujica-delato-sus-companeros-y-colaboro-con-los-militares-1972\" target=\"_blank\"><em>Quiz\u00e1s tambi\u00e9n te interese&#8230;<\/em><\/a><\/p>\n<p>En Cerro Largo, el Partido Nacional dej\u00f3 una herencia venenosa: una deuda de 1.600 millones de pesos\u201440 millones de d\u00f3lares\u2014que tiene a la intendencia sin combustible, sin cr\u00e9dito y con los sueldos de los funcionarios tambaleando. <strong>\u00bfQu\u00e9 hicieron los nacionalistas durante a\u00f1os? Engordar sus redes de lealtades pol\u00edticas, repartir favores y gastar como si el dinero creciera en \u00e1rboles.<\/strong> Pero no se enga\u00f1en: el Frente Amplio, con su ret\u00f3rica de justicia social, es igual de culpable. En Montevideo, su feudo desde 1990, la intendencia arrastra un d\u00e9ficit obsceno de m\u00e1s de 90 millones de d\u00f3lares. <strong>\u00bfPara qu\u00e9? Para financiar talleres ideol\u00f3gicos, eventos culturales de dudoso valor y una burocracia inflada que asfixia a los contribuyentes mientras la ciudad se ahoga en basura y el transporte p\u00fablico es un chiste.<\/strong><\/p>\n<div class=\"inter_image image_horizontal\">\n<picture><source class=\"img-responsive\" type=\"image\/webp\" data-srcset=\"https:\/\/filesedc.com\/uploads\/image\/post\/2025\/07\/img-20250724-wa0011_300_200.webp 300w, https:\/\/filesedc.com\/uploads\/image\/post\/2025\/07\/img-20250724-wa0011_630_420.webp 630w, https:\/\/filesedc.com\/uploads\/image\/post\/2025\/07\/img-20250724-wa0011_760_507.webp 760w, https:\/\/filesedc.com\/uploads\/image\/post\/2025\/07\/img-20250724-wa0011_1200_800.webp 1200w, https:\/\/filesedc.com\/uploads\/image\/post\/2025\/07\/img-20250724-wa0011_1600_1067.webp 1600w, \"><img decoding=\"async\" src=\"https:\/\/derechadiario.com.ar\/filesedc\/uploads\/image\/post\/2025\/07\/img-20250724-wa0011_1200_800.webp\" class=\"img-responsive lazyload\" alt=\"Mujer mayor con gafas hablando frente a un micr\u00f3fono en un podio con un vaso de agua y bol\u00edgrafo visibles\" title=\"Mujer mayor con gafas hablando frente a un micr\u00f3fono en un podio con un vaso de agua y bol\u00edgrafo visibles\"><\/picture>\n<div>\n<span class=\"img_footer\">M\u00f3nica Xavier. <\/span>| <span class=\"img_author\">Redacci\u00f3n<\/span>\n<\/div>\n<\/div>\n<p>Canelones, otro basti\u00f3n frenteamplista desde 2005, es un calco del mismo desastre. Deudas opacas, contrataciones a dedo y una dependencia pat\u00e9tica de transferencias del gobierno central\u2014m\u00e1s del 60% de su presupuesto\u2014han convertido a la intendencia en un pozo sin fondo. <strong>\u00bfD\u00f3nde est\u00e1 el progreso que prometen estos zurdos de sal\u00f3n? En ninguna parte.<\/strong> Solo hay m\u00e1s empleados p\u00fablicos nombrados por lealtad, m\u00e1s contratos para los amigos y m\u00e1s promesas vac\u00edas que se desvanecen en el aire.<\/p>\n<p><strong>Para los defensores de la libertad y el mercado, este espect\u00e1culo es nauseabundo.<\/strong> Las intendencias, sean blancas o frenteamplistas, son un circo de ineficiencia y corrupci\u00f3n. <strong>Han pervertido los incentivos econ\u00f3micos hasta el punto de convertir la gesti\u00f3n p\u00fablica en una m\u00e1quina de comprar votos.<\/strong> En Montevideo, la intendencia dilapid\u00f3 14 millones de d\u00f3lares en \u201choras extras\u201d para funcionarios que, m\u00e1gicamente, solo trabajan los s\u00e1bados. En Canelones, uno de cada cuatro empleos municipales es un nombramiento directo, <strong>una bofetada a la meritocracia y al contribuyente.<\/strong><\/p>\n<p><a href=\"https:\/\/derechadiario.com.ar\/uruguay\/opinion\/asi-luce-socialdemocracia\" target=\"_blank\"><em>Quiz\u00e1s tambi\u00e9n te interese&#8230;<\/em><\/a><\/p>\n<figure><img decoding=\"async\" src=\"https:\/\/derechadiario.com.ar\/filesedc\/uploads\/image\/post\/2025\/07\/img-20250724-wa0010_1200_800.webp\" class=\"img-responsive lazyload\" alt=\"Invitaci\u00f3n a la reinstalaci\u00f3n del Consejo Nacional de G\u00e9nero con el lema hacia un estado con igualdad sustantiva, el evento se realizar\u00e1 el 23 de julio a las 10 horas y es organizado por el Ministerio de Desarrollo Social y el Instituto Nacional de las Mujeres\" title=\"Invitaci\u00f3n a la reinstalaci\u00f3n del Consejo Nacional de G\u00e9nero con el lema hacia un estado con igualdad sustantiva, el evento se realizar\u00e1 el 23 de julio a las 10 horas y es organizado por el Ministerio de Desarrollo Social y el Instituto Nacional de las Mujeres\"><\/figure>\n<p><strong>El cortoplacismo de estos pol\u00edticos es criminal.<\/strong> Obsesionados con ganar elecciones, inflan deudas para financiar proyectos populistas que no sirven m\u00e1s que para sacarse fotos. En Montevideo, Carolina Cosse y su sucesor Mauricio Zunino dejaron una ciudad que el 55% de los montevideanos reprueba por su suciedad y caos vial. <strong>Ahora, Mario Bergara promete \u201c\u00e9tica y transparencia\u201d mientras hereda una intendencia quebrada.<\/strong> \u00bfY en Canelones? Francisco Legnani, ungido por Yamand\u00fa Orsi, jura cambiar las cosas, pero no puede escapar del lodazal de gastos descontrolados y subsidios nacionales que sostienen su circo.<\/p>\n<p><strong>La verdad es cruda: estos pol\u00edticos, de todos los colores, son c\u00f3mplices de un sistema podrido.<\/strong> El estatismo que defienden\u2014con su ret\u00f3rica de \u201cbien com\u00fan\u201d y \u201cjusticia social\u201d\u2014no es m\u00e1s que una excusa para mantener una casta parasitaria que vive del sudor de los uruguayos. Las intendencias son feudos donde los recursos se usan para comprar lealtades, no para generar prosperidad. <strong>Este modelo, donde el Estado act\u00faa como un patr\u00f3n feudal en lugar de un servidor del pueblo, es la ant\u00edtesis de la libertad.<\/strong><\/p>\n<p><strong>La oposici\u00f3n, sea del partido que sea, ladra sobre transparencia, pero sus palabras son puro teatro.<\/strong> No basta con auditor\u00edas o discursos bonitos. <strong>Hay que amputar el tumor: reducir el tama\u00f1o del Estado, despedir a los bur\u00f3cratas innecesarios, eliminar los nombramientos por amiguismo y privatizar todo lo que no sea esencial.<\/strong><\/p>\n<p><a href=\"https:\/\/derechadiario.com.ar\/uruguay\/politica\/100-dias-bitacora-del-proyecto-gobierno-honesto-yamandu-orsi\" target=\"_blank\"><em>Quiz\u00e1s tambi\u00e9n te interese&#8230;<\/em><\/a><\/p>\n<p><strong>La crisis en Cerro Largo, Artigas, Soriano, Montevideo y Canelones es una bofetada a los ciudadanos.<\/strong> Es la prueba de que el estatismo, sea blanco o frenteamplista, es un c\u00e1ncer que premia a los pol\u00edticos y castiga a los que trabajan. <strong>La soluci\u00f3n no es cambiar de partido, sino dinamitar esta mentalidad socialista que glorifica al Estado y demoniza al mercado.<\/strong> Menos bur\u00f3cratas, menos favores, m\u00e1s libertad. <strong>Uruguay no merece seguir siendo reh\u00e9n de una casta que vive de saquear el futuro.<\/strong><\/p>\n","protected":false},"excerpt":{"rendered":"<p>El colapso municipal en Uruguay: Un r\u00e9quiem por el estatismo parasitario La debacle de las intendencias uruguayas es un monumento al fracaso del estatismo, esa enfermedad cr\u00f3nica que infecta a todos los partidos pol\u00edticos, desde los supuestos &#8220;conservadores&#8221; del Partido Nacional hasta los abiertamente socialistas del Frente Amplio. No hay distinci\u00f3n de colores cuando se [&hellip;]<\/p>\n","protected":false},"author":2,"featured_media":12193,"comment_status":"open","ping_status":"open","sticky":false,"template":"","format":"standard","meta":{"_et_pb_use_builder":"","_et_pb_old_content":"","_et_gb_content_width":"","footnotes":""},"categories":[84],"tags":[],"class_list":["post-12192","post","type-post","status-publish","format-standard","has-post-thumbnail","hentry","category-ultimomomento"],"_links":{"self":[{"href":"https:\/\/verdadincomodadiario.ar\/index.php?rest_route=\/wp\/v2\/posts\/12192","targetHints":{"allow":["GET"]}}],"collection":[{"href":"https:\/\/verdadincomodadiario.ar\/index.php?rest_route=\/wp\/v2\/posts"}],"about":[{"href":"https:\/\/verdadincomodadiario.ar\/index.php?rest_route=\/wp\/v2\/types\/post"}],"author":[{"embeddable":true,"href":"https:\/\/verdadincomodadiario.ar\/index.php?rest_route=\/wp\/v2\/users\/2"}],"replies":[{"embeddable":true,"href":"https:\/\/verdadincomodadiario.ar\/index.php?rest_route=%2Fwp%2Fv2%2Fcomments&post=12192"}],"version-history":[{"count":0,"href":"https:\/\/verdadincomodadiario.ar\/index.php?rest_route=\/wp\/v2\/posts\/12192\/revisions"}],"wp:featuredmedia":[{"embeddable":true,"href":"https:\/\/verdadincomodadiario.ar\/index.php?rest_route=\/wp\/v2\/media\/12193"}],"wp:attachment":[{"href":"https:\/\/verdadincomodadiario.ar\/index.php?rest_route=%2Fwp%2Fv2%2Fmedia&parent=12192"}],"wp:term":[{"taxonomy":"category","embeddable":true,"href":"https:\/\/verdadincomodadiario.ar\/index.php?rest_route=%2Fwp%2Fv2%2Fcategories&post=12192"},{"taxonomy":"post_tag","embeddable":true,"href":"https:\/\/verdadincomodadiario.ar\/index.php?rest_route=%2Fwp%2Fv2%2Ftags&post=12192"}],"curies":[{"name":"wp","href":"https:\/\/api.w.org\/{rel}","templated":true}]}}