{"id":12190,"date":"2025-07-24T19:24:38","date_gmt":"2025-07-24T19:24:38","guid":{"rendered":"https:\/\/verdadincomodadiario.ar\/?p=12190"},"modified":"2025-07-24T19:24:38","modified_gmt":"2025-07-24T19:24:38","slug":"grido-revocan-el-sobreseimiento-de-los-duenos-y-ordenan-juicio-por-asociacion-ilicita","status":"publish","type":"post","link":"https:\/\/verdadincomodadiario.ar\/?p=12190","title":{"rendered":"Grido: revocan el sobreseimiento de los due\u00f1os y ordenan juicio por asociaci\u00f3n il\u00edcita"},"content":{"rendered":"<p>La Sala IV de la <a href=\"https:\/\/derechadiario.com.ar\/politica\/que-dice-fallo-casacion-que-confirmo-condena-cristina-causa-vialidad\" title=\"Qu\u00e9 dice el fallo de Casaci\u00f3n que confirm\u00f3 la condena a Cristina en la causa Vialidad\">C\u00e1mara Federal de Casaci\u00f3n Penal<\/a> <strong>revoc\u00f3 el sobreseimiento de los due\u00f1os de Helacor, la empresa detr\u00e1s de los helados Grido<\/strong>. Orden\u00f3 la realizaci\u00f3n del juicio oral por presunta asociaci\u00f3n il\u00edcita fiscal entre 2007 y 2012. La medida alcanza a Oscar Lucas Santiago, Lucas Santiago y Sebasti\u00e1n Oscar Santiago.<\/p>\n<p><strong>En 2023, el TOF2 de <a href=\"https:\/\/derechadiario.com.ar\/sociedad\/cordoba-detienen-joven-acusado-vender-psicofarmacos-con-datos-robados-pami\" title=\"C\u00f3rdoba: detienen a un joven acusado de vender psicof\u00e1rmacos con datos robados de PAMI\">C\u00f3rdoba<\/a> hab\u00eda considerado que el delito quedaba comprendido por la ley de blanqueo y dict\u00f3 el sobreseimiento<\/strong>. La nueva resoluci\u00f3n, por mayor\u00eda, anul\u00f3 esa decisi\u00f3n y dio lugar a la acusaci\u00f3n. Seg\u00fan la Justicia, <strong>los empresarios habr\u00edan integrado una organizaci\u00f3n para evadir impuestos y aumentar sus ganancias.<\/strong><\/p>\n<p><strong>Los ejecutivos hab\u00edan adherido en 2013 al r\u00e9gimen de blanqueo mediante Cedin por dos millones de d\u00f3lares y propusieron una reparaci\u00f3n de $240 millones.<\/strong> Adem\u00e1s, solicitaron la aplicaci\u00f3n retroactiva del r\u00e9gimen de regularizaci\u00f3n tributaria y del decreto 608\/24. El fiscal federal Carlos Gonella se opuso, pero el TOF2 acept\u00f3 inicialmente el pedido.<\/p>\n<div class=\"inter_image image_horizontal\">\n<picture><source class=\"img-responsive\" type=\"image\/webp\" data-srcset=\"https:\/\/filesedc.com\/uploads\/image\/post\/2025\/07\/captura-de-pantalla-2025-07-24-151730_300_200.webp 300w, https:\/\/filesedc.com\/uploads\/image\/post\/2025\/07\/captura-de-pantalla-2025-07-24-151730_630_420.webp 630w, https:\/\/filesedc.com\/uploads\/image\/post\/2025\/07\/captura-de-pantalla-2025-07-24-151730_760_507.webp 760w, https:\/\/filesedc.com\/uploads\/image\/post\/2025\/07\/captura-de-pantalla-2025-07-24-151730_1200_800.webp 1200w, https:\/\/filesedc.com\/uploads\/image\/post\/2025\/07\/captura-de-pantalla-2025-07-24-151730_1600_1067.webp 1600w, \"><img decoding=\"async\" src=\"https:\/\/derechadiario.com.ar\/filesedc\/uploads\/image\/post\/2025\/07\/captura-de-pantalla-2025-07-24-151730_1200_800.webp\" class=\"img-responsive lazyload\" alt=\"Hombre de cabello canoso y barba corta sonriendo mientras se apoya en el respaldo de una silla blanca, vistiendo un su\u00e9ter gris y con fondo gris liso\" title=\"Hombre de cabello canoso y barba corta sonriendo mientras se apoya en el respaldo de una silla blanca, vistiendo un su\u00e9ter gris y con fondo gris liso\"><\/picture>\n<div>\n<span class=\"img_footer\">Sebastian Santiago, due\u00f1o de las helader\u00edas Grido <\/span>| <span class=\"img_author\">La Derecha Diario<\/span>\n<\/div>\n<\/div>\n<h2>El caso vuelve a instancias anteriores<\/h2>\n<p>La resoluci\u00f3n judicial indica que <strong>la causa debe regresar a instancias previas<\/strong>, donde ya se hab\u00edan ofrecido alternativas de resoluci\u00f3n. Desde el entorno de la empresa aclararon que el nuevo fallo \u201cno est\u00e1 firme\u201d y que a\u00fan restan definiciones procesales clave. <strong>La acusaci\u00f3n alcanza exclusivamente a los directivos y no compromete a la compa\u00f1\u00eda.<\/strong><\/p>\n<aside class=\"are-you-interested-container-photo\"><\/aside>\n<p>Las maniobras investigadas incluyen <strong>presuntas irregularidades fiscales en la producci\u00f3n, distribuci\u00f3n y venta de helados e insumos<\/strong>. Seg\u00fan la causa, tambi\u00e9n se habr\u00eda involucrado a terceros y franquiciados en el esquema evasivo. La Justicia sostiene que <strong>existi\u00f3 un plan sistem\u00e1tico para defraudar al fisco durante varios a\u00f1os.<\/strong><\/p>\n<aside class=\"whatsappChannelText\"><a href=\"https:\/\/whatsapp.com\/channel\/0029VagEjILGE56eKjedWF2U\" rel=\"nofollow\" title=\"WhatsApp Link\"><img alt=\"Logo de WhatsApp\" class=\"lazyload\" data-src=\"https:\/\/derechadiario.com.ar\/filesedc\/uploads\/other\/whatsapp_icon_mid_article.png\" width=\"32\" height=\"32\"><\/a> <a href=\"https:\/\/whatsapp.com\/channel\/0029VagEjILGE56eKjedWF2U\" rel=\"nofollow\" title=\"WhatsApp Link\"><strong>NO SE PIERDAN NINGUNA NOTICIA<\/strong>: Click aqu\u00ed para sumarte <strong>GRATIS<\/strong> al canal de noticias de <strong>La Derecha Diario en WhatsApp.<\/strong><\/a><\/aside>\n<p><strong>La C\u00e1mara rechaz\u00f3 extender los beneficios del blanqueo al delito de asociaci\u00f3n il\u00edcita fiscal, como pretend\u00edan los imputados<\/strong>. La defensa intent\u00f3 ampararse en normativas posteriores que habilitan la extinci\u00f3n de la acci\u00f3n penal por delitos tributarios comunes. Sin embargo, la <a href=\"https:\/\/derechadiario.com.ar\/politica\/camara-casacion-confirmo-condena-guillermo-moreno-por-abuso-autoridad\" title=\"La C\u00e1mara de Casaci\u00f3n confirm\u00f3 la condena a Guillermo Moreno por abuso de autoridad\">C\u00e1mara de Casaci\u00f3n Penal<\/a> resolvi\u00f3 que el proceso judicial debe continuar.<\/p>\n","protected":false},"excerpt":{"rendered":"<p>La Sala IV de la C\u00e1mara Federal de Casaci\u00f3n Penal revoc\u00f3 el sobreseimiento de los due\u00f1os de Helacor, la empresa detr\u00e1s de los helados Grido. Orden\u00f3 la realizaci\u00f3n del juicio oral por presunta asociaci\u00f3n il\u00edcita fiscal entre 2007 y 2012. La medida alcanza a Oscar Lucas Santiago, Lucas Santiago y Sebasti\u00e1n Oscar Santiago. En 2023, [&hellip;]<\/p>\n","protected":false},"author":2,"featured_media":12191,"comment_status":"open","ping_status":"open","sticky":false,"template":"","format":"standard","meta":{"_et_pb_use_builder":"","_et_pb_old_content":"","_et_gb_content_width":"","footnotes":""},"categories":[84],"tags":[],"class_list":["post-12190","post","type-post","status-publish","format-standard","has-post-thumbnail","hentry","category-ultimomomento"],"_links":{"self":[{"href":"https:\/\/verdadincomodadiario.ar\/index.php?rest_route=\/wp\/v2\/posts\/12190","targetHints":{"allow":["GET"]}}],"collection":[{"href":"https:\/\/verdadincomodadiario.ar\/index.php?rest_route=\/wp\/v2\/posts"}],"about":[{"href":"https:\/\/verdadincomodadiario.ar\/index.php?rest_route=\/wp\/v2\/types\/post"}],"author":[{"embeddable":true,"href":"https:\/\/verdadincomodadiario.ar\/index.php?rest_route=\/wp\/v2\/users\/2"}],"replies":[{"embeddable":true,"href":"https:\/\/verdadincomodadiario.ar\/index.php?rest_route=%2Fwp%2Fv2%2Fcomments&post=12190"}],"version-history":[{"count":0,"href":"https:\/\/verdadincomodadiario.ar\/index.php?rest_route=\/wp\/v2\/posts\/12190\/revisions"}],"wp:featuredmedia":[{"embeddable":true,"href":"https:\/\/verdadincomodadiario.ar\/index.php?rest_route=\/wp\/v2\/media\/12191"}],"wp:attachment":[{"href":"https:\/\/verdadincomodadiario.ar\/index.php?rest_route=%2Fwp%2Fv2%2Fmedia&parent=12190"}],"wp:term":[{"taxonomy":"category","embeddable":true,"href":"https:\/\/verdadincomodadiario.ar\/index.php?rest_route=%2Fwp%2Fv2%2Fcategories&post=12190"},{"taxonomy":"post_tag","embeddable":true,"href":"https:\/\/verdadincomodadiario.ar\/index.php?rest_route=%2Fwp%2Fv2%2Ftags&post=12190"}],"curies":[{"name":"wp","href":"https:\/\/api.w.org\/{rel}","templated":true}]}}