{"id":12188,"date":"2025-07-24T19:24:39","date_gmt":"2025-07-24T19:24:39","guid":{"rendered":"https:\/\/verdadincomodadiario.ar\/?p=12188"},"modified":"2025-07-24T19:24:39","modified_gmt":"2025-07-24T19:24:39","slug":"el-antisemita-britanico-jeremy-corbyn-fundo-un-partido-con-agenda-anti-israel","status":"publish","type":"post","link":"https:\/\/verdadincomodadiario.ar\/?p=12188","title":{"rendered":"El antisemita brit\u00e1nico Jeremy Corbyn fund\u00f3 un partido con agenda anti-Israel"},"content":{"rendered":"<p><strong>El antisemita y exl\u00edder del Partido Laborista brit\u00e1nico, Jeremy Corbyn<\/strong>, anunci\u00f3 la creaci\u00f3n de una nueva formaci\u00f3n pol\u00edtica junto con la exdiputada laborista Zarah Sultana.<\/p>\n<p>La nueva organizaci\u00f3n de ultraizquierda, que llevar\u00e1 por nombre <strong>Your Party<\/strong>, tendr\u00e1 entre sus principales banderas una firme <strong><a href=\"https:\/\/derechadiario.com.ar\/israel\/politica\/escandalo-espana-expulsan-52-ninos-judios-vuelo-solo-por-cantar-hebreo\" title=\"Esc\u00e1ndalo en Espa\u00f1a: expulsan a 52 ni\u00f1os jud\u00edos de un vuelo s\u00f3lo por cantar en hebreo\">oposici\u00f3n a Israel<\/a> y el respaldo a la causa palestina<\/strong>.<\/p>\n<p>\u201cEs hora de un nuevo tipo de partido pol\u00edtico. Uno que est\u00e9 enraizado en nuestras comunidades, sindicatos y movimientos sociales\u201d, afirmaron Corbyn y Sultana en un comunicado conjunto.<\/p>\n<p><strong>Los fundadores de Your Party adelantaron que exigir\u00e1n \u201cel fin de todas las ventas de armas a Israel\u201d y reafirmaron su apoyo a una <a href=\"https:\/\/derechadiario.com.ar\/israel\/politica\/se-cae-mito-hay-toneladas-alimento-gaza-onu-impide-distribucion\" title=\"Se cae el mito: hay toneladas de alimento en Gaza, pero la ONU impide la distribuci\u00f3n\">\u201cPalestina libre e independiente\u201d<\/a><\/strong>.<\/p>\n<div class=\"inter_image image_vertical\">\n<picture><source class=\"img-responsive\" type=\"image\/webp\" data-srcset=\"https:\/\/filesedc.com\/uploads\/image\/post\/2025\/07\/zarahsultana_300_400.webp 300w, https:\/\/filesedc.com\/uploads\/image\/post\/2025\/07\/zarahsultana_630_840.webp 630w, https:\/\/filesedc.com\/uploads\/image\/post\/2025\/07\/zarahsultana_760_1013.webp 760w, https:\/\/filesedc.com\/uploads\/image\/post\/2025\/07\/zarahsultana_1200_1600.webp 1200w, https:\/\/filesedc.com\/uploads\/image\/post\/2025\/07\/zarahsultana_1600_2133.webp 1600w, \"><img decoding=\"async\" src=\"https:\/\/derechadiario.com.ar\/filesedc\/uploads\/image\/post\/2025\/07\/zarahsultana_1200_1600.webp\" class=\"img-responsive lazyload\" alt=\"Mujer de cabello oscuro hablando en un micr\u00f3fono durante un evento p\u00fablico\" title=\"Mujer de cabello oscuro hablando en un micr\u00f3fono durante un evento p\u00fablico\"><\/picture>\n<div>\n<span class=\"img_footer\">La pol\u00edtica antisemita Zarah Sultana <\/span>| <span class=\"img_author\">La Derecha Diario<\/span>\n<\/div>\n<\/div>\n<p>Su plataforma pol\u00edtica tambi\u00e9n incluir\u00e1 propuestas para una <strong>\u201credistribuci\u00f3n masiva de la riqueza y el poder\u201d<\/strong> en el Reino Unido.<\/p>\n<p>Corbyn, de 76 a\u00f1os, encabez\u00f3 el Partido Laborista entre 2015 y 2020, pero su liderazgo estuvo marcado por fuertes controversias, particularmente por <strong>acusaciones de antisemitismo dentro de las filas del partido<\/strong>.<\/p>\n<p><strong>En 2020, Corbyn fue suspendido por el Partido Laborista<\/strong>\u00a0 luego de rechazar las conclusiones de un informe del organismo de derechos humanos del Reino Unido (EHRC), que denunci\u00f3 <strong>un aumento significativo del antisemitismo durante su mandato<\/strong>. Corbyn asegur\u00f3 entonces que el problema hab\u00eda sido \u201cexagerado de forma dram\u00e1tica por razones pol\u00edticas\u201d.<\/p>\n<p>Las cr\u00edticas contra Corbyn tambi\u00e9n se intensificaron por sus <strong>supuestos v\u00ednculos con organizaciones como Hezbol\u00e1 y Ham\u00e1s<\/strong>, lo que debilit\u00f3 su imagen p\u00fablica y contribuy\u00f3 a su derrota en las elecciones generales de 2017 y 2019.<\/p>\n<p>Por su parte, <strong>Zarah Sultana, conocida por su activismo pro-palestino<\/strong>\u00a0 y su oposici\u00f3n frontal a la pol\u00edtica exterior brit\u00e1nica en Medio Oriente, fue suspendida del Partido Laborista por sus <strong>declaraciones cr\u00edticas hacia Israel<\/strong>. Dej\u00f3 definitivamente el partido a inicios de este mes, pero mantiene su esca\u00f1o en el Parlamento brit\u00e1nico, al igual que Corbyn.<\/p>\n<p>Your Party aspira a convertirse en una <strong>alternativa de ultraizquierda<\/strong>\u00a0 a las principales fuerzas pol\u00edticas del Reino Unido, con un discurso basado en el rechazo al establishment pol\u00edtico y en la defensa de las clases trabajadoras.<\/p>\n<p><strong>Una l\u00e1stima que en el Reino Unido todav\u00eda haya espacio para los antisemitas.<\/strong><\/p>\n","protected":false},"excerpt":{"rendered":"<p>El antisemita y exl\u00edder del Partido Laborista brit\u00e1nico, Jeremy Corbyn, anunci\u00f3 la creaci\u00f3n de una nueva formaci\u00f3n pol\u00edtica junto con la exdiputada laborista Zarah Sultana. La nueva organizaci\u00f3n de ultraizquierda, que llevar\u00e1 por nombre Your Party, tendr\u00e1 entre sus principales banderas una firme oposici\u00f3n a Israel y el respaldo a la causa palestina. \u201cEs hora [&hellip;]<\/p>\n","protected":false},"author":2,"featured_media":12189,"comment_status":"open","ping_status":"open","sticky":false,"template":"","format":"standard","meta":{"_et_pb_use_builder":"","_et_pb_old_content":"","_et_gb_content_width":"","footnotes":""},"categories":[84],"tags":[],"class_list":["post-12188","post","type-post","status-publish","format-standard","has-post-thumbnail","hentry","category-ultimomomento"],"_links":{"self":[{"href":"https:\/\/verdadincomodadiario.ar\/index.php?rest_route=\/wp\/v2\/posts\/12188","targetHints":{"allow":["GET"]}}],"collection":[{"href":"https:\/\/verdadincomodadiario.ar\/index.php?rest_route=\/wp\/v2\/posts"}],"about":[{"href":"https:\/\/verdadincomodadiario.ar\/index.php?rest_route=\/wp\/v2\/types\/post"}],"author":[{"embeddable":true,"href":"https:\/\/verdadincomodadiario.ar\/index.php?rest_route=\/wp\/v2\/users\/2"}],"replies":[{"embeddable":true,"href":"https:\/\/verdadincomodadiario.ar\/index.php?rest_route=%2Fwp%2Fv2%2Fcomments&post=12188"}],"version-history":[{"count":0,"href":"https:\/\/verdadincomodadiario.ar\/index.php?rest_route=\/wp\/v2\/posts\/12188\/revisions"}],"wp:featuredmedia":[{"embeddable":true,"href":"https:\/\/verdadincomodadiario.ar\/index.php?rest_route=\/wp\/v2\/media\/12189"}],"wp:attachment":[{"href":"https:\/\/verdadincomodadiario.ar\/index.php?rest_route=%2Fwp%2Fv2%2Fmedia&parent=12188"}],"wp:term":[{"taxonomy":"category","embeddable":true,"href":"https:\/\/verdadincomodadiario.ar\/index.php?rest_route=%2Fwp%2Fv2%2Fcategories&post=12188"},{"taxonomy":"post_tag","embeddable":true,"href":"https:\/\/verdadincomodadiario.ar\/index.php?rest_route=%2Fwp%2Fv2%2Ftags&post=12188"}],"curies":[{"name":"wp","href":"https:\/\/api.w.org\/{rel}","templated":true}]}}