{"id":12162,"date":"2025-07-24T16:26:31","date_gmt":"2025-07-24T16:26:31","guid":{"rendered":"https:\/\/verdadincomodadiario.ar\/?p=12162"},"modified":"2025-07-24T16:26:31","modified_gmt":"2025-07-24T16:26:31","slug":"atentado-en-kfar-yona-hay-8-heridos-tras-ser-atropellados-por-un-terrorista","status":"publish","type":"post","link":"https:\/\/verdadincomodadiario.ar\/?p=12162","title":{"rendered":"Atentado en Kfar Yona: hay 8 heridos tras ser atropellados por un terrorista"},"content":{"rendered":"<p>La Polic\u00eda de Israel <strong>arrest\u00f3 a un sospechoso de colaborar con el ataque terrorista<\/strong>\u00a0 perpetrado este jueves cerca de Kfar Yona, donde <strong>ocho soldados de las FDI resultaron heridos<\/strong>\u00a0 tras ser embestidos por un veh\u00edculo en una parada de autob\u00fas.<\/p>\n<p>El ataque, <strong>calificado como <a href=\"https:\/\/derechadiario.com.ar\/israel\/politica\/detienen-desquiciada-centro-israel-por-planear-asesinar-netanyahu\" title=\"Detienen a una desquiciada en el centro de Israel por planear asesinar a Netanyahu\">\u201cintencional\u201d<\/a> por las autoridades<\/strong>, provoc\u00f3 un amplio despliegue de fuerzas de seguridad en la zona.<\/p>\n<p>El atentado ocurri\u00f3 en horas de la tarde, cuando <strong>un veh\u00edculo se lanz\u00f3 a gran velocidad contra los soldados que esperaban en una parada de autob\u00fas<\/strong>.<\/p>\n<p>\u201cVi la parada destrozada, vidrios rotos y ocho personas heridas. Tres de ellos fueron arrojados unos 15 metros hacia el campo detr\u00e1s de la parada. Todos estaban conscientes y nos dijeron que el auto apareci\u00f3 de repente, los golpe\u00f3 y huy\u00f3\u201d, relat\u00f3 Idan Shina, param\u00e9dico en motocicleta de Magen David Adom (MDA).<\/p>\n<div class=\"inter_image image_horizontal\">\n<picture><source class=\"img-responsive\" type=\"image\/webp\" data-srcset=\"https:\/\/filesedc.com\/uploads\/image\/post\/2025\/07\/ataque1_300_200.webp 300w, https:\/\/filesedc.com\/uploads\/image\/post\/2025\/07\/ataque1_630_420.webp 630w, https:\/\/filesedc.com\/uploads\/image\/post\/2025\/07\/ataque1_760_507.webp 760w, https:\/\/filesedc.com\/uploads\/image\/post\/2025\/07\/ataque1_1200_800.webp 1200w, https:\/\/filesedc.com\/uploads\/image\/post\/2025\/07\/ataque1_1600_1067.webp 1600w, \"><img decoding=\"async\" src=\"https:\/\/derechadiario.com.ar\/filesedc\/uploads\/image\/post\/2025\/07\/ataque1_1200_800.webp\" class=\"img-responsive lazyload\" alt=\"Ambulancia amarilla detenida en una carretera junto a varios autos, un param\u00e9dico de pie junto a la puerta trasera abierta y una bandera de Estados Unidos en el veh\u00edculo de emergencia.\" title=\"Ambulancia amarilla detenida en una carretera junto a varios autos, un param\u00e9dico de pie junto a la puerta trasera abierta y una bandera de Estados Unidos en el veh\u00edculo de emergencia.\"><\/picture>\n<div>\n<span class=\"img_footer\">Im\u00e1genes del ataque terrorista en Kfar Yona <\/span>| <span class=\"img_author\">La Derecha Diario<\/span>\n<\/div>\n<\/div>\n<p>Los equipos de emergencia realizaron el triaje inicial con ayuda de transe\u00fantes guiados por tel\u00e9fono por el centro de mando del MDA.<\/p>\n<p><strong>Dos j\u00f3venes de unos 20 a\u00f1os fueron atendidos en el lugar con lesiones de t\u00f3rax y extremidades de car\u00e1cter moderado. Otros tres heridos est\u00e1n en condici\u00f3n leve a moderada, y tres m\u00e1s en estado leve<\/strong>.<\/p>\n<p>Los heridos fueron trasladados a varios hospitales de la regi\u00f3n: el Centro M\u00e9dico Laniado en Netanya, el Centro M\u00e9dico Meir en Kfar Saba y el Centro M\u00e9dico Hillel Yaffe en Hadera. Las familias de todos los soldados fueron notificadas.<\/p>\n<p><strong>La Polic\u00eda contin\u00faa la b\u00fasqueda del terrorista<\/strong>, desplegando unidades especiales, drones, helic\u00f3pteros, patrullas motorizadas y equipos caninos en un radio que abarca \u00e1reas abiertas y rutas de escape.<\/p>\n<p>Expertos en desactivaci\u00f3n de explosivos y unidades de identificaci\u00f3n criminal examinan el autom\u00f3vil para recolectar evidencias.<\/p>\n<p>El comisionado de la Polic\u00eda y el jefe de Operaciones Centrales realizaron una evaluaci\u00f3n de la situaci\u00f3n en el lugar del ataque. Adem\u00e1s,\u00a0<strong>el Comando Central orden\u00f3 elevar el nivel de alerta en todas las unidades de respuesta r\u00e1pida de las comunidades cercanas<\/strong>.<\/p>\n<p>El atentado ocurre en un <a href=\"https:\/\/derechadiario.com.ar\/israel\/politica\/escandalo-espana-expulsan-52-ninos-judios-vuelo-solo-por-cantar-hebreo\" title=\"Esc\u00e1ndalo en Espa\u00f1a: expulsan a 52 ni\u00f1os jud\u00edos de un vuelo s\u00f3lo por cantar en hebreo\">momento de elevada tensi\u00f3n<\/a> en Israel, con un incremento en los intentos de ataques de atropello, una t\u00e1ctica utilizada en el pasado por terroristas palestinos en zonas concurridas.<\/p>\n<p><strong>La investigaci\u00f3n contin\u00faa y no se descartan m\u00e1s arrestos en relaci\u00f3n con el ataque.<\/strong><\/p>\n","protected":false},"excerpt":{"rendered":"<p>La Polic\u00eda de Israel arrest\u00f3 a un sospechoso de colaborar con el ataque terrorista\u00a0 perpetrado este jueves cerca de Kfar Yona, donde ocho soldados de las FDI resultaron heridos\u00a0 tras ser embestidos por un veh\u00edculo en una parada de autob\u00fas. El ataque, calificado como \u201cintencional\u201d por las autoridades, provoc\u00f3 un amplio despliegue de fuerzas de [&hellip;]<\/p>\n","protected":false},"author":2,"featured_media":12163,"comment_status":"open","ping_status":"open","sticky":false,"template":"","format":"standard","meta":{"_et_pb_use_builder":"","_et_pb_old_content":"","_et_gb_content_width":"","footnotes":""},"categories":[84],"tags":[],"class_list":["post-12162","post","type-post","status-publish","format-standard","has-post-thumbnail","hentry","category-ultimomomento"],"_links":{"self":[{"href":"https:\/\/verdadincomodadiario.ar\/index.php?rest_route=\/wp\/v2\/posts\/12162","targetHints":{"allow":["GET"]}}],"collection":[{"href":"https:\/\/verdadincomodadiario.ar\/index.php?rest_route=\/wp\/v2\/posts"}],"about":[{"href":"https:\/\/verdadincomodadiario.ar\/index.php?rest_route=\/wp\/v2\/types\/post"}],"author":[{"embeddable":true,"href":"https:\/\/verdadincomodadiario.ar\/index.php?rest_route=\/wp\/v2\/users\/2"}],"replies":[{"embeddable":true,"href":"https:\/\/verdadincomodadiario.ar\/index.php?rest_route=%2Fwp%2Fv2%2Fcomments&post=12162"}],"version-history":[{"count":0,"href":"https:\/\/verdadincomodadiario.ar\/index.php?rest_route=\/wp\/v2\/posts\/12162\/revisions"}],"wp:featuredmedia":[{"embeddable":true,"href":"https:\/\/verdadincomodadiario.ar\/index.php?rest_route=\/wp\/v2\/media\/12163"}],"wp:attachment":[{"href":"https:\/\/verdadincomodadiario.ar\/index.php?rest_route=%2Fwp%2Fv2%2Fmedia&parent=12162"}],"wp:term":[{"taxonomy":"category","embeddable":true,"href":"https:\/\/verdadincomodadiario.ar\/index.php?rest_route=%2Fwp%2Fv2%2Fcategories&post=12162"},{"taxonomy":"post_tag","embeddable":true,"href":"https:\/\/verdadincomodadiario.ar\/index.php?rest_route=%2Fwp%2Fv2%2Ftags&post=12162"}],"curies":[{"name":"wp","href":"https:\/\/api.w.org\/{rel}","templated":true}]}}