{"id":12142,"date":"2025-07-24T14:33:21","date_gmt":"2025-07-24T14:33:21","guid":{"rendered":"https:\/\/verdadincomodadiario.ar\/?p=12142"},"modified":"2025-07-24T14:33:21","modified_gmt":"2025-07-24T14:33:21","slug":"escandalo-en-espana-expulsan-a-52-ninos-judios-de-un-vuelo-solo-por-cantar-en-hebreo","status":"publish","type":"post","link":"https:\/\/verdadincomodadiario.ar\/?p=12142","title":{"rendered":"Esc\u00e1ndalo en Espa\u00f1a: expulsan a 52 ni\u00f1os jud\u00edos de un vuelo s\u00f3lo por cantar en hebreo"},"content":{"rendered":"<p>Un grupo de m\u00e1s de <strong>50 j\u00f3venes jud\u00edos franceses fue expulsado el mi\u00e9rcoles de un vuelo de la aerol\u00ednea Vueling<\/strong>\u00a0 en Valencia, Espa\u00f1a, <strong>tras supuestamente haber cantado en hebreo<\/strong>.<\/p>\n<p><strong>La compa\u00f1\u00eda justific\u00f3 la medida<\/strong>\u00a0 alegando que los adolescentes mostraron un \u201ccomportamiento disruptivo\u201d y manipularon \u201cequipos de emergencia\u201d, mientras que l\u00edderes comunitarios y <strong>autoridades israel\u00edes denunciaron el incidente como un <a href=\"https:\/\/derechadiario.com.ar\/israel\/politica\/universidad-columbia-sanciona-estudiantes-antisemitas\" title=\"La universidad de Columbia sanciona a estudiantes antisemitas\">grave acto de antisemitismo<\/a><\/strong>.<\/p>\n<p><strong>El ministro israel\u00ed de Asuntos de la Di\u00e1spora y Combate al Antisemitismo, Amichai Chikli, calific\u00f3 el hecho como \u201cuno de los incidentes antisemitas m\u00e1s graves de los \u00faltimos tiempos\u201d<\/strong>.<\/p>\n<p>Sus declaraciones se produjeron tras la difusi\u00f3n de un video donde se ve a una joven \u2014identificada por Chikli como una instructora del Kineret Club, una colonia de vacaciones para familias jud\u00edas\u2014 <strong>tendida en el suelo de un pasillo de embarque mientras es esposada por agentes de polic\u00eda espa\u00f1oles<\/strong>.<\/p>\n<div class=\"inter_image image_vertical\">\n<picture><source class=\"img-responsive\" type=\"image\/webp\" data-srcset=\"https:\/\/filesedc.com\/uploads\/image\/post\/2025\/07\/cartavueling_300_400.webp 300w, https:\/\/filesedc.com\/uploads\/image\/post\/2025\/07\/cartavueling_630_840.webp 630w, https:\/\/filesedc.com\/uploads\/image\/post\/2025\/07\/cartavueling_760_1013.webp 760w, https:\/\/filesedc.com\/uploads\/image\/post\/2025\/07\/cartavueling_1200_1600.webp 1200w, https:\/\/filesedc.com\/uploads\/image\/post\/2025\/07\/cartavueling_1600_2133.webp 1600w, \"><img decoding=\"async\" src=\"https:\/\/derechadiario.com.ar\/filesedc\/uploads\/image\/post\/2025\/07\/cartavueling_1200_1600.webp\" class=\"img-responsive lazyload\" alt=\"Comunicado oficial de una aerol\u00ednea informando sobre el desembarque de un grupo de pasajeros adolescentes por comportamiento conflictivo durante un vuelo de Valencia a Par\u00eds, detallando las razones de seguridad, la intervenci\u00f3n de la Guardia Civil y negando cualquier discriminaci\u00f3n, adem\u00e1s de lamentar los inconvenientes causados a los dem\u00e1s pasajeros.\" title=\"Comunicado oficial de una aerol\u00ednea informando sobre el desembarque de un grupo de pasajeros adolescentes por comportamiento conflictivo durante un vuelo de Valencia a Par\u00eds, detallando las razones de seguridad, la intervenci\u00f3n de la Guardia Civil y negando cualquier discriminaci\u00f3n, adem\u00e1s de lamentar los inconvenientes causados a los dem\u00e1s pasajeros.\"><\/picture>\n<div>\n<span class=\"img_footer\">Las &#8220;explicaciones&#8221; de Vueling <\/span>| <span class=\"img_author\">La Derecha Diario<\/span>\n<\/div>\n<\/div>\n<p>La pol\u00e9mica comenz\u00f3 cuando los <strong>adolescentes, de entre 13 y 15 a\u00f1os<\/strong>, entonaron canciones en hebreo durante el embarque.<\/p>\n<p>Seg\u00fan relat\u00f3 Karine Lamy, madre de uno de los participantes, la tripulaci\u00f3n les pidi\u00f3 detenerse bajo amenaza de llamar a la polic\u00eda. Aunque <strong>los j\u00f3venes acataron la orden, la instructora fue arrestada y el grupo obligado a abandonar la aeronave<\/strong>.<\/p>\n<p>Varias horas despu\u00e9s, algunos de ellos a\u00fan segu\u00edan en el aeropuerto de Valencia, esperando ser reubicados en otro vuelo hacia Francia.<\/p>\n<p><strong>La aerol\u00ednea public\u00f3 un comunicado en X (antes Twitter) defendiendo su proceder<\/strong>: \u201cLos pasajeros fueron desembarcados debido a un comportamiento altamente disruptivo, incluyendo la manipulaci\u00f3n de equipos de emergencia. La seguridad de todos los pasajeros es nuestra prioridad absoluta. Rechazamos categ\u00f3ricamente cualquier forma de discriminaci\u00f3n.\u201d No obstante, Vueling no abord\u00f3 directamente la acusaci\u00f3n de que el conflicto comenz\u00f3 por el canto en hebreo.<\/p>\n<p>Para Sacha Roytman, director ejecutivo del Combat Antisemitism Movement (CAM), la explicaci\u00f3n de la compa\u00f1\u00eda es insuficiente: <strong>\u201cEs indignante que cantar en hebreo por parte de adolescentes sea motivo para expulsarlos de un vuelo, con violencia y hostilidad desmedida, simplemente por ser jud\u00edos e israel\u00edes<\/strong>.\u201d<\/p>\n<p>Caroline Yadan, diputada francesa que representa a los ciudadanos de su pa\u00eds en Israel y otros pa\u00edses mediterr\u00e1neos, exigi\u00f3 que Vueling responda ante la justicia si se confirma la versi\u00f3n de los pasajeros. <strong>\u201cLo sucedido es extremadamente grave\u201d<\/strong>, escribi\u00f3 en sus redes sociales.<\/p>\n<p>Algunos medios reportaron que la instructora fue detenida tras negarse a entregar los tel\u00e9fonos m\u00f3viles de los j\u00f3venes a la polic\u00eda. Este detalle, de confirmarse, podr\u00eda a\u00f1adir un componente de <strong>abuso de autoridad a la ya pol\u00e9mica actuaci\u00f3n<\/strong>.<\/p>\n<p>El incidente se produce en un <a href=\"https:\/\/derechadiario.com.ar\/israel\/politica\/universidad-kentucky-suspendio-profesor-por-expresiones-antisemitas\" title=\"La universidad de Kentucky suspendi\u00f3 a un profesor por expresiones antisemitas\">contexto preocupante<\/a> para la comunidad jud\u00eda en Espa\u00f1a y el resto de Europa.<\/p>\n","protected":false},"excerpt":{"rendered":"<p>Un grupo de m\u00e1s de 50 j\u00f3venes jud\u00edos franceses fue expulsado el mi\u00e9rcoles de un vuelo de la aerol\u00ednea Vueling\u00a0 en Valencia, Espa\u00f1a, tras supuestamente haber cantado en hebreo. La compa\u00f1\u00eda justific\u00f3 la medida\u00a0 alegando que los adolescentes mostraron un \u201ccomportamiento disruptivo\u201d y manipularon \u201cequipos de emergencia\u201d, mientras que l\u00edderes comunitarios y autoridades israel\u00edes denunciaron [&hellip;]<\/p>\n","protected":false},"author":2,"featured_media":12143,"comment_status":"open","ping_status":"open","sticky":false,"template":"","format":"standard","meta":{"_et_pb_use_builder":"","_et_pb_old_content":"","_et_gb_content_width":"","footnotes":""},"categories":[84],"tags":[],"class_list":["post-12142","post","type-post","status-publish","format-standard","has-post-thumbnail","hentry","category-ultimomomento"],"_links":{"self":[{"href":"https:\/\/verdadincomodadiario.ar\/index.php?rest_route=\/wp\/v2\/posts\/12142","targetHints":{"allow":["GET"]}}],"collection":[{"href":"https:\/\/verdadincomodadiario.ar\/index.php?rest_route=\/wp\/v2\/posts"}],"about":[{"href":"https:\/\/verdadincomodadiario.ar\/index.php?rest_route=\/wp\/v2\/types\/post"}],"author":[{"embeddable":true,"href":"https:\/\/verdadincomodadiario.ar\/index.php?rest_route=\/wp\/v2\/users\/2"}],"replies":[{"embeddable":true,"href":"https:\/\/verdadincomodadiario.ar\/index.php?rest_route=%2Fwp%2Fv2%2Fcomments&post=12142"}],"version-history":[{"count":0,"href":"https:\/\/verdadincomodadiario.ar\/index.php?rest_route=\/wp\/v2\/posts\/12142\/revisions"}],"wp:featuredmedia":[{"embeddable":true,"href":"https:\/\/verdadincomodadiario.ar\/index.php?rest_route=\/wp\/v2\/media\/12143"}],"wp:attachment":[{"href":"https:\/\/verdadincomodadiario.ar\/index.php?rest_route=%2Fwp%2Fv2%2Fmedia&parent=12142"}],"wp:term":[{"taxonomy":"category","embeddable":true,"href":"https:\/\/verdadincomodadiario.ar\/index.php?rest_route=%2Fwp%2Fv2%2Fcategories&post=12142"},{"taxonomy":"post_tag","embeddable":true,"href":"https:\/\/verdadincomodadiario.ar\/index.php?rest_route=%2Fwp%2Fv2%2Ftags&post=12142"}],"curies":[{"name":"wp","href":"https:\/\/api.w.org\/{rel}","templated":true}]}}