{"id":12082,"date":"2025-07-23T22:24:39","date_gmt":"2025-07-23T22:24:39","guid":{"rendered":"https:\/\/verdadincomodadiario.ar\/?p=12082"},"modified":"2025-07-23T22:24:39","modified_gmt":"2025-07-23T22:24:39","slug":"recordando-a-ozzy-el-padre-del-metal-que-lucho-contra-el-antisemitismo","status":"publish","type":"post","link":"https:\/\/verdadincomodadiario.ar\/?p=12082","title":{"rendered":"Recordando a Ozzy: el padre del metal que luch\u00f3 contra el antisemitismo"},"content":{"rendered":"<p><strong>Ozzy Osbourne, \u00edcono del rock y fundador de la legendaria banda Black Sabbath, falleci\u00f3 el martes dejando una huella indeleble en la historia de la m\u00fasica<\/strong>. Pero detr\u00e1s del show, los riffs electrizantes y su apodo de \u201cPr\u00edncipe de las Tinieblas\u201d, se escond\u00eda un hombre que <strong>no dud\u00f3 en alzar la voz en defensa de los jud\u00edos<\/strong>\u00a0 en tiempos de creciente hostilidad.<\/p>\n<p>Aunque fue criado en la Iglesia de Inglaterra, <strong>su vida dio un giro significativo al casarse con Sharon Osbourne, hija del promotor musical jud\u00edo Don Arden<\/strong>.<\/p>\n<p>Sharon revel\u00f3 que <strong>la empat\u00eda de Ozzy por el pueblo jud\u00edo creci\u00f3 con los a\u00f1os<\/strong>\u00a0 y que se mostraba consternado ante el recrudecimiento del antisemitismo a nivel mundial.<\/p>\n<p><strong>\u201cOzzy est\u00e1 totalmente desconcertado y no para de preguntarme por qu\u00e9 hay tanto odio contra los jud\u00edos\u201d, dijo Sharon en diciembre de 2023. \u201c\u00bfQu\u00e9 puedo responderle?\u201d<\/strong><\/p>\n<div class=\"inter_image image_vertical\">\n<picture><source class=\"img-responsive\" type=\"image\/webp\" data-srcset=\"https:\/\/filesedc.com\/uploads\/image\/post\/2025\/07\/ozzyjerusalem_300_400.webp 300w, https:\/\/filesedc.com\/uploads\/image\/post\/2025\/07\/ozzyjerusalem_630_840.webp 630w, https:\/\/filesedc.com\/uploads\/image\/post\/2025\/07\/ozzyjerusalem_760_1013.webp 760w, https:\/\/filesedc.com\/uploads\/image\/post\/2025\/07\/ozzyjerusalem_1200_1600.webp 1200w, https:\/\/filesedc.com\/uploads\/image\/post\/2025\/07\/ozzyjerusalem_1600_2133.webp 1600w, \"><img decoding=\"async\" src=\"https:\/\/derechadiario.com.ar\/filesedc\/uploads\/image\/post\/2025\/07\/ozzyjerusalem_1200_1600.webp\" class=\"img-responsive lazyload\" alt=\"Dos personas sonr\u00eden y posan juntas en una calle arbolada con una torre de piedra al fondo\" title=\"Dos personas sonr\u00eden y posan juntas en una calle arbolada con una torre de piedra al fondo\"><\/picture>\n<div>\n<span class=\"img_footer\">Ozzy y su esposa Sharon de visita en Jerusal\u00e9n <\/span>| <span class=\"img_author\">La Derecha Diario<\/span>\n<\/div>\n<\/div>\n<p>La solidaridad de Osbourne no se qued\u00f3 en lo privado.<\/p>\n<p>En 2024, se uni\u00f3 a m\u00e1s de 200 figuras del mundo del espect\u00e1culo y los negocios en la firma de <strong>una carta que exig\u00eda una investigaci\u00f3n sobre el sesgo sistem\u00e1tico contra Israel en la BBC<\/strong>.<\/p>\n<p>Fue un gesto que muchos consideraron valiente, especialmente en una industria donde el apoyo a Israel suele ser silenciado o castigado.<\/p>\n<p>Pero quiz\u00e1s su acto m\u00e1s resonante se produjo un a\u00f1o antes, cuando <strong>neg\u00f3 al rapero Kanye West (Ye) el uso de un sample de su m\u00fasica<\/strong>. En una publicaci\u00f3n en redes sociales, Ozzy fue categ\u00f3rico: <strong>\u201cRechac\u00e9 su solicitud porque es un antisemita. No quiero tener ninguna asociaci\u00f3n con ese hombre\u201d<\/strong>.<\/p>\n<p>Osbourne visit\u00f3 Israel en dos ocasiones, ambas veces para ofrecer conciertos que terminaron siendo hist\u00f3ricos.<\/p>\n<p>El 29 de septiembre de 2010 encabez\u00f3 el Ozzfest en el Parque Hayarkon de Tel Aviv ante miles de fan\u00e1ticos. Durante esa visita, \u00e9l y Sharon <strong>recorrieron la Ciudad Vieja de Jerusal\u00e9n, el Muro de los Lamentos y el Museo del Holocausto Yad Vashem<\/strong>.<\/p>\n<p>Ocho a\u00f1os m\u00e1s tarde, regres\u00f3 como parte de su gira de despedida No More Tours 2, con una actuaci\u00f3n en Rishon LeZion el 8 de julio de 2018.<\/p>\n<p>Su presencia fue recibida con entusiasmo tanto por los fans como por los medios locales, que <strong>destacaron la importancia de figuras internacionales que no temen actuar en Israel pese a la presi\u00f3n del movimiento BDS<\/strong>.<\/p>\n<p>Sharon Osbourne, cuya herencia jud\u00eda fue una constante en su vida familiar, ha sido expl\u00edcita en su conexi\u00f3n espiritual: \u201cEl juda\u00edsmo es la \u00fanica religi\u00f3n que tengo, y la \u00fanica con la que me siento c\u00f3moda\u201d, declar\u00f3 en enero de 2024.<\/p>\n<p>Con ella, Ozzy form\u00f3 una familia que muchos consideran un s\u00edmbolo de diversidad y apertura cultural.<\/p>\n<p>Sus tres hijos \u2014Jack, Kelly y Aimee\u2014 crecieron en un entorno impregnado de tradiciones jud\u00edas y sensibilidad interreligiosa.<\/p>\n","protected":false},"excerpt":{"rendered":"<p>Ozzy Osbourne, \u00edcono del rock y fundador de la legendaria banda Black Sabbath, falleci\u00f3 el martes dejando una huella indeleble en la historia de la m\u00fasica. Pero detr\u00e1s del show, los riffs electrizantes y su apodo de \u201cPr\u00edncipe de las Tinieblas\u201d, se escond\u00eda un hombre que no dud\u00f3 en alzar la voz en defensa de [&hellip;]<\/p>\n","protected":false},"author":2,"featured_media":12083,"comment_status":"open","ping_status":"open","sticky":false,"template":"","format":"standard","meta":{"_et_pb_use_builder":"","_et_pb_old_content":"","_et_gb_content_width":"","footnotes":""},"categories":[84],"tags":[],"class_list":["post-12082","post","type-post","status-publish","format-standard","has-post-thumbnail","hentry","category-ultimomomento"],"_links":{"self":[{"href":"https:\/\/verdadincomodadiario.ar\/index.php?rest_route=\/wp\/v2\/posts\/12082","targetHints":{"allow":["GET"]}}],"collection":[{"href":"https:\/\/verdadincomodadiario.ar\/index.php?rest_route=\/wp\/v2\/posts"}],"about":[{"href":"https:\/\/verdadincomodadiario.ar\/index.php?rest_route=\/wp\/v2\/types\/post"}],"author":[{"embeddable":true,"href":"https:\/\/verdadincomodadiario.ar\/index.php?rest_route=\/wp\/v2\/users\/2"}],"replies":[{"embeddable":true,"href":"https:\/\/verdadincomodadiario.ar\/index.php?rest_route=%2Fwp%2Fv2%2Fcomments&post=12082"}],"version-history":[{"count":0,"href":"https:\/\/verdadincomodadiario.ar\/index.php?rest_route=\/wp\/v2\/posts\/12082\/revisions"}],"wp:featuredmedia":[{"embeddable":true,"href":"https:\/\/verdadincomodadiario.ar\/index.php?rest_route=\/wp\/v2\/media\/12083"}],"wp:attachment":[{"href":"https:\/\/verdadincomodadiario.ar\/index.php?rest_route=%2Fwp%2Fv2%2Fmedia&parent=12082"}],"wp:term":[{"taxonomy":"category","embeddable":true,"href":"https:\/\/verdadincomodadiario.ar\/index.php?rest_route=%2Fwp%2Fv2%2Fcategories&post=12082"},{"taxonomy":"post_tag","embeddable":true,"href":"https:\/\/verdadincomodadiario.ar\/index.php?rest_route=%2Fwp%2Fv2%2Ftags&post=12082"}],"curies":[{"name":"wp","href":"https:\/\/api.w.org\/{rel}","templated":true}]}}