{"id":12070,"date":"2025-07-23T22:23:52","date_gmt":"2025-07-23T22:23:52","guid":{"rendered":"https:\/\/verdadincomodadiario.ar\/?p=12070"},"modified":"2025-07-23T22:23:52","modified_gmt":"2025-07-23T22:23:52","slug":"la-corte-suprema-fallo-a-favor-de-trump-para-destituir-a-tres-funcionarios-de-biden","status":"publish","type":"post","link":"https:\/\/verdadincomodadiario.ar\/?p=12070","title":{"rendered":"La Corte Suprema fall\u00f3 a favor de Trump para destituir a tres funcionarios de Biden"},"content":{"rendered":"<p>El mi\u00e9rcoles, la Corte Suprema de Estados Unidos\u00a0permiti\u00f3 al presidente <a href=\"https:\/\/derechadiario.com.ar\/internacionales\/trump-lanza-su-plan-nacional-inteligencia-artificial-con-apoyo-silicon-valley\" title=\"Trump lanza su Plan Nacional de Inteligencia Artificial con apoyo de Silicon Valley\">Donald Trump<\/a> <strong>destituir temporalmente a tres miembros de la Comisi\u00f3n de Seguridad de Productos del Consumidor<\/strong> (CPSC), una decisi\u00f3n m\u00e1s dentro de una serie de fallos en los que el tribunal, de mayor\u00eda conservadora, <strong>ha respaldado apelaciones de emergencia<\/strong> de la administraci\u00f3n de Trump.<\/p>\n<p>Esta decisi\u00f3n, tomada mediante una orden breve y no firmada, <strong>sigue el precedente de un caso anterior<\/strong> (Wilcox), en el que se permiti\u00f3 a Trump <strong>destituir temporalmente a dos altos funcionarios<\/strong> de agencias laborales independientes mientras se resolv\u00edan impugnaciones legales.<\/p>\n<p>Los tres jueces liberales de la Corte, <strong>Elena Kagan, Sonia Sotomayor y Ketanji Brown Jackson,<\/strong>\u00a0disintieron. En una opini\u00f3n escrita por Kagan, criticaron el uso del &#8221;docket de emergencia&#8221;\u00a0(un procedimiento acelerado con poca deliberaci\u00f3n) para &#8221;socavar&#8221; la independencia de las agencias federales.<\/p>\n<p>Kagan acus\u00f3 a la mayor\u00eda de estar transfiriendo, &#8221;pieza por pieza&#8221;, <strong>el poder desde el Congreso hacia la Presidencia,<\/strong> debilitando as\u00ed la estructura de equilibrio de poderes establecida en la Constituci\u00f3n.<\/p>\n<aside class=\"are-you-interested-container-photo\"><\/aside>\n<div class=\"inter_image image_horizontal\">\n<picture><source class=\"img-responsive\" type=\"image\/webp\" data-srcset=\"https:\/\/filesedc.com\/uploads\/image\/post\/2025\/07\/sotomayor-jackson-kagan-jpg767x505_300_200.webp 300w, https:\/\/filesedc.com\/uploads\/image\/post\/2025\/07\/sotomayor-jackson-kagan-jpg767x505_630_420.webp 630w, https:\/\/filesedc.com\/uploads\/image\/post\/2025\/07\/sotomayor-jackson-kagan-jpg767x505_760_507.webp 760w, https:\/\/filesedc.com\/uploads\/image\/post\/2025\/07\/sotomayor-jackson-kagan-jpg767x505_1200_800.webp 1200w, https:\/\/filesedc.com\/uploads\/image\/post\/2025\/07\/sotomayor-jackson-kagan-jpg767x505_1600_1067.webp 1600w, \"><img decoding=\"async\" src=\"https:\/\/derechadiario.com.ar\/filesedc\/uploads\/image\/post\/2025\/07\/sotomayor-jackson-kagan-jpg767x505_1200_800.webp\" class=\"img-responsive lazyload\" alt=\"Tres mujeres con toga negra de juezas posan sonrientes frente a una chimenea de madera con un reloj antiguo en la parte superior.\" title=\"Tres mujeres con toga negra de juezas posan sonrientes frente a una chimenea de madera con un reloj antiguo en la parte superior.\"><\/picture>\n<div>\n<span class=\"img_footer\">La tres juezas dem\u00f3cratas disintieron al fallo que fue aprobado con la aprobaci\u00f3n de los otros 6 jueces  <\/span>| <span class=\"img_author\">La Derecha Diario<\/span>\n<\/div>\n<\/div>\n<p>Los tres miembros destituidos, <strong>Mary Boyle, Alexander Hoehn-Saric y Richard Trumka Jr.,<\/strong>\u00a0fueron nombrados por el presidente dem\u00f3crata <a href=\"https:\/\/derechadiario.com.ar\/internacionales\/biden-no-firmaba-los-indultos-presidenciales-ni-tenia-idea-quienes-iban-dirigidos\" title=\"Biden no firmaba los indultos presidenciales ni sab\u00eda a qui\u00e9nes iban dirigidos\">Joe Biden<\/a> y confirmados por el Senado.<\/p>\n<p>Trump los despidi\u00f3 en mayo, pero <strong>un tribunal federal orden\u00f3 su reincorporaci\u00f3n,<\/strong> decisi\u00f3n que la administraci\u00f3n de Trump apel\u00f3 ante la <a href=\"https:\/\/derechadiario.com.ar\/internacionales\/corte-suprema-eeuu-le-dio-razon-trump-frente-los-despidos-masivos\" title=\"La Corte Suprema de EEUU le dio la raz\u00f3n a Trump frente a los despidos masivos\">Corte Suprema<\/a>. Con esta nueva decisi\u00f3n, los tres comisionados <strong>ser\u00e1n retirados nuevamente<\/strong> de sus cargos mientras contin\u00faa el litigio.<\/p>\n<aside class=\"whatsappChannelText\"><a href=\"https:\/\/whatsapp.com\/channel\/0029VagEjILGE56eKjedWF2U\" rel=\"nofollow\" title=\"WhatsApp Link\"><img alt=\"Logo de WhatsApp\" class=\"lazyload\" data-src=\"https:\/\/derechadiario.com.ar\/filesedc\/uploads\/other\/whatsapp_icon_mid_article.png\" width=\"32\" height=\"32\"><\/a> <a href=\"https:\/\/whatsapp.com\/channel\/0029VagEjILGE56eKjedWF2U\" rel=\"nofollow\" title=\"WhatsApp Link\"><strong>NO SE PIERDAN NINGUNA NOTICIA<\/strong>: Click aqu\u00ed para sumarte <strong>GRATIS<\/strong> al canal de noticias de <strong>La Derecha Diario en WhatsApp.<\/strong><\/a><\/aside>\n<p>En a\u00f1os recientes, la Corte ha favorecido una interpretaci\u00f3n amplia del poder presidencial <strong>para remover funcionarios ejecutivos,<\/strong> argumentando que dicho poder emana directamente de la Constituci\u00f3n.<\/p>\n<figure><img decoding=\"async\" src=\"https:\/\/derechadiario.com.ar\/filesedc\/uploads\/image\/post\/2025\/07\/eeuu-congreso-biden-44328_1200_800.webp\" class=\"img-responsive lazyload\" alt=\"Hombre de cabello canoso con traje y corbata hablando frente a micr\u00f3fonos con fondo azul y una bandera detr\u00e1s\" title=\"Hombre de cabello canoso con traje y corbata hablando frente a micr\u00f3fonos con fondo azul y una bandera detr\u00e1s\"><\/figure>\n<p>Este enfoque refleja una evoluci\u00f3n respecto al <strong>precedente de Humphrey\u2019s Executor v. United States<\/strong> (1935), que estableci\u00f3 que un\u00a0presidente no puede despedir libremente a los miembros de ciertas agencias independientes sin causa justificada, hecho que no se aplica particularmente en esta causa.\u00a0<\/p>\n<p>Aunque esta decisi\u00f3n sigue siendo formalmente vigente, el Departamento de Justicia y varios fallos recientes interpretan que <strong>la Corte ya ha comenzado a modificarla<\/strong>\u00a0en la pr\u00e1ctica.<\/p>\n","protected":false},"excerpt":{"rendered":"<p>El mi\u00e9rcoles, la Corte Suprema de Estados Unidos\u00a0permiti\u00f3 al presidente Donald Trump destituir temporalmente a tres miembros de la Comisi\u00f3n de Seguridad de Productos del Consumidor (CPSC), una decisi\u00f3n m\u00e1s dentro de una serie de fallos en los que el tribunal, de mayor\u00eda conservadora, ha respaldado apelaciones de emergencia de la administraci\u00f3n de Trump. Esta [&hellip;]<\/p>\n","protected":false},"author":2,"featured_media":12071,"comment_status":"open","ping_status":"open","sticky":false,"template":"","format":"standard","meta":{"_et_pb_use_builder":"","_et_pb_old_content":"","_et_gb_content_width":"","footnotes":""},"categories":[187,79,188],"tags":[],"class_list":["post-12070","post","type-post","status-publish","format-standard","has-post-thumbnail","hentry","category-corte","category-internacionales","category-suprema"],"_links":{"self":[{"href":"https:\/\/verdadincomodadiario.ar\/index.php?rest_route=\/wp\/v2\/posts\/12070","targetHints":{"allow":["GET"]}}],"collection":[{"href":"https:\/\/verdadincomodadiario.ar\/index.php?rest_route=\/wp\/v2\/posts"}],"about":[{"href":"https:\/\/verdadincomodadiario.ar\/index.php?rest_route=\/wp\/v2\/types\/post"}],"author":[{"embeddable":true,"href":"https:\/\/verdadincomodadiario.ar\/index.php?rest_route=\/wp\/v2\/users\/2"}],"replies":[{"embeddable":true,"href":"https:\/\/verdadincomodadiario.ar\/index.php?rest_route=%2Fwp%2Fv2%2Fcomments&post=12070"}],"version-history":[{"count":0,"href":"https:\/\/verdadincomodadiario.ar\/index.php?rest_route=\/wp\/v2\/posts\/12070\/revisions"}],"wp:featuredmedia":[{"embeddable":true,"href":"https:\/\/verdadincomodadiario.ar\/index.php?rest_route=\/wp\/v2\/media\/12071"}],"wp:attachment":[{"href":"https:\/\/verdadincomodadiario.ar\/index.php?rest_route=%2Fwp%2Fv2%2Fmedia&parent=12070"}],"wp:term":[{"taxonomy":"category","embeddable":true,"href":"https:\/\/verdadincomodadiario.ar\/index.php?rest_route=%2Fwp%2Fv2%2Fcategories&post=12070"},{"taxonomy":"post_tag","embeddable":true,"href":"https:\/\/verdadincomodadiario.ar\/index.php?rest_route=%2Fwp%2Fv2%2Ftags&post=12070"}],"curies":[{"name":"wp","href":"https:\/\/api.w.org\/{rel}","templated":true}]}}