{"id":11944,"date":"2025-07-23T00:28:42","date_gmt":"2025-07-23T00:28:42","guid":{"rendered":"https:\/\/verdadincomodadiario.ar\/?p=11944"},"modified":"2025-07-23T00:28:42","modified_gmt":"2025-07-23T00:28:42","slug":"una-corte-israeli-suspendio-temporalmente-el-juicio-contra-netanyahu","status":"publish","type":"post","link":"https:\/\/verdadincomodadiario.ar\/?p=11944","title":{"rendered":"Una corte israel\u00ed suspendi\u00f3 temporalmente el juicio contra Netanyahu"},"content":{"rendered":"<p>Un tribunal israel\u00ed decidi\u00f3 <strong>suspender las audiencias programadas para esta semana en el juicio<\/strong> por corrupci\u00f3n contra el primer ministro <a href=\"https:\/\/derechadiario.com.ar\/internacionales\/aseguran-que-netanyahu-y-ahmed-al-sharaa-se-reunirian-washington-septiembre\" title=\"Aseguran que Netanyahu y Ahmed al-Sharaa se reunir\u00edan en Washington en septiembre\">Benjamin Netanyahu<\/a>, aceptando una solicitud presentada por su equipo legal <strong>por motivos de seguridad nacional y diplomacia de alto nivel.<\/strong>\u00a0<\/p>\n<p>La corte del distrito de Jerusal\u00e9n indic\u00f3 en su fallo que las nuevas explicaciones proporcionadas <strong>por el propio Netanyahu, junto al jefe del Mossad y el director de inteligencia militar,<\/strong> justificaban la cancelaci\u00f3n temporal de las sesiones.<\/p>\n<p>El dictamen, publicado en l\u00ednea por el partido Likud del primer ministro, se\u00f1ala que los argumentos clasificados relacionados con amenazas a la seguridad nacional y compromisos diplom\u00e1ticos <strong>fueron determinantes<\/strong> en la decisi\u00f3n del tribunal.<\/p>\n<div class=\"inter_image image_horizontal\">\n<picture><source class=\"img-responsive\" type=\"image\/webp\" data-srcset=\"https:\/\/filesedc.com\/uploads\/image\/post\/2025\/07\/000-36xd8hg-1753227026724_300_200.webp 300w, https:\/\/filesedc.com\/uploads\/image\/post\/2025\/07\/000-36xd8hg-1753227026724_630_420.webp 630w, https:\/\/filesedc.com\/uploads\/image\/post\/2025\/07\/000-36xd8hg-1753227026724_760_507.webp 760w, https:\/\/filesedc.com\/uploads\/image\/post\/2025\/07\/000-36xd8hg-1753227026724_1200_800.webp 1200w, https:\/\/filesedc.com\/uploads\/image\/post\/2025\/07\/000-36xd8hg-1753227026724_1600_1067.webp 1600w, \"><img decoding=\"async\" src=\"https:\/\/derechadiario.com.ar\/filesedc\/uploads\/image\/post\/2025\/07\/000-36xd8hg-1753227026724_1200_800.webp\" class=\"img-responsive lazyload\" alt=\"Hombre de cabello canoso con traje oscuro y corbata roja hablando frente a micr\u00f3fonos en un entorno elegante con banderas de fondo\" title=\"Hombre de cabello canoso con traje oscuro y corbata roja hablando frente a micr\u00f3fonos en un entorno elegante con banderas de fondo\"><\/picture>\n<div>\n<span class=\"img_footer\">Junto al jefe de la Mossad y la inteligencia nacional, Netanyahu aleg\u00f3 que sus tareas en la defensa del pa\u00eds le impiden asistir a las audiencias <\/span>| <span class=\"img_author\">La Derecha Diario<\/span>\n<\/div>\n<\/div>\n<p>Esta suspensi\u00f3n coincide con recientes declaraciones del presidente estadounidense <a href=\"https:\/\/derechadiario.com.ar\/internacionales\/cbs-admitio-haber-favorecido-kamala-campana-y-compensara-trump-con-36-millones\" title=\"CBS admiti\u00f3 haber favorecido a Kamala en campa\u00f1a y compensar\u00e1 a Trump con 36 millones\">Donald Trump<\/a>, quien llam\u00f3 p\u00fablicamente a cancelar el juicio. En una publicaci\u00f3n en su red social, Trump <strong>calific\u00f3 el caso contra Netanyahu como una cacer\u00eda de brujas<\/strong>\u00a0 y sugiri\u00f3 que la causa deb\u00eda ser cancelada inmediatamente o, en su defecto, que se le concediera un perd\u00f3n al mandatario israel\u00ed, a quien llam\u00f3 &#8221;un gran h\u00e9roe&#8221;.<\/p>\n<aside class=\"are-you-interested-container-photo\"><\/aside>\n<p>Adem\u00e1s, advirti\u00f3 que <strong>el juicio podr\u00eda interferir con los esfuerzos diplom\u00e1ticos de Netanyahu<\/strong> en las negociaciones con el grupo terrorista palestino <a href=\"https:\/\/derechadiario.com.ar\/internacionales\/informe-revelo-que-hamas-uso-violencia-sexual-como-tactica-guerra\" title=\"Un informe revel\u00f3 que Ham\u00e1s us\u00f3 la violencia sexual como t\u00e1ctica de guerra\">Ham\u00e1s<\/a> e Ir\u00e1n.<\/p>\n<p>El juicio contra Netanyahu comenz\u00f3 en mayo de 2020, tras su imputaci\u00f3n en 2019 <strong>por supuestos cargos de soborno, fraude y abuso de confianza.<\/strong> El primer ministro ha negado todas las acusaciones y ha descrito el juicio <strong>como una maniobra pol\u00edtica<\/strong> de la izquierda para removerlo del poder.<\/p>\n<p>Su defensa <strong>ha logrado m\u00faltiples aplazamientos desde el inicio del proceso,<\/strong> argumentando en varias ocasiones que sus responsabilidades gubernamentales le imped\u00edan asistir con regularidad a las audiencias.<\/p>\n<figure><img decoding=\"async\" src=\"https:\/\/derechadiario.com.ar\/filesedc\/uploads\/image\/post\/2025\/07\/netanyahu-trump-reuters_1200_800.webp\" class=\"img-responsive lazyload\" alt=\"Dos hombres de traje oscuro se dan la mano mientras se miran en una sala formal con chimenea al fondo\" title=\"Dos hombres de traje oscuro se dan la mano mientras se miran en una sala formal con chimenea al fondo\"><\/figure>\n<p>En uno de los casos m\u00e1s notorios, \u00e9l y su esposa, <strong>Sara Netanyahu,<\/strong> est\u00e1n acusados de recibir regalos de lujo, incluyendo cigarros, joyas y botellas de champ\u00e1n,\u00a0valorados en m\u00e1s de 260.000 d\u00f3lares de parte de magnates a cambio de &#8221;favores pol\u00edticos&#8221;.\u00a0<\/p>\n<p>Los abogados del primer ministro <strong>solicitaron al tribunal que lo excusara de testificar durante las pr\u00f3ximas dos semanas,<\/strong> alegando que deb\u00eda concentrarse en asuntos de seguridad nacional tras un reciente cese al fuego con Ir\u00e1n y en medio de los combates en Gaza, donde a\u00fan permanecen rehenes israel\u00edes.<\/p>\n<p>Para respaldar su solicitud, <strong>presentaron al tribunal su agenda oficial,<\/strong> subrayando la necesidad nacional de que el primer ministro est\u00e9 plenamente dedicado a la gesti\u00f3n de la crisis.<\/p>\n<aside class=\"whatsappChannelText\"><a href=\"https:\/\/whatsapp.com\/channel\/0029VagEjILGE56eKjedWF2U\" rel=\"nofollow\" title=\"WhatsApp Link\"><img alt=\"Logo de WhatsApp\" class=\"lazyload\" data-src=\"https:\/\/derechadiario.com.ar\/filesedc\/uploads\/other\/whatsapp_icon_mid_article.png\" width=\"32\" height=\"32\"><\/a> <a href=\"https:\/\/whatsapp.com\/channel\/0029VagEjILGE56eKjedWF2U\" rel=\"nofollow\" title=\"WhatsApp Link\"><strong>NO SE PIERDAN NINGUNA NOTICIA<\/strong>: Click aqu\u00ed para sumarte <strong>GRATIS<\/strong> al canal de noticias de <strong>La Derecha Diario en WhatsApp.<\/strong><\/a><\/aside>\n<figure><img decoding=\"async\" src=\"https:\/\/derechadiario.com.ar\/filesedc\/uploads\/image\/post\/2025\/07\/benjamin-netanyahu-sara-netanyahu-655x368_1200_800.webp\" class=\"img-responsive lazyload\" alt=\"Un hombre de traje oscuro y corbata azul con puntos junto a una mujer de vestido azul claro posan frente a un fondo de cortinas blancas\" title=\"Un hombre de traje oscuro y corbata azul con puntos junto a una mujer de vestido azul claro posan frente a un fondo de cortinas blancas\"><\/figure>\n<p>Inicialmente, la corte rechaz\u00f3 esta petici\u00f3n, pero <strong>cambi\u00f3 su postura tras escuchar nuevos argumentos de Netanyahu<\/strong> y altos funcionarios de seguridad. Aunque no se especificaron detalles sobre las amenazas o negociaciones en curso, la intervenci\u00f3n directa del Mossad y de inteligencia militar fue clave en revertir la decisi\u00f3n judicial.<\/p>\n<p>Mientras tanto, las expectativas de un acuerdo de cese al fuego con Ham\u00e1s siguen siendo inciertas. Aunque <strong>Trump afirm\u00f3 el viernes que cre\u00eda que se estaba cerca de alcanzar un acuerdo,<\/strong> funcionarios israel\u00edes y palestinos han expresado cierto escepticismo sobre esa posibilidad en el corto plazo.<\/p>\n","protected":false},"excerpt":{"rendered":"<p>Un tribunal israel\u00ed decidi\u00f3 suspender las audiencias programadas para esta semana en el juicio por corrupci\u00f3n contra el primer ministro Benjamin Netanyahu, aceptando una solicitud presentada por su equipo legal por motivos de seguridad nacional y diplomacia de alto nivel.\u00a0 La corte del distrito de Jerusal\u00e9n indic\u00f3 en su fallo que las nuevas explicaciones proporcionadas [&hellip;]<\/p>\n","protected":false},"author":2,"featured_media":11945,"comment_status":"open","ping_status":"open","sticky":false,"template":"","format":"standard","meta":{"_et_pb_use_builder":"","_et_pb_old_content":"","_et_gb_content_width":"","footnotes":""},"categories":[187,79,804],"tags":[],"class_list":["post-11944","post","type-post","status-publish","format-standard","has-post-thumbnail","hentry","category-corte","category-internacionales","category-israeli"],"_links":{"self":[{"href":"https:\/\/verdadincomodadiario.ar\/index.php?rest_route=\/wp\/v2\/posts\/11944","targetHints":{"allow":["GET"]}}],"collection":[{"href":"https:\/\/verdadincomodadiario.ar\/index.php?rest_route=\/wp\/v2\/posts"}],"about":[{"href":"https:\/\/verdadincomodadiario.ar\/index.php?rest_route=\/wp\/v2\/types\/post"}],"author":[{"embeddable":true,"href":"https:\/\/verdadincomodadiario.ar\/index.php?rest_route=\/wp\/v2\/users\/2"}],"replies":[{"embeddable":true,"href":"https:\/\/verdadincomodadiario.ar\/index.php?rest_route=%2Fwp%2Fv2%2Fcomments&post=11944"}],"version-history":[{"count":0,"href":"https:\/\/verdadincomodadiario.ar\/index.php?rest_route=\/wp\/v2\/posts\/11944\/revisions"}],"wp:featuredmedia":[{"embeddable":true,"href":"https:\/\/verdadincomodadiario.ar\/index.php?rest_route=\/wp\/v2\/media\/11945"}],"wp:attachment":[{"href":"https:\/\/verdadincomodadiario.ar\/index.php?rest_route=%2Fwp%2Fv2%2Fmedia&parent=11944"}],"wp:term":[{"taxonomy":"category","embeddable":true,"href":"https:\/\/verdadincomodadiario.ar\/index.php?rest_route=%2Fwp%2Fv2%2Fcategories&post=11944"},{"taxonomy":"post_tag","embeddable":true,"href":"https:\/\/verdadincomodadiario.ar\/index.php?rest_route=%2Fwp%2Fv2%2Ftags&post=11944"}],"curies":[{"name":"wp","href":"https:\/\/api.w.org\/{rel}","templated":true}]}}