{"id":1193,"date":"2025-04-03T22:11:34","date_gmt":"2025-04-03T22:11:34","guid":{"rendered":"https:\/\/verdadincomodadiario.ar\/?p=1193"},"modified":"2025-04-03T22:11:34","modified_gmt":"2025-04-03T22:11:34","slug":"cuando-cobro-anses-cronograma-de-pagos-para-el-lunes-31-de-marzo-de-2025","status":"publish","type":"post","link":"https:\/\/verdadincomodadiario.ar\/?p=1193","title":{"rendered":"Cu\u00e1ndo cobro ANSES: cronograma de pagos para el lunes 31 de marzo de 2025"},"content":{"rendered":"<p>La <strong><a href=\"https:\/\/derechadiario.com.ar\/economia\/asignaciones-suaf-anses-quienes-reciben-pago-adicional-108000-abril\" title=\"Asignaciones SUAF de ANSES: qui\u00e9nes reciben el pago adicional de $108.000 en abril\">Administraci\u00f3n Nacional de la Seguridad Social (ANSES)<\/a><\/strong>\u00a0 informa el cronograma de pagos para hoy, <strong>lunes 31 de marzo de 2025<\/strong>.<\/p>\n<p>A continuaci\u00f3n, detallamos las prestaciones que se abonan en esta fecha.<\/p>\n<div class=\"inter_image image_horizontal\">\n<picture><source class=\"img-responsive\" type=\"image\/webp\" data-srcset=\"\/filesedc\/uploads\/image\/post\/anses-1-jpg_300_200.webp 300w, \n\/filesedc\/uploads\/image\/post\/anses-1-jpg_630_420.webp 630w,\n                                \/filesedc\/uploads\/image\/post\/anses-1-jpg_760_507.webp 760w,\n                                \/filesedc\/uploads\/image\/post\/anses-1-jpg_1200_800.webp 1200w,\n                                \/filesedc\/uploads\/image\/post\/anses-1-jpg_1600_1067.webp 1600w\"><img decoding=\"async\" src=\"https:\/\/derechadiario.com.ar\/filesedc\/uploads\/image\/post\/anses-1-jpg_1200_800.webp\" class=\"img-responsive lazyload\" alt=\"Fachada de una oficina de ANSES con un cartel azul y un coraz\u00f3n naranja.\" title=\"Fachada de una oficina de ANSES con un cartel azul y un coraz\u00f3n naranja.\"><\/picture>\n<div>\n<span class=\"img_footer\">El cronograma de pagos para hoy, lunes 31 de marzo de 2025 <\/span>| <span class=\"img_author\">La Derecha Diario<\/span>\n<\/div>\n<\/div>\n<h2><strong>Prestaci\u00f3n por Desempleo<\/strong><\/h2>\n<p>Los beneficiarios de la <strong>Prestaci\u00f3n por Desempleo<\/strong> con <strong>documentos terminados en 8 y 9<\/strong> cobran hoy, lunes 31 de marzo. Este es el \u00faltimo d\u00eda de pago seg\u00fan la terminaci\u00f3n del DNI.<\/p>\n<figure><img decoding=\"async\" src=\"https:\/\/derechadiario.com.ar\/filesedc\/uploads\/image\/post\/desempleo-plan-anses-marzo-abril_1200_800.webp\" class=\"img-responsive lazyload\" alt=\"Calendario de pagos para el Plan de Desempleo 1 correspondiente al mes de marzo, con fechas asignadas seg\u00fan la terminaci\u00f3n del documento: 25\/3 para 0 y 1, 26\/3 para 2 y 3, 27\/3 para 4 y 5, 28\/3 para 6 y 7, y 31\/3 para 8 y 9.\" title=\"Calendario de pagos para el Plan de Desempleo 1 correspondiente al mes de marzo, con fechas asignadas seg\u00fan la terminaci\u00f3n del documento: 25\/3 para 0 y 1, 26\/3 para 2 y 3, 27\/3 para 4 y 5, 28\/3 para 6 y 7, y 31\/3 para 8 y 9.\"><\/figure>\n<h2><strong>Asignaciones de Pago \u00danico: Matrimonio, Adopci\u00f3n y Nacimiento<\/strong><\/h2>\n<p>Para todas las terminaciones de documento, las <strong>Asignaciones de Pago \u00danico<\/strong> correspondientes a <strong>Matrimonio, Adopci\u00f3n y Nacimiento<\/strong> se abonan hasta el jueves 10 de abril. Este per\u00edodo comprende tanto la primera como la segunda quincena.<\/p>\n<aside class=\"whatsappChannelText\"><a href=\"https:\/\/whatsapp.com\/channel\/0029VagEjILGE56eKjedWF2U\" rel=\"nofollow\" title=\"WhatsApp Link\"><img alt=\"Logo de WhatsApp\" class=\"lazyload\" data-src=\"https:\/\/derechadiario.com.ar\/filesedc\/uploads\/other\/whatsapp_icon_mid_article.png\" width=\"32\" height=\"32\"><\/a> <a href=\"https:\/\/whatsapp.com\/channel\/0029VagEjILGE56eKjedWF2U\" rel=\"nofollow\" title=\"WhatsApp Link\"><strong>NO SE PIERDAN NINGUNA NOTICIA<\/strong>: Click aqu\u00ed para sumarte <strong>GRATIS<\/strong> al canal de noticias de <strong>La Derecha Diario en WhatsApp.<\/strong><\/a><\/aside>\n<aside class=\"are-you-interested-container-photo\"><\/aside>\n<figure><img decoding=\"async\" src=\"https:\/\/derechadiario.com.ar\/filesedc\/uploads\/image\/post\/asignacion-pago-unico-marzo-anses_1200_800.webp\" class=\"img-responsive lazyload\" alt=\"Asignaciones de pago \u00fanico para matrimonio, adopci\u00f3n y nacimiento, mes a cobrar marzo, con fechas de cobro del 13\/3 al 10\/4 para la primera quincena y del 26\/3 al 10\/4 para la segunda quincena.\" title=\"Asignaciones de pago \u00fanico para matrimonio, adopci\u00f3n y nacimiento, mes a cobrar marzo, con fechas de cobro del 13\/3 al 10\/4 para la primera quincena y del 26\/3 al 10\/4 para la segunda quincena.\"><\/figure>\n<h2><strong>Asignaciones Familiares de Pensiones No Contributivas (PNC)<\/strong><\/h2>\n<p>Las <strong>Asignaciones Familiares<\/strong> de las <strong>Pensiones No Contributivas<\/strong> se pagan a todas las terminaciones de documento hasta el jueves 10 de abril.<\/p>\n<figure><img decoding=\"async\" src=\"https:\/\/derechadiario.com.ar\/filesedc\/uploads\/image\/post\/pnc-marzo-anses-1741775808628_1200_800.webp\" class=\"img-responsive lazyload\" alt=\"Asignaciones familiares de pensiones no contributivas para marzo, todas las terminaciones de DNI del 12 de marzo al 10 de abril.\" title=\"Asignaciones familiares de pensiones no contributivas para marzo, todas las terminaciones de DNI del 12 de marzo al 10 de abril.\"><\/figure>\n<h2><strong>Aumentos en abril<\/strong><\/h2>\n<p>Las <strong>jubilaciones, pensiones, AUH y otras prestaciones<\/strong> <a href=\"https:\/\/derechadiario.com.ar\/economia\/jubilaciones-anses-abril-gobierno-oficializo-aumento-y-bono-70000\" title=\"Jubilaciones ANSES en abril: el Gobierno oficializ\u00f3 el aumento y el bono de $70.000\">aumentar\u00e1n un <strong>2,40%<\/strong> en abril<\/a>, en l\u00ednea con el \u00edndice de inflaci\u00f3n de enero. De esta manera, los montos quedar\u00e1n de la siguiente manera:<\/p>\n<ul>\n<li>\n<strong>Jubilaci\u00f3n m\u00ednima:<\/strong> $285.820,63<\/li>\n<li>\n<strong>Jubilaci\u00f3n m\u00e1xima:<\/strong> $1.923.302,29<\/li>\n<li>\n<strong>Pensi\u00f3n Universal para el Adulto Mayor (PUAM):<\/strong> $228.656,50<\/li>\n<li>\n<strong>Pensiones No Contributivas (PNC):<\/strong> $200.074,44<\/li>\n<li>\n<strong>Prestaci\u00f3n B\u00e1sica Universal (PBU):<\/strong> $228.656<\/li>\n<\/ul>\n<figure><img decoding=\"async\" src=\"https:\/\/derechadiario.com.ar\/filesedc\/uploads\/image\/post\/auh-anses-cuando-cobro-febrero_1200_800.webp\" class=\"img-responsive lazyload\" alt=\"Una mujer con dos ni\u00f1os peque\u00f1os mirando una computadora port\u00e1til juntos en un ambiente hogare\u00f1o.\" title=\"Una mujer con dos ni\u00f1os peque\u00f1os mirando una computadora port\u00e1til juntos en un ambiente hogare\u00f1o.\"><\/figure>\n<p>Para m\u00e1s informaci\u00f3n, se recomienda consultar el sitio oficial de ANSES o comunicarse a trav\u00e9s de sus canales de atenci\u00f3n al p\u00fablico.<\/p>\n","protected":false},"excerpt":{"rendered":"<p>La Administraci\u00f3n Nacional de la Seguridad Social (ANSES)\u00a0 informa el cronograma de pagos para hoy, lunes 31 de marzo de 2025. A continuaci\u00f3n, detallamos las prestaciones que se abonan en esta fecha. El cronograma de pagos para hoy, lunes 31 de marzo de 2025 | La Derecha Diario Prestaci\u00f3n por Desempleo Los beneficiarios de la [&hellip;]<\/p>\n","protected":false},"author":2,"featured_media":1194,"comment_status":"open","ping_status":"open","sticky":false,"template":"","format":"standard","meta":{"_et_pb_use_builder":"","_et_pb_old_content":"","_et_gb_content_width":"","footnotes":""},"categories":[80],"tags":[],"class_list":["post-1193","post","type-post","status-publish","format-standard","has-post-thumbnail","hentry","category-economia-2"],"_links":{"self":[{"href":"https:\/\/verdadincomodadiario.ar\/index.php?rest_route=\/wp\/v2\/posts\/1193","targetHints":{"allow":["GET"]}}],"collection":[{"href":"https:\/\/verdadincomodadiario.ar\/index.php?rest_route=\/wp\/v2\/posts"}],"about":[{"href":"https:\/\/verdadincomodadiario.ar\/index.php?rest_route=\/wp\/v2\/types\/post"}],"author":[{"embeddable":true,"href":"https:\/\/verdadincomodadiario.ar\/index.php?rest_route=\/wp\/v2\/users\/2"}],"replies":[{"embeddable":true,"href":"https:\/\/verdadincomodadiario.ar\/index.php?rest_route=%2Fwp%2Fv2%2Fcomments&post=1193"}],"version-history":[{"count":0,"href":"https:\/\/verdadincomodadiario.ar\/index.php?rest_route=\/wp\/v2\/posts\/1193\/revisions"}],"wp:featuredmedia":[{"embeddable":true,"href":"https:\/\/verdadincomodadiario.ar\/index.php?rest_route=\/wp\/v2\/media\/1194"}],"wp:attachment":[{"href":"https:\/\/verdadincomodadiario.ar\/index.php?rest_route=%2Fwp%2Fv2%2Fmedia&parent=1193"}],"wp:term":[{"taxonomy":"category","embeddable":true,"href":"https:\/\/verdadincomodadiario.ar\/index.php?rest_route=%2Fwp%2Fv2%2Fcategories&post=1193"},{"taxonomy":"post_tag","embeddable":true,"href":"https:\/\/verdadincomodadiario.ar\/index.php?rest_route=%2Fwp%2Fv2%2Ftags&post=1193"}],"curies":[{"name":"wp","href":"https:\/\/api.w.org\/{rel}","templated":true}]}}