{"id":1191,"date":"2025-04-03T22:11:35","date_gmt":"2025-04-03T22:11:35","guid":{"rendered":"https:\/\/verdadincomodadiario.ar\/?p=1191"},"modified":"2025-04-03T22:11:35","modified_gmt":"2025-04-03T22:11:35","slug":"el-gobierno-oficializo-la-reduccion-de-aranceles-para-la-importacion-de-indumentaria","status":"publish","type":"post","link":"https:\/\/verdadincomodadiario.ar\/?p=1191","title":{"rendered":"El Gobierno oficializ\u00f3 la reducci\u00f3n de aranceles para la importaci\u00f3n de indumentaria"},"content":{"rendered":"<p><strong>El Gobierno nacional anunci\u00f3 una reducci\u00f3n de los aranceles de importaci\u00f3n para productos <a href=\"https:\/\/derechadiario.com.ar\/negocios-finanzas\/empresario-textil-espanol-acumula-4500-millones-y-escala-lista-forbes\" title=\"Un empresario textil espa\u00f1ol acumula 4.500 millones y escala en la Lista Forbes\">textiles, calzado, hilados y telas<\/a><\/strong>, con el objetivo de fomentar la competencia y reducir los precios en el mercado local, los cuales se encuentran entre <strong>los m\u00e1s elevados de la regi\u00f3n y del mundo.<\/strong><\/p>\n<h2><strong>Nuevos aranceles y comparaci\u00f3n internacional<\/strong><\/h2>\n<p>A trav\u00e9s del Decreto 236\/2025, los aranceles quedaron fijados de la siguiente manera:<\/p>\n<ul>\n<li>Ropa y calzado: del 35% al 20%<\/li>\n<li>Telas: del 26% al 18%<\/li>\n<li>Hilados: del 18% a 12%, 14% y 16%, volviendo a los niveles previos a 2007<\/li>\n<\/ul>\n<p><strong>Un informe de la Secretar\u00eda de Comercio, que compar\u00f3 los precios en Argentina con Inglaterra, Espa\u00f1a, M\u00e9xico, Uruguay, EE.UU., Francia, Brasil y Chile<\/strong>, revel\u00f3 que el pa\u00eds tiene la indumentaria m\u00e1s cara de la regi\u00f3n.<\/p>\n<p>Ejemplos del relevamiento:<\/p>\n<aside class=\"are-you-interested-container-photo\"><\/aside>\n<ul>\n<li>\n<strong>Remera<\/strong>: en Argentina cuesta 310% m\u00e1s que en Espa\u00f1a (41 d\u00f3lares contra 10) y 95% m\u00e1s que en Brasil (21 d\u00f3lares).<\/li>\n<li>\n<strong>Campera<\/strong>: cuesta 174% m\u00e1s que en Espa\u00f1a (118 d\u00f3lares contra 43) y 90% m\u00e1s que en Brasil.<\/li>\n<\/ul>\n<p><strong>El Ejecutivo destac\u00f3 que la medida busca equiparar los <a href=\"https:\/\/derechadiario.com.ar\/economia\/gobierno-milei-reducira-impuestos-importacion-ropa-calzado-y-telas\" title=\"El Gobierno de Milei reducir\u00e1 impuestos a la importaci\u00f3n de ropa, calzado y telas\">aranceles<\/a> con los de pa\u00edses vecinos como Uruguay<\/strong>, donde la importaci\u00f3n paga un 20% m\u00e1s un 5% de tasa consular, y Paraguay, que aplica un 10% a la importaci\u00f3n de ropa y calzado.<\/p>\n<div class=\"inter_image image_horizontal\">\n<picture><source class=\"img-responsive\" type=\"image\/webp\" data-srcset=\"\/filesedc\/uploads\/image\/post\/screenshot-2025-03-31-102327_300_200.webp 300w, \n\/filesedc\/uploads\/image\/post\/screenshot-2025-03-31-102327_630_420.webp 630w,\n                                \/filesedc\/uploads\/image\/post\/screenshot-2025-03-31-102327_760_507.webp 760w,\n                                \/filesedc\/uploads\/image\/post\/screenshot-2025-03-31-102327_1200_800.webp 1200w,\n                                \/filesedc\/uploads\/image\/post\/screenshot-2025-03-31-102327_1600_1067.webp 1600w\"><img decoding=\"async\" src=\"https:\/\/derechadiario.com.ar\/filesedc\/uploads\/image\/post\/screenshot-2025-03-31-102327_1200_800.webp\" class=\"img-responsive lazyload\" alt=\"Mujeres comprando ropa en una tienda elegante.\" title=\"Mujeres comprando ropa en una tienda elegante.\"><\/picture>\n<div>\n<span class=\"img_footer\">El Gobierno oficializ\u00f3 la reducci\u00f3n de aranceles para la importaci\u00f3n de indumentaria <\/span>| <span class=\"img_author\">La Derecha Diario<\/span>\n<\/div>\n<\/div>\n<h2><strong>Medidas adicionales para incentivar la competencia<\/strong><\/h2>\n<p>Junto con la reducci\u00f3n arancelaria, el Gobierno elimin\u00f3 varias regulaciones aduaneras que encarec\u00edan los costos de importaci\u00f3n:<\/p>\n<ul>\n<li>El control del etiquetado de productos textiles y calzado<\/li>\n<li>El estampillado de la mercader\u00eda<\/li>\n<li>La obligatoriedad del canal rojo normativo<\/li>\n<li>La Declaraci\u00f3n Jurada de Composici\u00f3n de Producto (DJCP)<\/li>\n<li>Las licencias de importaci\u00f3n<\/li>\n<\/ul>\n<aside class=\"whatsappChannelText\"><a href=\"https:\/\/whatsapp.com\/channel\/0029VagEjILGE56eKjedWF2U\" rel=\"nofollow\" title=\"WhatsApp Link\"><img alt=\"Logo de WhatsApp\" class=\"lazyload\" data-src=\"https:\/\/derechadiario.com.ar\/filesedc\/uploads\/other\/whatsapp_icon_mid_article.png\" width=\"32\" height=\"32\"><\/a> <a href=\"https:\/\/whatsapp.com\/channel\/0029VagEjILGE56eKjedWF2U\" rel=\"nofollow\" title=\"WhatsApp Link\"><strong>NO SE PIERDAN NINGUNA NOTICIA<\/strong>: Click aqu\u00ed para sumarte <strong>GRATIS<\/strong> al canal de noticias de <strong>La Derecha Diario en WhatsApp.<\/strong><\/a><\/aside>\n<p>Desde la <strong>Secretar\u00eda de Industria y Comercio<\/strong>, afirmaron que estas decisiones buscan <strong>fomentar la competencia y reducir la inflaci\u00f3n<\/strong>, en l\u00ednea con las pol\u00edticas implementadas durante 2024.<\/p>\n<figure><img decoding=\"async\" src=\"https:\/\/derechadiario.com.ar\/filesedc\/uploads\/image\/post\/screenshot-2025-03-31-102316_1200_800.webp\" class=\"img-responsive lazyload\" alt=\"Hombre eligiendo un saco en una tienda de ropa elegante.\" title=\"Hombre eligiendo un saco en una tienda de ropa elegante.\"><\/figure>\n<h2><strong>Cr\u00edticas del sector industrial<\/strong><\/h2>\n<p>Desde la <strong>Uni\u00f3n Industrial Argentina (UIA)<\/strong>\u00a0 expresaron su preocupaci\u00f3n, se\u00f1alando que la medida se aplic\u00f3 sin una agenda complementaria que fortalezca la <strong>&#8220;competitividad local&#8221;.<\/strong><\/p>\n<p>\u201cEn los \u00faltimos meses advertimos la necesidad de reducir los costos internos que dificultan la competencia. Con los actuales niveles de presi\u00f3n fiscal, informalidad y falta de acceso al cr\u00e9dito, competir con importaciones en estas condiciones es <strong>desigual y desleal\u201d<\/strong>, indicaron desde la UIA.<\/p>\n<p>En cuanto al impacto en precios, se\u00f1alaron que en enero el rubro textil aument\u00f3 solo 0,6%, mientras que la indumentaria subi\u00f3 1%, muy por debajo de otros sectores.<\/p>\n","protected":false},"excerpt":{"rendered":"<p>El Gobierno nacional anunci\u00f3 una reducci\u00f3n de los aranceles de importaci\u00f3n para productos textiles, calzado, hilados y telas, con el objetivo de fomentar la competencia y reducir los precios en el mercado local, los cuales se encuentran entre los m\u00e1s elevados de la regi\u00f3n y del mundo. Nuevos aranceles y comparaci\u00f3n internacional A trav\u00e9s del [&hellip;]<\/p>\n","protected":false},"author":2,"featured_media":1192,"comment_status":"open","ping_status":"open","sticky":false,"template":"","format":"standard","meta":{"_et_pb_use_builder":"","_et_pb_old_content":"","_et_gb_content_width":"","footnotes":""},"categories":[80],"tags":[],"class_list":["post-1191","post","type-post","status-publish","format-standard","has-post-thumbnail","hentry","category-economia-2"],"_links":{"self":[{"href":"https:\/\/verdadincomodadiario.ar\/index.php?rest_route=\/wp\/v2\/posts\/1191","targetHints":{"allow":["GET"]}}],"collection":[{"href":"https:\/\/verdadincomodadiario.ar\/index.php?rest_route=\/wp\/v2\/posts"}],"about":[{"href":"https:\/\/verdadincomodadiario.ar\/index.php?rest_route=\/wp\/v2\/types\/post"}],"author":[{"embeddable":true,"href":"https:\/\/verdadincomodadiario.ar\/index.php?rest_route=\/wp\/v2\/users\/2"}],"replies":[{"embeddable":true,"href":"https:\/\/verdadincomodadiario.ar\/index.php?rest_route=%2Fwp%2Fv2%2Fcomments&post=1191"}],"version-history":[{"count":0,"href":"https:\/\/verdadincomodadiario.ar\/index.php?rest_route=\/wp\/v2\/posts\/1191\/revisions"}],"wp:featuredmedia":[{"embeddable":true,"href":"https:\/\/verdadincomodadiario.ar\/index.php?rest_route=\/wp\/v2\/media\/1192"}],"wp:attachment":[{"href":"https:\/\/verdadincomodadiario.ar\/index.php?rest_route=%2Fwp%2Fv2%2Fmedia&parent=1191"}],"wp:term":[{"taxonomy":"category","embeddable":true,"href":"https:\/\/verdadincomodadiario.ar\/index.php?rest_route=%2Fwp%2Fv2%2Fcategories&post=1191"},{"taxonomy":"post_tag","embeddable":true,"href":"https:\/\/verdadincomodadiario.ar\/index.php?rest_route=%2Fwp%2Fv2%2Ftags&post=1191"}],"curies":[{"name":"wp","href":"https:\/\/api.w.org\/{rel}","templated":true}]}}