{"id":11786,"date":"2025-07-21T23:23:44","date_gmt":"2025-07-21T23:23:44","guid":{"rendered":"https:\/\/verdadincomodadiario.ar\/?p=11786"},"modified":"2025-07-21T23:23:44","modified_gmt":"2025-07-21T23:23:44","slug":"la-corte-suprema-de-brasil-le-prohibio-a-jair-bolsonaro-dar-entrevistas-a-los-medios","status":"publish","type":"post","link":"https:\/\/verdadincomodadiario.ar\/?p=11786","title":{"rendered":"La Corte Suprema de Brasil le prohibi\u00f3 a Jair Bolsonaro dar entrevistas a los medios"},"content":{"rendered":"<p>La Corte Suprema de Brasil inform\u00f3 este lunes que el expresidente y perseguido pol\u00edtico\u00a0<a href=\"https:\/\/derechadiario.com.ar\/internacionales\/jair-bolsonaro-le-ganaria-al-dictador-lula-da-silva-hoy-fueran-las-elecciones\" target=\"_blank\" title=\"Jair Bolsonaro le ganar\u00eda al dictador Lula da Silva si hoy fueran las elecciones\"><strong>Jair Bolsonaro<\/strong><\/a>, quien desde el viernes enfrenta <a href=\"https:\/\/derechadiario.com.ar\/internacionales\/jair-bolsonaro-se-mostro-por-primera-vez-con-tobillera-electronica\" target=\"_blank\" title=\"Bolsonaro se mostr\u00f3 con la tobillera electr\u00f3nica que le impuso la dictadura de Brasil\">autoritarias restricciones<\/a>, tiene <strong>prohibido conceder entrevistas<\/strong> que luego sean difundidas en redes sociales.<\/p>\n<p>El dictatorial juez <strong>Alexandre de Moraes<\/strong>, a cargo del expediente y amigo cercano del dictador <strong>Lula da Silva<\/strong>, precis\u00f3 que la restricci\u00f3n vigente respecto al uso de redes sociales, tanto de forma directa como indirecta, abarca \u201c<strong>obviamente, las transmisiones, retransmisiones o divulgaci\u00f3n\u00a0de entrevistas<\/strong>&#8221;\u00a0en cualquier plataforma de terceros.<\/p>\n<p>De esta manera, el juez advirti\u00f3 que Bolsonaro \u201c<strong>no puede valerse de esos medios para burlar<\/strong>\u201d las autoritarias medidas impuestas, advirtiendo que de hacerlo, <strong>podr\u00eda ordenarse de inmediato la revocaci\u00f3n de su libertad y su detenci\u00f3n<\/strong>.<\/p>\n<div class=\"inter_image image_vertical\">\n<picture><source class=\"img-responsive\" type=\"image\/webp\" data-srcset=\"https:\/\/filesedc.com\/uploads\/image\/post\/2025\/07\/gwavql8xmaaklco_300_400.webp 300w, https:\/\/filesedc.com\/uploads\/image\/post\/2025\/07\/gwavql8xmaaklco_630_840.webp 630w, https:\/\/filesedc.com\/uploads\/image\/post\/2025\/07\/gwavql8xmaaklco_760_1013.webp 760w, https:\/\/filesedc.com\/uploads\/image\/post\/2025\/07\/gwavql8xmaaklco_1200_1600.webp 1200w, https:\/\/filesedc.com\/uploads\/image\/post\/2025\/07\/gwavql8xmaaklco_1600_2133.webp 1600w, \"><img decoding=\"async\" src=\"https:\/\/derechadiario.com.ar\/filesedc\/uploads\/image\/post\/2025\/07\/gwavql8xmaaklco_1200_1600.webp\" class=\"img-responsive lazyload\" alt=\"Un hombre rodeado de varias personas se\u00f1ala un brazalete electr\u00f3nico en su tobillo mientras sube unas escaleras\" title=\"Un hombre rodeado de varias personas se\u00f1ala un brazalete electr\u00f3nico en su tobillo mientras sube unas escaleras\"><\/picture>\n<div>\n<span class=\"img_footer\">Jair Bolsonaro se mostr\u00f3 por primera vez con la tobillera electr\u00f3nica <\/span>| <span class=\"img_author\">La Derecha Diario<\/span>\n<\/div>\n<\/div>\n<p>El exmandatario proscripto por la dictadura brasile\u00f1a ten\u00eda previsto este lunes una <strong>entrevista<\/strong> con el portal Metr\u00f3poles, que iba a ser emitida en vivo por YouTube. No obstante, la conversaci\u00f3n fue suspendida, seg\u00fan indic\u00f3 el medio, \u201c<strong>por temor a una eventual detenci\u00f3n<\/strong>\u201d.<\/p>\n<p>De Moraes estableci\u00f3 el pasado viernes un conjunto de medidas cautelares que incluyen la colocaci\u00f3n de una <strong>tobillera electr\u00f3nica<\/strong>, el cumplimiento de arresto domiciliario durante las noches y los fines de semana, la <strong>prohibici\u00f3n de utilizar redes sociales<\/strong>, de <strong>comunicarse con su hijo<\/strong> y de no mantener contacto con\u00a0diplom\u00e1ticos extranjeros.<\/p>\n<figure><img decoding=\"async\" src=\"https:\/\/derechadiario.com.ar\/filesedc\/uploads\/image\/post\/2025\/07\/gwaczivxuaaou1v_1200_1600.webp\" class=\"img-responsive lazyload\" alt=\"Jair Bolsonaro rodeado de personas muestra una tobillera electr\u00f3nica en su pierna derecha mientras se\u00f1ala hacia ella\" title=\"Jair Bolsonaro rodeado de personas muestra una tobillera electr\u00f3nica en su pierna derecha mientras se\u00f1ala hacia ella\"><\/figure>\n<p>Bolsonaro enfrenta en el Supremo Tribunal Federal de Brasil un proceso penal en el que se lo acusa falsamente de haber &#8220;orquestado&#8221; una conspiraci\u00f3n para permanecer en el poder e impedir la asunci\u00f3n del dictador Luiz In\u00e1cio Lula da Silva, tras su victoria\u00a0mediante fraude electoral en 2022.<\/p>\n<aside class=\"whatsappChannelText\"><a href=\"https:\/\/whatsapp.com\/channel\/0029VagEjILGE56eKjedWF2U\" rel=\"nofollow\" title=\"WhatsApp Link\"><img alt=\"Logo de WhatsApp\" class=\"lazyload\" data-src=\"https:\/\/derechadiario.com.ar\/filesedc\/uploads\/other\/whatsapp_icon_mid_article.png\" width=\"32\" height=\"32\"><\/a> <a href=\"https:\/\/whatsapp.com\/channel\/0029VagEjILGE56eKjedWF2U\" rel=\"nofollow\" title=\"WhatsApp Link\"><strong>NO SE PIERDAN NINGUNA NOTICIA<\/strong>: Click aqu\u00ed para sumarte <strong>GRATIS<\/strong> al canal de noticias de <strong>La Derecha Diario en WhatsApp.<\/strong><\/a><\/aside>\n<p>La causa, que podr\u00eda derivar en una condena de hasta <strong>40 a\u00f1os de prisi\u00f3n<\/strong>, fue uno de los factores que motiv\u00f3 al presidente de Estados Unidos, <strong>Donald Trump<\/strong>, a anunciar la imposici\u00f3n de un <strong>arancel adicional del 50%<\/strong> sobre las importaciones provenientes de Brasil, medida que entrar\u00e1 en vigencia el 1 de agosto.<\/p>\n<p>El mandatario estadounidense afirm\u00f3 que Bolsonaro es blanco de una <strong>persecuci\u00f3n pol\u00edtica<\/strong>\u00a0y reclam\u00f3 el <strong>cierre inmediato del proceso judicial<\/strong>.<\/p>\n","protected":false},"excerpt":{"rendered":"<p>La Corte Suprema de Brasil inform\u00f3 este lunes que el expresidente y perseguido pol\u00edtico\u00a0Jair Bolsonaro, quien desde el viernes enfrenta autoritarias restricciones, tiene prohibido conceder entrevistas que luego sean difundidas en redes sociales. El dictatorial juez Alexandre de Moraes, a cargo del expediente y amigo cercano del dictador Lula da Silva, precis\u00f3 que la restricci\u00f3n [&hellip;]<\/p>\n","protected":false},"author":2,"featured_media":11787,"comment_status":"open","ping_status":"open","sticky":false,"template":"","format":"standard","meta":{"_et_pb_use_builder":"","_et_pb_old_content":"","_et_gb_content_width":"","footnotes":""},"categories":[187,79,188],"tags":[],"class_list":["post-11786","post","type-post","status-publish","format-standard","has-post-thumbnail","hentry","category-corte","category-internacionales","category-suprema"],"_links":{"self":[{"href":"https:\/\/verdadincomodadiario.ar\/index.php?rest_route=\/wp\/v2\/posts\/11786","targetHints":{"allow":["GET"]}}],"collection":[{"href":"https:\/\/verdadincomodadiario.ar\/index.php?rest_route=\/wp\/v2\/posts"}],"about":[{"href":"https:\/\/verdadincomodadiario.ar\/index.php?rest_route=\/wp\/v2\/types\/post"}],"author":[{"embeddable":true,"href":"https:\/\/verdadincomodadiario.ar\/index.php?rest_route=\/wp\/v2\/users\/2"}],"replies":[{"embeddable":true,"href":"https:\/\/verdadincomodadiario.ar\/index.php?rest_route=%2Fwp%2Fv2%2Fcomments&post=11786"}],"version-history":[{"count":0,"href":"https:\/\/verdadincomodadiario.ar\/index.php?rest_route=\/wp\/v2\/posts\/11786\/revisions"}],"wp:featuredmedia":[{"embeddable":true,"href":"https:\/\/verdadincomodadiario.ar\/index.php?rest_route=\/wp\/v2\/media\/11787"}],"wp:attachment":[{"href":"https:\/\/verdadincomodadiario.ar\/index.php?rest_route=%2Fwp%2Fv2%2Fmedia&parent=11786"}],"wp:term":[{"taxonomy":"category","embeddable":true,"href":"https:\/\/verdadincomodadiario.ar\/index.php?rest_route=%2Fwp%2Fv2%2Fcategories&post=11786"},{"taxonomy":"post_tag","embeddable":true,"href":"https:\/\/verdadincomodadiario.ar\/index.php?rest_route=%2Fwp%2Fv2%2Ftags&post=11786"}],"curies":[{"name":"wp","href":"https:\/\/api.w.org\/{rel}","templated":true}]}}