{"id":11682,"date":"2025-07-21T13:25:21","date_gmt":"2025-07-21T13:25:21","guid":{"rendered":"https:\/\/verdadincomodadiario.ar\/?p=11682"},"modified":"2025-07-21T13:25:21","modified_gmt":"2025-07-21T13:25:21","slug":"marvel-confirma-nuevos-actores-para-iron-man-y-capitan-america-y-reinicia-el-ucm","status":"publish","type":"post","link":"https:\/\/verdadincomodadiario.ar\/?p=11682","title":{"rendered":"Marvel confirma nuevos actores para Iron Man y Capit\u00e1n Am\u00e9rica y reinicia el UCM"},"content":{"rendered":"<p><strong>Kevin Feige<\/strong>, presidente de <a href=\"https:\/\/derechadiario.com.ar\/entretenimiento\/marvel-retrasa-los-vengadores-las-nuevas-fechas-doomsday-y-secret-wars\" title=\"Marvel retrasa 'Los Vengadores': las nuevas fechas de 'Doomsday' y 'Secret Wars'\"><strong>Marvel Studios<\/strong><\/a>, confirm\u00f3 que el estudio prepara un reinicio del <a href=\"https:\/\/derechadiario.com.ar\/entretenimiento\/avengers-autor-x-men-adelanto-que-heroes-y-villanos-regresan-al-mcu\" title=\"'Avengers': el autor de X-Men adelant\u00f3 qu\u00e9 h\u00e9roes y villanos regresan al MCU\"><strong>Universo Cinematogr\u00e1fico de Marvel (UCM)<\/strong><\/a> tras \u00a0<strong><em>Avengers: Secret Wars<\/em><\/strong>.<\/p>\n<p>La decisi\u00f3n incluye <strong>el recambio de actores<\/strong> para dos de sus personajes m\u00e1s emblem\u00e1ticos: <strong>Iron Man<\/strong> y <strong>Capit\u00e1n Am\u00e9rica<\/strong>. El objetivo es revitalizar la saga luego de a\u00f1os marcados por cr\u00edticas y fracasos.<\/p>\n<div class=\"inter_image image_horizontal\">\n<picture><source class=\"img-responsive\" type=\"image\/webp\" data-srcset=\"https:\/\/filesedc.com\/uploads\/image\/post\/2025\/07\/capitan-america-tony-stark-iron-man_300_200.webp 300w, https:\/\/filesedc.com\/uploads\/image\/post\/2025\/07\/capitan-america-tony-stark-iron-man_630_420.webp 630w, https:\/\/filesedc.com\/uploads\/image\/post\/2025\/07\/capitan-america-tony-stark-iron-man_760_507.webp 760w, https:\/\/filesedc.com\/uploads\/image\/post\/2025\/07\/capitan-america-tony-stark-iron-man_1200_800.webp 1200w, https:\/\/filesedc.com\/uploads\/image\/post\/2025\/07\/capitan-america-tony-stark-iron-man_1600_1067.webp 1600w, \"><img decoding=\"async\" src=\"https:\/\/derechadiario.com.ar\/filesedc\/uploads\/image\/post\/2025\/07\/capitan-america-tony-stark-iron-man_1200_800.webp\" class=\"img-responsive lazyload\" alt=\"Dos personajes de una pel\u00edcula de superh\u00e9roes est\u00e1n de pie en lo que parece ser un laboratorio tecnol\u00f3gico uno lleva un traje azul con una estrella plateada en el pecho y el otro viste una camiseta oscura\" title=\"Dos personajes de una pel\u00edcula de superh\u00e9roes est\u00e1n de pie en lo que parece ser un laboratorio tecnol\u00f3gico uno lleva un traje azul con una estrella plateada en el pecho y el otro viste una camiseta oscura\"><\/picture>\n<div>\n<span class=\"img_footer\">El estudio prepara un reinicio del Universo Cinematogr\u00e1fico de Marvel (UCM) <\/span>| <span class=\"img_author\">La Derecha Diario<\/span>\n<\/div>\n<\/div>\n<h2><strong>Un nuevo comienzo para el UCM<\/strong><\/h2>\n<p>Desde que termin\u00f3 la <strong>Saga del Infinito<\/strong> con <em>Avengers: Endgame<\/em>, Marvel viene intentando reorganizar su universo con resultados dispares.<\/p>\n<p>Feige afirm\u00f3 que el reinicio es necesario para que la franquicia vuelva a conectar con el p\u00fablico. Seg\u00fan explic\u00f3, <strong>la renovaci\u00f3n de personajes<\/strong> es una estrategia com\u00fan en otras sagas exitosas.<\/p>\n<aside class=\"are-you-interested-container-photo\"><\/aside>\n<h3><strong>\u00bfQui\u00e9nes reemplazan a Robert Downey Jr. y Chris Evans?<\/strong><\/h3>\n<p>Marvel todav\u00eda no revel\u00f3 qui\u00e9nes ser\u00e1n los nuevos int\u00e9rpretes, pero confirm\u00f3 que <strong>Robert Downey Jr.<\/strong> ya no volver\u00e1 como Iron Man. En su lugar, interpretar\u00e1 a <strong>Doctor Doom<\/strong> en pr\u00f3ximos proyectos.<\/p>\n<figure><img decoding=\"async\" src=\"https:\/\/derechadiario.com.ar\/filesedc\/uploads\/image\/post\/robert-downey-jr-doom_1200_800.webp\" class=\"img-responsive lazyload\" alt=\"Hombre con gafas oscuras y capa verde sosteniendo un micr\u00f3fono y una m\u00e1scara met\u00e1lica\" title=\"Hombre con gafas oscuras y capa verde sosteniendo un micr\u00f3fono y una m\u00e1scara met\u00e1lica\"><\/figure>\n<p>Por su parte, <strong>Chris Evans<\/strong> ya cerr\u00f3 su ciclo como Steve Rogers, por lo que tambi\u00e9n ser\u00e1 reemplazado para futuras entregas.<\/p>\n<h2><strong>Feige defiende el recast: \u201cSiempre fue as\u00ed\u201d<\/strong><\/h2>\n<p>Durante su entrevista con Deadline, Feige compar\u00f3 este cambio con otras franquicias populares: &#8220;Amy Pascal y David Heyman buscan un nuevo James Bond. David Corenswet hizo lo mismo con Superman y fue incre\u00edble&#8221;.<\/p>\n<aside class=\"whatsappChannelText\"><a href=\"https:\/\/whatsapp.com\/channel\/0029VagEjILGE56eKjedWF2U\" rel=\"nofollow\" title=\"WhatsApp Link\"><img alt=\"Logo de WhatsApp\" class=\"lazyload\" data-src=\"https:\/\/derechadiario.com.ar\/filesedc\/uploads\/other\/whatsapp_icon_mid_article.png\" width=\"32\" height=\"32\"><\/a> <a href=\"https:\/\/whatsapp.com\/channel\/0029VagEjILGE56eKjedWF2U\" rel=\"nofollow\" title=\"WhatsApp Link\"><strong>NO SE PIERDAN NINGUNA NOTICIA<\/strong>: Click aqu\u00ed para sumarte <strong>GRATIS<\/strong> al canal de noticias de <strong>La Derecha Diario en WhatsApp.<\/strong><\/a><\/aside>\n<p>El jefe de Marvel sostiene que renovar los rostros no implica dejar atr\u00e1s a los personajes, sino encontrar nuevas formas de seguir cont\u00e1ndolos.<\/p>\n<figure><img decoding=\"async\" src=\"https:\/\/derechadiario.com.ar\/filesedc\/uploads\/image\/post\/2025\/07\/kevin-feige_1200_800.webp\" class=\"img-responsive lazyload\" alt=\"Hombre con gorra y micr\u00f3fono hablando frente a un fondo rojo\" title=\"Hombre con gorra y micr\u00f3fono hablando frente a un fondo rojo\"><\/figure>\n<h2><strong>&#8216;Secret Wars&#8217; dar\u00e1 paso a una nueva etapa<\/strong><\/h2>\n<p><strong>Avengers: Secret Wars<\/strong> se estrena en diciembre de 2027 y ser\u00e1 el evento que d\u00e9 cierre a la <strong>Saga del Multiverso<\/strong>.<\/p>\n<p>Esta pel\u00edcula marcar\u00e1 el fin del arco de Kang, interpretado por Jonathan Majors, y abrir\u00e1 la puerta a una nueva fase centrada en los <strong>mutantes<\/strong> y nuevas tramas.<\/p>\n","protected":false},"excerpt":{"rendered":"<p>Kevin Feige, presidente de Marvel Studios, confirm\u00f3 que el estudio prepara un reinicio del Universo Cinematogr\u00e1fico de Marvel (UCM) tras \u00a0Avengers: Secret Wars. La decisi\u00f3n incluye el recambio de actores para dos de sus personajes m\u00e1s emblem\u00e1ticos: Iron Man y Capit\u00e1n Am\u00e9rica. El objetivo es revitalizar la saga luego de a\u00f1os marcados por cr\u00edticas y [&hellip;]<\/p>\n","protected":false},"author":2,"featured_media":11683,"comment_status":"open","ping_status":"open","sticky":false,"template":"","format":"standard","meta":{"_et_pb_use_builder":"","_et_pb_old_content":"","_et_gb_content_width":"","footnotes":""},"categories":[84],"tags":[],"class_list":["post-11682","post","type-post","status-publish","format-standard","has-post-thumbnail","hentry","category-ultimomomento"],"_links":{"self":[{"href":"https:\/\/verdadincomodadiario.ar\/index.php?rest_route=\/wp\/v2\/posts\/11682","targetHints":{"allow":["GET"]}}],"collection":[{"href":"https:\/\/verdadincomodadiario.ar\/index.php?rest_route=\/wp\/v2\/posts"}],"about":[{"href":"https:\/\/verdadincomodadiario.ar\/index.php?rest_route=\/wp\/v2\/types\/post"}],"author":[{"embeddable":true,"href":"https:\/\/verdadincomodadiario.ar\/index.php?rest_route=\/wp\/v2\/users\/2"}],"replies":[{"embeddable":true,"href":"https:\/\/verdadincomodadiario.ar\/index.php?rest_route=%2Fwp%2Fv2%2Fcomments&post=11682"}],"version-history":[{"count":0,"href":"https:\/\/verdadincomodadiario.ar\/index.php?rest_route=\/wp\/v2\/posts\/11682\/revisions"}],"wp:featuredmedia":[{"embeddable":true,"href":"https:\/\/verdadincomodadiario.ar\/index.php?rest_route=\/wp\/v2\/media\/11683"}],"wp:attachment":[{"href":"https:\/\/verdadincomodadiario.ar\/index.php?rest_route=%2Fwp%2Fv2%2Fmedia&parent=11682"}],"wp:term":[{"taxonomy":"category","embeddable":true,"href":"https:\/\/verdadincomodadiario.ar\/index.php?rest_route=%2Fwp%2Fv2%2Fcategories&post=11682"},{"taxonomy":"post_tag","embeddable":true,"href":"https:\/\/verdadincomodadiario.ar\/index.php?rest_route=%2Fwp%2Fv2%2Ftags&post=11682"}],"curies":[{"name":"wp","href":"https:\/\/api.w.org\/{rel}","templated":true}]}}